{"id":102,"date":"2013-01-23T11:24:55","date_gmt":"2013-01-23T16:24:55","guid":{"rendered":"http:\/\/maroc-canada.ca\/?p=102"},"modified":"2013-03-25T18:38:55","modified_gmt":"2013-03-25T22:38:55","slug":"afrique-subsaharienne-deboires-de-la-diplomatie-algerienne","status":"publish","type":"post","link":"https:\/\/maroc-canada.ca\/?p=102","title":{"rendered":"AFRIQUE SUBSAHARIENNE : DEBOIRES DE LA DIPLOMATIE ALGERIENNE ?"},"content":{"rendered":"<p><strong><span style=\"font-family: 'PrimaSans BT,Verdana,sans-serif';\"><i>\u00a0Par Belhaloumi Abdelrhani<\/i><\/span> <\/strong><\/p>\n<p><strong><a href=\"http:\/\/maroc-canada.ca\/?attachment_id=104\" rel=\"attachment wp-att-104\"><img loading=\"lazy\" decoding=\"async\" class=\"size-medium wp-image-104 alignleft\" alt=\"photo\" src=\"http:\/\/maroc-canada.ca\/wp-content\/uploads\/2013\/01\/photo-225x300.jpg\" width=\"225\" height=\"300\" srcset=\"https:\/\/maroc-canada.ca\/wp-content\/uploads\/2013\/01\/photo-225x300.jpg 225w, https:\/\/maroc-canada.ca\/wp-content\/uploads\/2013\/01\/photo-768x1024.jpg 768w\" sizes=\"auto, (max-width: 225px) 100vw, 225px\" \/><\/a>D\u00e9crypter la diplomatie alg\u00e9rienne, n\u00e9cessite que l?&rsquo;on \u00a0passe par la France. Cette derni\u00e8re a une diplomatie bilat\u00e9rale en Afrique, \u00a0pragmatique, dont le principal objectif est d?assurer la stabilit\u00e9 politique int\u00e9rieure de ses anciennes colonies pour pr\u00e9server les int\u00e9r\u00eats nationaux de la France.<\/strong><\/p>\n<p>Autrement dit, l?&rsquo;Afrique est \u00e0 la fois pour la France une zone\u00a0 riche sous influence, du moins avant l?&rsquo;arriv\u00e9e de Chinois sur le continent africain,\u00a0 et une zone \u00e0 aider \u00e9conomiquement, ce qui explique parfois l&rsquo;?ambigu\u00eft\u00e9 des rapports. C&rsquo;?est pourquoi, par exemple, la France \u00a0n&rsquo;?intervient pas au Kivu (ou le tr\u00e9sor des Grands Lacs)\u00a0, ses int\u00e9r\u00eats \u00e9tant garantis . La guerre au Kivu avec \u00a0ses 13 groupes arm\u00e9s, son cort\u00e8ge de souffrances, ses victimes civiles, ses cohortes de r\u00e9fugi\u00e9s, sa confusion militaire et la passivit\u00e9 de la mission des Nations Unies pour le Congo (MONUC), n?est m\u00eame pas abord\u00e9e par la presse dans le monde\u00a0 Au Mali, c?&rsquo;est diff\u00e9rent. Et donc, en impliquant \u00a0l?&rsquo;Alg\u00e9rie dans le bourbier malien,\u00a0 la France \u00a0compense son \u00e9chec en Tunisie, en Libye et en \u00c9gypte lors des r\u00e9volutions r\u00e9centes.<\/p>\n<p>Quant \u00e0 l?&rsquo;Alg\u00e9rie, on peut r\u00e9sumer sa diplomatie en un seul \u00a0mot\u00a0: l?&rsquo;\u00e9chec.\u00a0 Elle\u00a0 a mis fin\u00a0 en d\u00e9cembre 2012 aux discussions\u00a0 avec le Mouvement national pour la lib\u00e9ration de l&rsquo;?Azawad \u00a0( proche de la France),\u00a0 et Ansar-Dine, suite \u00e0 la visite du Pr\u00e9sident fran\u00e7ais en Alg\u00e9rie<\/p>\n<p>Ensuite, la France a dissuad\u00e9 la Mauritanie et le Burkina Faso de pr\u00eater main forte \u00e0 l?&rsquo;Alg\u00e9rie pour faciliter les n\u00e9gociations avec les groupes arm\u00e9s. La France aurait m\u00eame pes\u00e9 sur la d\u00e9signation\u00a0 de\u00a0 Romano Prodi comme \u00e9missaire des Nations unies pour le Sahel. Cet \u00e9missaire qui a d\u00e8s le d\u00e9part \u00e9voqu\u00e9 une intervention\u00a0 militaire en septembre 2013, et ne s?&rsquo;est\u00a0 pas rendu au\u00a0 Mali une seule fois,. Dr\u00f4le d?\u00e9missaire, non\u00a0?<\/p>\n<p>L?\u00e9chec le plus cuisant est celui de voir l&rsquo;?Alg\u00e9rie renoncer au principe de non-ing\u00e9rence \u00a0chez ses voisins. Principe que l?&rsquo;Alg\u00e9rie a mis en avant pour justifier ses positions lors des r\u00e9volutions dans les pays voisins. L?&rsquo;Alg\u00e9rie a, pour rappel, viol\u00e9 ce principe depuis 1974 en s?&rsquo;immis\u00e7ant dans le dossier du Sahara marocain.\u00a0 Alors que lors des n\u00e9gociations d&rsquo;?<a title=\"\u00c9vian\" href=\"http:\/\/fr.wikipedia.org\/wiki\/%C3%89vian\" target=\"1\">\u00c9vian<\/a>, quand \u00a0<a title=\"Charles de Gaulle\" href=\"http:\/\/fr.wikipedia.org\/wiki\/Charles_de_Gaulle\" target=\"1\">De Gaulle<\/a> affichait sa volont\u00e9 de garder le <a title=\"Sahara\" href=\"http:\/\/fr.wikipedia.org\/wiki\/Sahara\" target=\"1\">Sahara<\/a> sous contr\u00f4le fran\u00e7ais,\u00a0 les Marocains qui accueillaient\u00a0\u00a0 les r\u00e9sistants alg\u00e9riens\u00a0 sur leur sol avaient\u00a0 refus\u00e9 le partage de l&rsquo;Alg\u00e9rie. Et donc, dans le dossier\u00a0 malien, l?&rsquo;Alg\u00e9rie a conc\u00e9d\u00e9 \u00e0 la France \u00a0le survol de son territoire par les Rafale fran\u00e7ais ( en contradiction avec le d\u00e9cret ex\u00e9cutif n\u00b010-199 du 30 ao\u00fbt 2010 qui stipule que la demande de survol du territoire national doit \u00eatre introduite au minimum 21 jours avant la date du survol) , le soutien en mati\u00e8re de renseignements, et la fermeture des fronti\u00e8res pour emp\u00eacher \u00a0le repli des \u00a0terroristes \u00a0en Alg\u00e9rie. Une fermeture qui s?est av\u00e9r\u00e9e\u00a0 juste th\u00e9orique. La France a \u00a0en effet gagn\u00e9 du temps, vu les \u00e9lections pr\u00e9sidentielles incertaines\u00a0 en Alg\u00e9rie en 2014. \u00a0Et ceci a mis au grand jour la limite de la politique s\u00e9curitaire \u00a0et l?opacit\u00e9 qui l?entoure en Alg\u00e9rie\u00a0; \u00a0et a mis le doigt sur l?incapacit\u00e9 des services de renseignements alg\u00e9riens \u00e0 anticiper une attaque terroriste sur leur territoire.<\/p>\n<p>On voit que l?&rsquo;Alg\u00e9rie concentre inutilement des forces le long du Sahara marocain et autour du camp de Tindouf, alors que la priorit\u00e9 devrait \u00eatre ailleurs, exemple\u00a0: construire un Grand Maghreb, s\u00e9curiser la fronti\u00e8re avec la Libye, renforcer la s\u00e9curit\u00e9 d?In Aminas et du gisement p\u00e9trolier de Hassi Messaoud (et son bidonville appel\u00e9 la B\u00eate \u00ab\u00a0?al haycha?\u00a0\u00bb).<\/p>\n<p>Sur le plan \u00e9conomique par contre, on apprend que \u00a0British Petrolum \u00a0pourrait abandonner le projet gazier d?&rsquo;Areg, pr\u00e8s de Tamanrasset. Par contre Statoil n&rsquo;?a encore rien dit. C&rsquo;?est en fait une soci\u00e9t\u00e9 internationale d?&rsquo;\u00e9nergie bas\u00e9e en Norv\u00e8ge. L?&rsquo;un des premiers fournisseurs de gaz naturel du march\u00e9 fran\u00e7ais. C?est une soci\u00e9t\u00e9 sp\u00e9cialis\u00e9e dans le secteur de la g\u00e9n\u00e9ration \u00e9lectrique \u00e0 partir du gaz naturel.<\/p>\n<p>Et pour conclure, j?esp\u00e8re que\u00a0 la Tribunal\u00a0 P\u00e9nal international\u00a0 s?interrogera\u00a0 sur le sort des r\u00e9fugi\u00e9s maliens\u00a0 qui viennent gonfler les rangs des d\u00e9plac\u00e9s environnementaux en Mauritanie. Et que la paix r\u00e8gne \u00a0en Afrique \u00a0et dans le monde..<\/p>\n","protected":false},"excerpt":{"rendered":"<p>\u00a0Par Belhaloumi Abdelrhani D\u00e9crypter la diplomatie alg\u00e9rienne, n\u00e9cessite que l?&rsquo;on \u00a0passe par la France. Cette derni\u00e8re a une diplomatie bilat\u00e9rale en Afrique, \u00a0pragmatique, dont le principal objectif est d?assurer la stabilit\u00e9 politique int\u00e9rieure de ses anciennes colonies pour pr\u00e9server les int\u00e9r\u00eats nationaux de la France. Autrement dit, l?&rsquo;Afrique est \u00e0 la fois pour la France [&hellip;]<\/p>\n","protected":false},"author":1,"featured_media":104,"comment_status":"closed","ping_status":"open","sticky":false,"template":"","format":"standard","meta":{"footnotes":""},"categories":[6,13],"tags":[],"class_list":["post-102","post","type-post","status-publish","format-standard","has-post-thumbnail","hentry","category-maghreb","category-tribune-libre"],"_links":{"self":[{"href":"https:\/\/maroc-canada.ca\/index.php?rest_route=\/wp\/v2\/posts\/102","targetHints":{"allow":["GET"]}}],"collection":[{"href":"https:\/\/maroc-canada.ca\/index.php?rest_route=\/wp\/v2\/posts"}],"about":[{"href":"https:\/\/maroc-canada.ca\/index.php?rest_route=\/wp\/v2\/types\/post"}],"author":[{"embeddable":true,"href":"https:\/\/maroc-canada.ca\/index.php?rest_route=\/wp\/v2\/users\/1"}],"replies":[{"embeddable":true,"href":"https:\/\/maroc-canada.ca\/index.php?rest_route=%2Fwp%2Fv2%2Fcomments&post=102"}],"version-history":[{"count":4,"href":"https:\/\/maroc-canada.ca\/index.php?rest_route=\/wp\/v2\/posts\/102\/revisions"}],"predecessor-version":[{"id":107,"href":"https:\/\/maroc-canada.ca\/index.php?rest_route=\/wp\/v2\/posts\/102\/revisions\/107"}],"wp:featuredmedia":[{"embeddable":true,"href":"https:\/\/maroc-canada.ca\/index.php?rest_route=\/wp\/v2\/media\/104"}],"wp:attachment":[{"href":"https:\/\/maroc-canada.ca\/index.php?rest_route=%2Fwp%2Fv2%2Fmedia&parent=102"}],"wp:term":[{"taxonomy":"category","embeddable":true,"href":"https:\/\/maroc-canada.ca\/index.php?rest_route=%2Fwp%2Fv2%2Fcategories&post=102"},{"taxonomy":"post_tag","embeddable":true,"href":"https:\/\/maroc-canada.ca\/index.php?rest_route=%2Fwp%2Fv2%2Ftags&post=102"}],"curies":[{"name":"wp","href":"https:\/\/api.w.org\/{rel}","templated":true}]}}