{"id":1049,"date":"2013-08-14T17:56:20","date_gmt":"2013-08-14T21:56:20","guid":{"rendered":"http:\/\/maroc-canada.ca\/?p=1049"},"modified":"2013-08-14T18:06:43","modified_gmt":"2013-08-14T22:06:43","slug":"les-medecins-formes-a-letranger-toujours-victimes-de-discrimination","status":"publish","type":"post","link":"https:\/\/maroc-canada.ca\/?p=1049","title":{"rendered":"Canada \/ Qu\u00e9bec : Les m\u00e9decins form\u00e9s \u00e0 l&rsquo;\u00e9tranger toujours victimes de discrimination"},"content":{"rendered":"<div id=\"content_wrapper\">\n<div class=\"top_content\" id=\"ReleaseContent\">\n<div class=\"content\" id=\"ReleaseContent\">\n<h3><a href=\"http:\/\/maroc-canada.ca\/?attachment_id=1050\" rel=\"attachment wp-att-1050\"><img loading=\"lazy\" decoding=\"async\" class=\" wp-image-1050 alignleft\" alt=\"MEDECINE\" src=\"http:\/\/maroc-canada.ca\/wp-content\/uploads\/2013\/08\/MEDECINE.jpg\" width=\"293\" height=\"368\" srcset=\"https:\/\/maroc-canada.ca\/wp-content\/uploads\/2013\/08\/MEDECINE.jpg 489w, https:\/\/maroc-canada.ca\/wp-content\/uploads\/2013\/08\/MEDECINE-239x300.jpg 239w, https:\/\/maroc-canada.ca\/wp-content\/uploads\/2013\/08\/MEDECINE-119x150.jpg 119w\" sizes=\"auto, (max-width: 293px) 100vw, 293px\" \/><\/a>MONTR\u00c9AL, le 14 ao\u00fbt 2013 \/CNW Telbec\/ &#8211; La Commission des droits de la personne et des droits de la jeunesse s&rsquo;inqui\u00e8te du fait que les facult\u00e9s de m\u00e9decine du Qu\u00e9bec continuent de refuser aux m\u00e9decins form\u00e9s \u00e0 l&rsquo;\u00e9tranger l&rsquo;acc\u00e8s \u00e0 la r\u00e9sidence, m\u00eame lorsque ceux-ci r\u00e9ussissent le stage de mise \u00e0 niveau offert par le Centre d&rsquo;\u00e9valuation des dipl\u00f4m\u00e9s internationaux en sant\u00e9 (C\u00c9DIS).<\/h3>\n<p>En effet, seulement huit des 16 candidats qui ont r\u00e9ussi le stage du C\u00c9DIS ont obtenu une place dans une facult\u00e9 de m\u00e9decine cette ann\u00e9e, alors que les quatre facult\u00e9s de m\u00e9decine ont laiss\u00e9 74 postes vacants, dont 42 en m\u00e9decine familiale, une discipline pourtant jug\u00e9e prioritaire alors que le Qu\u00e9bec conna\u00eet toujours une p\u00e9nurie d&rsquo;omnipraticiens.<\/p>\n<p>Dans une lettre adress\u00e9e le 5 ao\u00fbt 2013, au ministre de la Sant\u00e9 et des Services sociaux du Qu\u00e9bec, le Dr R\u00e9jean H\u00e9bert, le pr\u00e9sident de la Commission, monsieur Ga\u00e9tan Cousineau, pr\u00e9cise \u00ab\u00a0qu&rsquo;un certain nombre de pr\u00e9jug\u00e9s et d&rsquo;attitudes d\u00e9favorables \u00e0 l&rsquo;\u00e9gard des m\u00e9decins form\u00e9s \u00e0 l&rsquo;\u00e9tranger persistent dans les facult\u00e9s de m\u00e9decine qu\u00e9b\u00e9coises reproduisant ainsi le cercle vicieux de la discrimination syst\u00e9mique dont sont victimes ces m\u00e9decins \u00bb.<\/p>\n<p>La Commission presse le ministre d&rsquo;intervenir aupr\u00e8s des facult\u00e9s de m\u00e9decine afin qu&rsquo;elles reconnaissent la valeur du processus d&rsquo;\u00e9valuation et d&rsquo;orientation d\u00e9velopp\u00e9 par le C\u00c9DIS et qu&rsquo;elles garantissent une place pour les candidats qui r\u00e9ussissent le stage de mise \u00e0 niveau, comme c&rsquo;est le cas en Ontario et en Colombie-Britannique.<\/p>\n<p>Au mois de novembre 2010, la Commission avait rendu public les conclusions d&rsquo;une vaste enqu\u00eate syst\u00e9mique qui a d\u00e9montr\u00e9 qu&rsquo;\u00e0 toutes les \u00e9tapes du processus de s\u00e9lection, les m\u00e9decins form\u00e9s \u00e0 l&rsquo;\u00e9tranger rencontrent des obstacles qui les d\u00e9savantagent de fa\u00e7on disproportionn\u00e9e et qui contribuent \u00e0 leur exclusion des quatre facult\u00e9s de m\u00e9decine du Qu\u00e9bec. La Commission avait notamment recommand\u00e9 la mise en place de mesures et de programmes visant une meilleure int\u00e9gration de ces m\u00e9decins au syst\u00e8me menant \u00e0 l&rsquo;obtention du permis d&rsquo;exercice.<\/p>\n<p>Dans la foul\u00e9e de son enqu\u00eate syst\u00e9mique, la Commission a engag\u00e9 le dialogue avec les principaux intervenants, dont le Coll\u00e8ge des m\u00e9decins du Qu\u00e9bec (CMQ), la Conf\u00e9rence des recteurs et des principaux des universit\u00e9s du Qu\u00e9bec (CR\u00c9PUQ), le MSSS et les responsables du C\u00c9DIS afin de contribuer activement \u00e0 la recherche de solutions pour mettre fin \u00e0 la discrimination \u00e0 l&rsquo;\u00e9gard des m\u00e9decins form\u00e9s \u00e0 l&rsquo;\u00e9tranger.<\/p>\n<p>Dans sa lettre au ministre, monsieur Cousineau rappelle que la Commission avait accueilli avec enthousiasme la d\u00e9cision du MSSS de mettre en place le C\u00c9DIS qui, depuis 2011, a permis de prodiguer une formation de qualit\u00e9 \u00e0 plusieurs candidats form\u00e9s \u00e0 l&rsquo;\u00e9tranger dont le dossier avait \u00e9t\u00e9 rejet\u00e9 par les facult\u00e9s de m\u00e9decine qu\u00e9b\u00e9coises, mais dont le potentiel de r\u00e9ussite s&rsquo;\u00e9tait av\u00e9r\u00e9 important \u00e0 la suite de l&rsquo;\u00e9valuation. En 2012, neuf des 12 candidats ayant r\u00e9ussi le stage avaient obtenu une place en r\u00e9sidence mais en 2013 seulement la moiti\u00e9 des candidats ont \u00e9t\u00e9 retenus.<\/p>\n<p>\u00ab\u00a0Cette formation aurait d\u00fb permettre aux candidats qui l&rsquo;ont suivi et r\u00e9ussi de r\u00e9pondre aux exigences des facult\u00e9s de m\u00e9decine et, th\u00e9oriquement, de lever les appr\u00e9hensions de ces derni\u00e8res \u00e0 leur \u00e9gard. La r\u00e9alit\u00e9 que nous observons actuellement est cependant totalement autre\u00a0\u00bb, explique le pr\u00e9sident de la Commission en soulignant que les facult\u00e9s de m\u00e9decine semblent questionner la valeur du programme et boudent une part importante des candidats qui r\u00e9ussissent ce stage.<\/p>\n<p>La Commission \u00e9value \u00e0 plus de 300 le nombre de places laiss\u00e9es vacantes depuis quatre ans dans les facult\u00e9s de m\u00e9decine, la plupart en m\u00e9decine familiale, ce qui est difficilement concevable d&rsquo;autant plus que ces places sont financ\u00e9es \u00e0 m\u00eame les deniers publics, tout comme le C\u00c9DIS, dont le budget d\u00e9passe 2 millions $ cette ann\u00e9e.<\/p>\n<p>La Commission a demand\u00e9 une rencontre avec le ministre H\u00e9bert afin d&rsquo;explorer avec lui les pistes de solutions pour permettre aux m\u00e9decins form\u00e9s \u00e0 l&rsquo;\u00e9tranger d&rsquo;exercer leur droit \u00e0 l&rsquo;\u00e9galit\u00e9 sans discrimination.<\/p>\n<p>Source<b>\u00a0:<\/b> Commission des droits de la personne et des droits de la jeunesse<\/p>\n<\/div>\n<\/div>\n<\/div>\n","protected":false},"excerpt":{"rendered":"<p>MONTR\u00c9AL, le 14 ao\u00fbt 2013 \/CNW Telbec\/ &#8211; La Commission des droits de la personne et des droits de la jeunesse s&rsquo;inqui\u00e8te du fait que les facult\u00e9s de m\u00e9decine du Qu\u00e9bec continuent de refuser aux m\u00e9decins form\u00e9s \u00e0 l&rsquo;\u00e9tranger l&rsquo;acc\u00e8s \u00e0 la r\u00e9sidence, m\u00eame lorsque ceux-ci r\u00e9ussissent le stage de mise \u00e0 niveau offert par [&hellip;]<\/p>\n","protected":false},"author":1,"featured_media":1050,"comment_status":"closed","ping_status":"open","sticky":false,"template":"","format":"standard","meta":{"footnotes":""},"categories":[4,5],"tags":[38,76,156,119],"class_list":["post-1049","post","type-post","status-publish","format-standard","has-post-thumbnail","hentry","category-canada","category-immigration","tag-canada-2","tag-immigration-2","tag-medecins-etrangers","tag-quebec"],"_links":{"self":[{"href":"https:\/\/maroc-canada.ca\/index.php?rest_route=\/wp\/v2\/posts\/1049","targetHints":{"allow":["GET"]}}],"collection":[{"href":"https:\/\/maroc-canada.ca\/index.php?rest_route=\/wp\/v2\/posts"}],"about":[{"href":"https:\/\/maroc-canada.ca\/index.php?rest_route=\/wp\/v2\/types\/post"}],"author":[{"embeddable":true,"href":"https:\/\/maroc-canada.ca\/index.php?rest_route=\/wp\/v2\/users\/1"}],"replies":[{"embeddable":true,"href":"https:\/\/maroc-canada.ca\/index.php?rest_route=%2Fwp%2Fv2%2Fcomments&post=1049"}],"version-history":[{"count":4,"href":"https:\/\/maroc-canada.ca\/index.php?rest_route=\/wp\/v2\/posts\/1049\/revisions"}],"predecessor-version":[{"id":1054,"href":"https:\/\/maroc-canada.ca\/index.php?rest_route=\/wp\/v2\/posts\/1049\/revisions\/1054"}],"wp:featuredmedia":[{"embeddable":true,"href":"https:\/\/maroc-canada.ca\/index.php?rest_route=\/wp\/v2\/media\/1050"}],"wp:attachment":[{"href":"https:\/\/maroc-canada.ca\/index.php?rest_route=%2Fwp%2Fv2%2Fmedia&parent=1049"}],"wp:term":[{"taxonomy":"category","embeddable":true,"href":"https:\/\/maroc-canada.ca\/index.php?rest_route=%2Fwp%2Fv2%2Fcategories&post=1049"},{"taxonomy":"post_tag","embeddable":true,"href":"https:\/\/maroc-canada.ca\/index.php?rest_route=%2Fwp%2Fv2%2Ftags&post=1049"}],"curies":[{"name":"wp","href":"https:\/\/api.w.org\/{rel}","templated":true}]}}