{"id":1065,"date":"2013-08-23T13:09:42","date_gmt":"2013-08-23T17:09:42","guid":{"rendered":"http:\/\/maghreb-canada.ca\/?p=1065"},"modified":"2013-08-23T13:09:43","modified_gmt":"2013-08-23T17:09:43","slug":"le-congres-maghrebin-au-quebec-denonce-les-propos-racistes-du-chroniqueur-michel-beaudry-dans-le-journal-de-montreal","status":"publish","type":"post","link":"https:\/\/maroc-canada.ca\/?p=1065","title":{"rendered":"Le Congr\u00e8s Maghr\u00e9bin au Qu\u00e9bec d\u00e9nonce les propos racistes du chroniqueur Michel Beaudry dans le Journal de Montr\u00e9al"},"content":{"rendered":"<p>MONTR\u00c9AL, le 23 ao\u00fbt 2013 \/CNW Telbec\/ &#8211; Le Journal de Montr\u00e9al a publi\u00e9, le 21 ao\u00fbt 2013, une chronique sous la plume de <span class=\"xn-person\">Michel Beaudry<\/span> intitul\u00e9e \u00ab Y a toujours un boutte \u00bb dans laquelle l&rsquo;auteur affirme : \u00ab Oui, les plus gossants sont les musulmans parce qu&rsquo;on voit ce qu&rsquo;ils font ailleurs et on ne veut pas de \u00e7a ici. Trop d&rsquo;int\u00e9gristes, ils carburent \u00e0 la haine et maltraitent leurs semblables. \u00bb<\/p>\n<div class=\"content\" id=\"ReleaseContent\">\n<p align=\"justify\">Cette attaque envers la communaut\u00e9 musulmane au Qu\u00e9bec ne peut \u00eatre tol\u00e9r\u00e9e dans une soci\u00e9t\u00e9 libre et d\u00e9mocratique. Ces propos haineux sont blessants et discriminatoires et vont \u00e0 l&rsquo;encontre des valeurs qu\u00e9b\u00e9coises de respect et de tol\u00e9rance.<\/p>\n<p align=\"justify\">\u00ab\u00a0 Il est scandaleux de voir le Journal de Montr\u00e9al cautionner ces propos racistes. La publication de ce genre de commentaires n&rsquo;a pas sa place dans notre soci\u00e9t\u00e9 et il est du devoir de tout un chacun de d\u00e9noncer ces propos haineux \u00bb a affirm\u00e9 Monsef Derraji, le pr\u00e9sident et cofondateur du Congr\u00e8s Maghr\u00e9bin au Qu\u00e9bec.<\/p>\n<p align=\"justify\">Le CMQ demande au Journal de Montr\u00e9al et \u00e0 <span class=\"xn-person\">Michel Beaudry de<\/span> retirer ces propos et de pr\u00e9senter leurs excuses aux membres de la communaut\u00e9 musulmane dans les plus brefs d\u00e9lais.<\/p>\n<p align=\"justify\">Le CMQ lance \u00e9galement un appel aux leaders communautaires et religieux, aux femmes et hommes politiques, tous partis confondus et aux Qu\u00e9b\u00e9cois(es) pour d\u00e9noncer fermement et clairement ce genre de d\u00e9rapage, \u00ab que nous jugeons contre-productif et allant \u00e0 l&rsquo;encontre de la coh\u00e9sion sociale et du bon vivre collectif auquel nous aspirons toutes et tous \u00bb, conclut\u00a0M. Derraji.<\/p>\n<p align=\"justify\"><b>\u00c0 propos du Congr\u00e8s Maghr\u00e9bin Au Qu\u00e9bec<\/b><\/p>\n<p align=\"justify\">Le CMQ a \u00e9t\u00e9 fond\u00e9 en avril 2009 par un groupe de professionnels qu\u00e9b\u00e9cois d&rsquo;origine maghr\u00e9bine, d\u00e9sireux de cr\u00e9er un lieu d&rsquo;\u00e9change, de d\u00e9bat et de rencontres fructueuses dans leur communaut\u00e9 afin de faciliter leur int\u00e9gration au Qu\u00e9bec. Organisme \u00e0 but non lucratif bas\u00e9 \u00e0 Montr\u00e9al, le CMQ contribue au pluralisme culturel dans le respect des valeurs communes. Veuillez consulter <a href=\"http:\/\/www.congresmaghrebins.ca\/\" target=\"_blank\" rel=\"nofollow\">www.congresmaghrebins.ca <\/a><\/p>\n<p>SOURCE Congr\u00e8s Maghr\u00e9bin au Qu\u00e9bec<\/p>\n<p><img decoding=\"async\" style=\"border: 0px; width: 1px; height: 1px;\" alt=\"\" src=\"http:\/\/rt.newswire.ca\/rt.gif?NewsItemId=C7798&amp;Transmission_Id=201308230600CANADANWCANADAPF_C7798&amp;DateId=20130823\" \/> Renseignements :&nbsp;<\/p>\n<p>Monsef Derraji, pr\u00e9sident et cofondateur du CMQ. 514 746-9267<\/p>\n<\/div>\n","protected":false},"excerpt":{"rendered":"<p>MONTR\u00c9AL, le 23 ao\u00fbt 2013 \/CNW Telbec\/ &#8211; Le Journal de Montr\u00e9al a publi\u00e9, le 21 ao\u00fbt 2013, une chronique sous la plume de Michel Beaudry intitul\u00e9e \u00ab Y a toujours un boutte \u00bb dans laquelle l&rsquo;auteur affirme : \u00ab Oui, les plus gossants sont les musulmans parce qu&rsquo;on voit ce qu&rsquo;ils font ailleurs et [&hellip;]<\/p>\n","protected":false},"author":1,"featured_media":1066,"comment_status":"closed","ping_status":"open","sticky":false,"template":"","format":"standard","meta":{"footnotes":""},"categories":[4,5],"tags":[],"class_list":["post-1065","post","type-post","status-publish","format-standard","has-post-thumbnail","hentry","category-canada","category-immigration"],"_links":{"self":[{"href":"https:\/\/maroc-canada.ca\/index.php?rest_route=\/wp\/v2\/posts\/1065","targetHints":{"allow":["GET"]}}],"collection":[{"href":"https:\/\/maroc-canada.ca\/index.php?rest_route=\/wp\/v2\/posts"}],"about":[{"href":"https:\/\/maroc-canada.ca\/index.php?rest_route=\/wp\/v2\/types\/post"}],"author":[{"embeddable":true,"href":"https:\/\/maroc-canada.ca\/index.php?rest_route=\/wp\/v2\/users\/1"}],"replies":[{"embeddable":true,"href":"https:\/\/maroc-canada.ca\/index.php?rest_route=%2Fwp%2Fv2%2Fcomments&post=1065"}],"version-history":[{"count":1,"href":"https:\/\/maroc-canada.ca\/index.php?rest_route=\/wp\/v2\/posts\/1065\/revisions"}],"predecessor-version":[{"id":1067,"href":"https:\/\/maroc-canada.ca\/index.php?rest_route=\/wp\/v2\/posts\/1065\/revisions\/1067"}],"wp:featuredmedia":[{"embeddable":true,"href":"https:\/\/maroc-canada.ca\/index.php?rest_route=\/wp\/v2\/media\/1066"}],"wp:attachment":[{"href":"https:\/\/maroc-canada.ca\/index.php?rest_route=%2Fwp%2Fv2%2Fmedia&parent=1065"}],"wp:term":[{"taxonomy":"category","embeddable":true,"href":"https:\/\/maroc-canada.ca\/index.php?rest_route=%2Fwp%2Fv2%2Fcategories&post=1065"},{"taxonomy":"post_tag","embeddable":true,"href":"https:\/\/maroc-canada.ca\/index.php?rest_route=%2Fwp%2Fv2%2Ftags&post=1065"}],"curies":[{"name":"wp","href":"https:\/\/api.w.org\/{rel}","templated":true}]}}