{"id":1079,"date":"2013-08-30T10:59:15","date_gmt":"2013-08-30T14:59:15","guid":{"rendered":"http:\/\/maghreb-canada.ca\/?p=1079"},"modified":"2013-08-30T11:26:05","modified_gmt":"2013-08-30T15:26:05","slug":"le-2-septembre-a-montreal-les-services-qui-seront-assures-a-loccasion-de-la-fete-du-travail","status":"publish","type":"post","link":"https:\/\/maroc-canada.ca\/?p=1079","title":{"rendered":"Le 2 septembre \u00e0 Montr\u00e9al \/ Les Services qui seront assur\u00e9s \u00e0 l&rsquo;occasion de la f\u00eate du Travail"},"content":{"rendered":"<p><span style=\"font-size: medium;\"><a href=\"http:\/\/maghreb-canada.ca\/?attachment_id=428\" rel=\"attachment wp-att-428\"><img loading=\"lazy\" decoding=\"async\" class=\"size-medium wp-image-428 alignleft\" alt=\"Montreal 05 08 (6)\" src=\"http:\/\/maroc-canada.ca\/wp-content\/uploads\/2013\/02\/Montreal-05-08-6-300x156.jpg\" width=\"300\" height=\"156\" srcset=\"https:\/\/maroc-canada.ca\/wp-content\/uploads\/2013\/02\/Montreal-05-08-6-300x156.jpg 300w, https:\/\/maroc-canada.ca\/wp-content\/uploads\/2013\/02\/Montreal-05-08-6-250x130.jpg 250w, https:\/\/maroc-canada.ca\/wp-content\/uploads\/2013\/02\/Montreal-05-08-6.jpg 450w\" sizes=\"auto, (max-width: 300px) 100vw, 300px\" \/><\/a>MONTR\u00c9AL, le 30 ao\u00fbt 2013 &#8211; \u00c0 l&rsquo;occasion du cong\u00e9 de la f\u00eate du Travail, de nombreuses installations de la Ville de Montr\u00e9al continueront \u00e0 offrir leurs services et activit\u00e9s, alors que d&rsquo;autres modifieront leur horaire. Le lundi 2 septembre 2013, la plupart des bureaux de la Ville de Montr\u00e9al seront ferm\u00e9s, soit les bureaux d&rsquo;arrondissement et les bureaux Acc\u00e8s-Montr\u00e9al. Les citoyens peuvent n\u00e9anmoins consulter les sites Internet des arrondissements, via le site <\/span><a href=\"http:\/\/www.ville.montreal.qc.ca\/\"><span style=\"color: blue; font-size: medium;\"><span style=\"text-decoration: underline;\">ville.montreal.qc.ca<\/span><\/span><\/a><span style=\"font-size: medium;\"> ou contacter le 311 ou le 514 872-0311 pour obtenir des renseignements sur les services offerts. <\/span><\/p>\n<p><span style=\"font-size: medium;\"><b><span style=\"text-decoration: underline;\">Collecte de d\u00e9chets domestiques, des mati\u00e8res recyclables et des objets volumineux<\/span> <\/b><\/span><\/p>\n<p><span style=\"font-size: medium;\">Les diff\u00e9rentes collectes auront lieu selon l&rsquo;horaire r\u00e9gulier. <\/span><\/p>\n<p><span style=\"font-size: medium;\"><b><span style=\"text-decoration: underline;\">Les \u00e9cocentres<\/span> <\/b><\/span><\/p>\n<p><span style=\"font-size: medium;\">Les \u00e9cocentres seront ouverts selon l&rsquo;horaire r\u00e9gulier. Pour obtenir des renseignements sur les \u00e9cocentres, les citoyens peuvent consulter la section Environnement du site Internet de la Ville de Montr\u00e9al. <\/span><\/p>\n<p><span style=\"font-size: medium;\"><b><span style=\"text-decoration: underline;\">Installations sportives et culturelles<\/span> <\/b><\/span><\/p>\n<p><span style=\"font-size: medium;\">Les ar\u00e9nas, piscines, centres sportifs, biblioth\u00e8ques et \u00a0lieux de diffusion culturelle ont un horaire vari\u00e9 selon les arrondissements. Les citoyens sont invit\u00e9s \u00e0 communiquer directement avec le personnel de ces installations avant de se rendre sur place ou \u00e0 en v\u00e9rifier l&rsquo;horaire via Internet. <\/span><\/p>\n<p><span style=\"font-size: medium;\">Le Complexe sportif Claude-Robillard sera ferm\u00e9, \u00e0 l&rsquo;exception du terrain de tennis ext\u00e9rieur. Renseignements : 514 872-6900. <\/span><\/p>\n<p><span style=\"font-size: medium;\">Pointe-\u00e0-Calli\u00e8re, mus\u00e9e d&rsquo;arch\u00e9ologie et d&rsquo;histoire de Montr\u00e9al, sera ouvert de 10 h \u00a0\u00e0 17 h. Renseignements : 514 872-9150 <\/span><\/p>\n<p><span style=\"font-size: medium;\"><b><span style=\"text-decoration: underline;\">Espace pour la vie<\/span> <\/b><\/span><\/p>\n<p><span style=\"font-size: medium;\">Le Biod\u00f4me sera ouvert selon l&rsquo;horaire habituel, soit de 9 h \u00e0 18 h. \u00a0T\u00e9l. : 514 868-3000 <\/span><\/p>\n<p><span style=\"font-size: medium;\">Le Jardin botanique, les serres d&rsquo;exposition et l&rsquo;exposition <i>Mosa\u00efcultures internationales <\/i>seront ouverts selon l&rsquo;horaire habituel, soit de 9 h \u00e0 18 h. T\u00e9l. : 514 872-1400. Pour \u00e9viter les lignes d&rsquo;attente pour les <i>Mosa\u00efcultures<\/i>, les visiteurs sont invit\u00e9s \u00e0 acheter leurs billets en ligne \u00e0 l&rsquo;adresse suivante : <\/span><a href=\"http:\/\/espacepourlavie.ca\/billetterie\"><span style=\"color: blue; font-size: medium;\"><span style=\"text-decoration: underline;\">espacepourlavie.ca\/billetterie<\/span><\/span><\/a><\/p>\n<p><span style=\"font-size: medium;\">L&rsquo;Insectarium sera ouvert selon l&rsquo;horaire habituel, soit de 9 h \u00e0 18 h. \u00a0T\u00e9l. : 514 872-1400 <\/span><\/p>\n<p><span style=\"font-size: medium;\">Pour plus d&rsquo;informations, consultez le site Internet <\/span><a href=\"http:\/\/www.espacepourlavie.ca\/\"><span style=\"color: blue; font-size: medium;\"><span style=\"text-decoration: underline;\">espacepourlavie.ca<\/span><\/span><\/a><\/p>\n<p><span style=\"font-size: medium;\"><b><span style=\"text-decoration: underline;\">Autres installations<\/span> <\/b><\/span><\/p>\n<p><span style=\"font-size: medium;\">La cour municipale, situ\u00e9e au 775, rue Gosford, ainsi que ses points de service seront ferm\u00e9s. Renseignements: 514 872-2964. <\/span><\/p>\n<p><span style=\"font-size: medium;\">Les march\u00e9s publics seront ouverts selon l&rsquo;horaire habituel soit de 8 h \u00e0 17 h. Renseignements : 514 937-7754. <\/span><\/p>\n<p><span style=\"font-size: medium;\">Le march\u00e9 Bonsecours (350, rue Saint-Paul Est) sera ouvert de 10 h \u00e0 21 h. Renseignements : 514 872-7730. <\/span><\/p>\n<p><span style=\"font-size: medium;\"><b><span style=\"text-decoration: underline;\">Stationnement<\/span> <\/b><\/span><\/p>\n<p><span style=\"font-size: medium;\">Rappelons que les bornes de paiement automatis\u00e9es demeurent payantes durant le cong\u00e9 de la f\u00eate du Travail et que les panneaux d&rsquo;interdiction de stationner doivent \u00e9galement \u00eatre respect\u00e9s en tout temps. <\/span><\/p>\n<p style=\"text-align: right;\"><em>Source : Ville de Montr\u00e9al<\/em><\/p>\n","protected":false},"excerpt":{"rendered":"<p>MONTR\u00c9AL, le 30 ao\u00fbt 2013 &#8211; \u00c0 l&rsquo;occasion du cong\u00e9 de la f\u00eate du Travail, de nombreuses installations de la Ville de Montr\u00e9al continueront \u00e0 offrir leurs services et activit\u00e9s, alors que d&rsquo;autres modifieront leur horaire. Le lundi 2 septembre 2013, la plupart des bureaux de la Ville de Montr\u00e9al seront ferm\u00e9s, soit les bureaux [&hellip;]<\/p>\n","protected":false},"author":1,"featured_media":109,"comment_status":"closed","ping_status":"open","sticky":false,"template":"","format":"standard","meta":{"footnotes":""},"categories":[4],"tags":[],"class_list":["post-1079","post","type-post","status-publish","format-standard","has-post-thumbnail","hentry","category-canada"],"_links":{"self":[{"href":"https:\/\/maroc-canada.ca\/index.php?rest_route=\/wp\/v2\/posts\/1079","targetHints":{"allow":["GET"]}}],"collection":[{"href":"https:\/\/maroc-canada.ca\/index.php?rest_route=\/wp\/v2\/posts"}],"about":[{"href":"https:\/\/maroc-canada.ca\/index.php?rest_route=\/wp\/v2\/types\/post"}],"author":[{"embeddable":true,"href":"https:\/\/maroc-canada.ca\/index.php?rest_route=\/wp\/v2\/users\/1"}],"replies":[{"embeddable":true,"href":"https:\/\/maroc-canada.ca\/index.php?rest_route=%2Fwp%2Fv2%2Fcomments&post=1079"}],"version-history":[{"count":4,"href":"https:\/\/maroc-canada.ca\/index.php?rest_route=\/wp\/v2\/posts\/1079\/revisions"}],"predecessor-version":[{"id":1083,"href":"https:\/\/maroc-canada.ca\/index.php?rest_route=\/wp\/v2\/posts\/1079\/revisions\/1083"}],"wp:featuredmedia":[{"embeddable":true,"href":"https:\/\/maroc-canada.ca\/index.php?rest_route=\/wp\/v2\/media\/109"}],"wp:attachment":[{"href":"https:\/\/maroc-canada.ca\/index.php?rest_route=%2Fwp%2Fv2%2Fmedia&parent=1079"}],"wp:term":[{"taxonomy":"category","embeddable":true,"href":"https:\/\/maroc-canada.ca\/index.php?rest_route=%2Fwp%2Fv2%2Fcategories&post=1079"},{"taxonomy":"post_tag","embeddable":true,"href":"https:\/\/maroc-canada.ca\/index.php?rest_route=%2Fwp%2Fv2%2Ftags&post=1079"}],"curies":[{"name":"wp","href":"https:\/\/api.w.org\/{rel}","templated":true}]}}