{"id":1115,"date":"2013-09-09T20:59:44","date_gmt":"2013-09-10T00:59:44","guid":{"rendered":"http:\/\/maghreb-canada.ca\/?p=1115"},"modified":"2013-09-09T21:02:03","modified_gmt":"2013-09-10T01:02:03","slug":"communique-gala-annuel-de-lassociation-pour-un-maroc-meilleur","status":"publish","type":"post","link":"https:\/\/maroc-canada.ca\/?p=1115","title":{"rendered":"Communiqu\u00e9 : Gala annuel de l&rsquo;Association \u00ab\u00a0Pour un Maroc Meilleur\u00a0\u00bb"},"content":{"rendered":"<h3 dir=\"ltr\">Le Vendredi 27 septembre 2013, l\u2019association Pour un Maroc Meilleur organise son gala annuel pour cl\u00f4turer ses activit\u00e9s de l\u2019ann\u00e9e 2012-2013 sous le th\u00e8me \u00ab C\u00e9l\u00e9bration de l\u2019\u00e9ducation \u00bb, \u00e0 partir de 19h \u00e0 la Salle de r\u00e9ception Le Carlton (8860, boulevard Langelier, Montr\u00e9al, Qu\u00e9bec).<\/h3>\n<p dir=\"ltr\">Une soir\u00e9e o\u00f9 les convives sont invit\u00e9s \u00e0 rev\u00eatir leurs plus beaux habits traditionnels pour le plaisir des yeux. Dans une atmosph\u00e8re digne des Mille et Une Nuits, l\u2019ambiance sera assur\u00e9e par l\u2019Orchestre Al Ouazzani qui revisitera les grands succ\u00e8s de la musique andalouse, marocaine, cha\u00e2bi &amp; a\u00efssawa. Vos papilles gustatives seront charm\u00e9es par la fine cuisine marocaine d\u00e9licatement pr\u00e9par\u00e9e par notre traiteur.<\/p>\n<p>Nous vous avons \u00e9galement concoct\u00e9 des surprises quant \u00e0 l\u2019ambiance, la musique et le th\u00e8me de notre soir\u00e9e. Et comme toute surprise, vous n\u2019en d\u00e9couvrirez l\u2019\u00e9tendue que lors de vos premiers pas dans la salle de r\u00e9ception !<\/p>\n<p>Les fonds r\u00e9unis lors de cet \u00e9v\u00e8nement serviront \u00e0 financer des projets en cours pour la scolarisation des enfants issus de familles d\u00e9munies dans des r\u00e9gions rurales du Maroc.<\/p>\n<p>Supportez cette noble cause par votre pr\u00e9sence tout en profitant d\u2019une soir\u00e9e haute en couleurs o\u00f9 les ma\u00eetres-mots sont la pers\u00e9v\u00e9rance scolaire, l\u2019espoir et l\u2019entraide vers un avenir meilleur et dont le s\u00e9same n\u2019est nulle autre que l\u2019\u00e9ducation. D\u00e9tente assur\u00e9e dans un cadre agr\u00e9able et chaleureux !<\/p>\n<p>Le prix du billet inclut le spectacle, le d\u00eener ainsi que les boissons douces :<\/p>\n<p>* 70 $ par personne<\/p>\n<p>* 65 $ par personne pour les groupes de 10.<\/p>\n<h2>BILLETTERIE :<\/h2>\n<p>&#8211; En ligne : Via le r\u00e9seau EventBrite au <strong><a href=\"http:\/\/pourunmarocmeilleur.us1.list-manage.com\/track\/click?u=a15bac97bb71644ce17c1adfd&amp;id=69083299b4&amp;e=443d829810\">http:\/\/galapmm2013.eventbrite.ca<\/a><\/strong><\/p>\n<p>-Par t\u00e9l\u00e9phone : 514 815-5451 \/ \u00a0514 651-4337 \/ 514 726-0399 \/ 514-690-2105<\/p>\n<p>Nos b\u00e9n\u00e9voles vous portent vos billets \u00e0 domicile, sans frais suppl\u00e9mentaires (Sourire en prime!)<\/p>\n<h2>SI VOUS SOUHAITEZ SPONSORISER CET \u00c9V\u00c9NEMENT:<\/h2>\n<p>&#8211; Courriel : <a href=\"mailto:info@PourUnMarocMeilleur.com\">info@PourUnMarocMeilleur.com<\/a><\/p>\n<p>&#8211; T\u00e9l\u00e9phone : 514 651-4337<\/p>\n<p>Pour celles ou ceux d\u2019entre vous qui ne peuvent assister \u00e0 cet \u00e9v\u00e9nement et qui souhaitent tout de m\u00eame nous t\u00e9moigner leur soutien, vous pouvez faire un don \u00e0 travers le service s\u00e9curis\u00e9 Paypal :<\/p>\n<p><a href=\"http:\/\/pourunmarocmeilleur.us1.list-manage.com\/track\/click?u=a15bac97bb71644ce17c1adfd&amp;id=9ca42476b2&amp;e=443d829810\">https:\/\/www.paypal.com\/cgi-bin\/webscr?cmd=_s-xclick&amp;hosted_button_id=EUN4ZWU93U7BG<\/a><\/p>\n<p>Au plaisir de vous voir nombreux parmi nous !<\/p>\n<div>Ex\u00e9cutif P.M.M<\/div>\n","protected":false},"excerpt":{"rendered":"<p>Le Vendredi 27 septembre 2013, l\u2019association Pour un Maroc Meilleur organise son gala annuel pour cl\u00f4turer ses activit\u00e9s de l\u2019ann\u00e9e 2012-2013 sous le th\u00e8me \u00ab C\u00e9l\u00e9bration de l\u2019\u00e9ducation \u00bb, \u00e0 partir de 19h \u00e0 la Salle de r\u00e9ception Le Carlton (8860, boulevard Langelier, Montr\u00e9al, Qu\u00e9bec). Une soir\u00e9e o\u00f9 les convives sont invit\u00e9s \u00e0 rev\u00eatir leurs [&hellip;]<\/p>\n","protected":false},"author":1,"featured_media":1116,"comment_status":"closed","ping_status":"open","sticky":false,"template":"","format":"standard","meta":{"footnotes":""},"categories":[4,5],"tags":[165],"class_list":["post-1115","post","type-post","status-publish","format-standard","has-post-thumbnail","hentry","category-canada","category-immigration","tag-association-pour-un-maroc-meilleur"],"_links":{"self":[{"href":"https:\/\/maroc-canada.ca\/index.php?rest_route=\/wp\/v2\/posts\/1115","targetHints":{"allow":["GET"]}}],"collection":[{"href":"https:\/\/maroc-canada.ca\/index.php?rest_route=\/wp\/v2\/posts"}],"about":[{"href":"https:\/\/maroc-canada.ca\/index.php?rest_route=\/wp\/v2\/types\/post"}],"author":[{"embeddable":true,"href":"https:\/\/maroc-canada.ca\/index.php?rest_route=\/wp\/v2\/users\/1"}],"replies":[{"embeddable":true,"href":"https:\/\/maroc-canada.ca\/index.php?rest_route=%2Fwp%2Fv2%2Fcomments&post=1115"}],"version-history":[{"count":3,"href":"https:\/\/maroc-canada.ca\/index.php?rest_route=\/wp\/v2\/posts\/1115\/revisions"}],"predecessor-version":[{"id":1119,"href":"https:\/\/maroc-canada.ca\/index.php?rest_route=\/wp\/v2\/posts\/1115\/revisions\/1119"}],"wp:featuredmedia":[{"embeddable":true,"href":"https:\/\/maroc-canada.ca\/index.php?rest_route=\/wp\/v2\/media\/1116"}],"wp:attachment":[{"href":"https:\/\/maroc-canada.ca\/index.php?rest_route=%2Fwp%2Fv2%2Fmedia&parent=1115"}],"wp:term":[{"taxonomy":"category","embeddable":true,"href":"https:\/\/maroc-canada.ca\/index.php?rest_route=%2Fwp%2Fv2%2Fcategories&post=1115"},{"taxonomy":"post_tag","embeddable":true,"href":"https:\/\/maroc-canada.ca\/index.php?rest_route=%2Fwp%2Fv2%2Ftags&post=1115"}],"curies":[{"name":"wp","href":"https:\/\/api.w.org\/{rel}","templated":true}]}}