{"id":1169,"date":"2013-10-06T14:31:36","date_gmt":"2013-10-06T18:31:36","guid":{"rendered":"http:\/\/maghreb-canada.ca\/?p=1169"},"modified":"2013-10-06T15:30:52","modified_gmt":"2013-10-06T19:30:52","slug":"la-necessite-de-la-restructuration-des-mosquees-dans-la-societe-daccueil","status":"publish","type":"post","link":"https:\/\/maroc-canada.ca\/?p=1169","title":{"rendered":"OCTOBRE 2013 &#8211; La n\u00e9cessit\u00e9 de la restructuration des mosqu\u00e9es dans la soci\u00e9t\u00e9 d\u2019accueil"},"content":{"rendered":"<p><!--[if !mso]>\n\n\n\n<style>\nv\\:* {behavior:url(#default#VML);}\no\\:* {behavior:url(#default#VML);}\nb\\:* {behavior:url(#default#VML);}\n.shape {behavior:url(#default#VML);}\n<\/style>\n\n<![endif]--><\/p>\n<p><!--[if pub]><xml>\n<b:Publication type=\"OplPub\" oty=\"68\" oh=\"256\">\n<b:OhPrintBlock priv=\"30e\">280<\/b:OhPrintBlock>\n<b:NuDefaultUnits priv=\"1004\">1<\/b:NuDefaultUnits>\n<b:DptlPageDimensions type=\"OplPt\" priv=\"1211\">\n<b:Xl priv=\"104\">7560000<\/b:Xl>\n<b:Yl priv=\"204\">10692000<\/b:Yl>\n<\/b:DptlPageDimensions>\n<b:DxlDefaultTab priv=\"1504\">359410<\/b:DxlDefaultTab>\n<b:OhGallery priv=\"180e\">259<\/b:OhGallery>\n<b:OhFancyBorders priv=\"190e\">261<\/b:OhFancyBorders>\n<b:OhCaptions priv=\"1a0e\">257<\/b:OhCaptions>\n<b:OhQuillDoc priv=\"200e\">275<\/b:OhQuillDoc>\n<b:OhMailMergeData priv=\"210e\">262<\/b:OhMailMergeData>\n<b:OhColorScheme priv=\"220e\">278<\/b:OhColorScheme>\n<b:DwNextUniqueOid priv=\"2304\">1<\/b:DwNextUniqueOid>\n<b:IdentGUID priv=\"2a07\">0C23*X,)^'DBVC[\\M#XIS8`<\/b:IdentGUID>\n<b:DpgSpecial priv=\"2c03\">5<\/b:DpgSpecial>\n<\/b:Publication>\n<b:PrinterInfo type=\"OplPrb\" oty=\"75\" oh=\"280\">\n<b:OhColorSepBlock priv=\"30e\">281<\/b:OhColorSepBlock>\n<b:FInitComplete priv=\"1400\">False<\/b:FInitComplete>\n<b:DpiX priv=\"2203\">0<\/b:DpiX>\n<b:DpiY priv=\"2303\">0<\/b:DpiY>\n<\/b:PrinterInfo>\n<b:ColorSeperationInfo type=\"OplCsb\" oty=\"79\" oh=\"281\">\n<b:Plates type=\"OplCsp\" priv=\"214\">\n<b:OplCsp type=\"OplCsp\" priv=\"11\">\n<b:EcpPlate type=\"OplEcp\" priv=\"213\">\n<b:Color priv=\"104\">-1<\/b:Color>\n<\/b:EcpPlate>\n<\/b:OplCsp>\n<\/b:Plates>\n<b:DzlOverprintMost priv=\"304\">304800<\/b:DzlOverprintMost>\n<b:CprOverprintMin priv=\"404\">243<\/b:CprOverprintMin>\n<b:FKeepawayTrap priv=\"700\">True<\/b:FKeepawayTrap>\n<b:CprTrapMin1 priv=\"904\">128<\/b:CprTrapMin1>\n<b:CprTrapMin2 priv=\"a04\">77<\/b:CprTrapMin2>\n<b:CprKeepawayMin priv=\"b04\">255<\/b:CprKeepawayMin>\n<b:DzlTrap priv=\"c04\">3175<\/b:DzlTrap>\n<b:DzlIndTrap priv=\"d04\">3175<\/b:DzlIndTrap>\n<b:PctCenterline priv=\"e04\">70<\/b:PctCenterline>\n<b:FMarksRegistration priv=\"f00\">True<\/b:FMarksRegistration>\n<b:FMarksJob priv=\"1000\">True<\/b:FMarksJob>\n<b:FMarksDensity priv=\"1100\">True<\/b:FMarksDensity>\n<b:FMarksColor priv=\"1200\">True<\/b:FMarksColor>\n<b:FLineScreenDefault priv=\"1300\">True<\/b:FLineScreenDefault>\n<\/b:ColorSeperationInfo>\n<b:TextDocProperties type=\"OplDocq\" oty=\"91\" oh=\"275\">\n<b:OhPlcqsb priv=\"20e\">277<\/b:OhPlcqsb>\n<b:EcpSplitMenu type=\"OplEcp\" priv=\"a13\">\n<b:Color>134217728<\/b:Color>\n<\/b:EcpSplitMenu>\n<\/b:TextDocProperties>\n<b:StoryBlock type=\"OplPlcQsb\" oty=\"101\" oh=\"277\">\n<b:IqsbMax priv=\"104\">1<\/b:IqsbMax>\n<b:Rgqsb type=\"OplQsb\" priv=\"214\">\n<b:OplQsb type=\"OplQsb\" priv=\"11\">\n<b:Qsid priv=\"104\">1<\/b:Qsid>\n<b:TomfCopyfitBase priv=\"80b\">-9999996.000000<\/b:TomfCopyfitBase>\n<b:TomfCopyfitBase2 priv=\"90b\">-9999996.000000<\/b:TomfCopyfitBase2>\n<\/b:OplQsb>\n<\/b:Rgqsb>\n<\/b:StoryBlock>\n<b:ColorScheme type=\"OplSccm\" oty=\"92\" oh=\"278\">\n<b:Cecp priv=\"104\">8<\/b:Cecp>\n<b:Rgecp type=\"OplEcp\" priv=\"214\">\n<b:OplEcp type=\"OplEcp\" priv=\"11\">\n<b:Color>2105633<\/b:Color>\n<b:ColorExt priv=\"204\">2105633<\/b:ColorExt>\n<b:ColorExtCmy priv=\"404\">130600<\/b:ColorExtCmy>\n<b:ColorExtK priv=\"504\">0<\/b:ColorExtK>\n<\/b:OplEcp>\n<b:OplEcp type=\"OplEcp\" priv=\"111\">\n<b:Color>3499593<\/b:Color>\n<b:ColorExt>3499593<\/b:ColorExt>\n<b:ColorExtCmy>1721467368<\/b:ColorExtCmy>\n<b:ColorExtK>291<\/b:ColorExtK>\n<\/b:OplEcp>\n<b:OplEcp type=\"OplEcp\" priv=\"211\">\n<b:Color>10016473<\/b:Color>\n<b:ColorExt>10016473<\/b:ColorExt>\n<b:ColorExtCmy>1613124584<\/b:ColorExtCmy>\n<b:ColorExtK>5<\/b:ColorExtK>\n<\/b:OplEcp>\n<b:OplEcp type=\"OplEcp\" priv=\"311\">\n<b:Color>14084321<\/b:Color>\n<b:ColorExt>14084321<\/b:ColorExt>\n<b:ColorExtCmy>1108362696<\/b:ColorExtCmy>\n<b:ColorExtK>0<\/b:ColorExtK>\n<\/b:OplEcp>\n<b:OplEcp type=\"OplEcp\" priv=\"411\">\n<b:Color>13948636<\/b:Color>\n<b:ColorExt>13948636<\/b:ColorExt>\n<b:ColorExtCmy>741360104<\/b:ColorExtCmy>\n<b:ColorExtK>28<\/b:ColorExtK>\n<\/b:OplEcp>\n<b:OplEcp type=\"OplEcp\" priv=\"511\">\n<b:Color>4038223<\/b:Color>\n<b:ColorExt>4038223<\/b:ColorExt>\n<b:ColorExtCmy>2047571432<\/b:ColorExtCmy>\n<b:ColorExtK>71<\/b:ColorExtK>\n<\/b:OplEcp>\n<b:OplEcp type=\"OplEcp\" priv=\"611\">\n<b:Color>3573130<\/b:Color>\n<b:ColorExt>3573130<\/b:ColorExt>\n<b:ColorExtCmy>1956308456<\/b:ColorExtCmy>\n<b:ColorExtK>123<\/b:ColorExtK>\n<\/b:OplEcp>\n<b:OplEcp type=\"OplEcp\" priv=\"711\">\n<b:Color>16711679<\/b:Color>\n<b:ColorExt>16711679<\/b:ColorExt>\n<b:ColorExtCmy>8<\/b:ColorExtCmy>\n<b:ColorExtK>0<\/b:ColorExtK>\n<\/b:OplEcp>\n<\/b:Rgecp>\n<b:IScheme priv=\"304\">21<\/b:IScheme>\n<b:SzSchemeName priv=\"618\">Ivy<\/b:SzSchemeName>\n<\/b:ColorScheme>\n<\/xml><![endif]--><!--[if pub]><xml>\n<b:Page type=\"OplPd\" oty=\"67\" oh=\"265\">\n<b:PtlvOrigin type=\"OplPt\" priv=\"511\">\n<b:Xl>22860000<\/b:Xl>\n<b:Yl>22860000<\/b:Yl>\n<\/b:PtlvOrigin>\n<b:Oid priv=\"605\">(`@`````````<\/b:Oid>\n<b:OhoplWebPageProps priv=\"90e\">266<\/b:OhoplWebPageProps>\n<b:OhpdMaster priv=\"d0d\">263<\/b:OhpdMaster>\n<b:PgtType priv=\"1004\">5<\/b:PgtType>\n<\/b:Page>\n<\/xml><![endif]--><!--[if gte mso 9]><xml>\n<o:shapedefaults v:ext=\"edit\" spidmax=\"3073\" fill=\"f\" fillcolor=\"#fffffe [7]\"\nstrokecolor=\"#212120 [0]\">\n<v:fill color=\"#fffffe [7]\" color2=\"#212120 [0]\" on=\"f\"\/>\n<v:stroke color=\"#212120 [0]\" color2=\"#fffffe [7]\">\n<o:left v:ext=\"view\" color=\"#212120 [0]\" color2=\"#fffffe [7]\"\/>\n<o:top v:ext=\"view\" color=\"#212120 [0]\" color2=\"#fffffe [7]\"\/>\n<o:right v:ext=\"view\" color=\"#212120 [0]\" color2=\"#fffffe [7]\"\/>\n<o:bottom v:ext=\"view\" color=\"#212120 [0]\" color2=\"#fffffe [7]\"\/>\n<o:column v:ext=\"view\" color=\"#212120 [0]\" color2=\"#fffffe [7]\"\/>\n<\/v:stroke>\n<v:shadow color=\"#dcd6d4 [4]\"\/>\n<v:textbox inset=\"2.88pt,2.88pt,2.88pt,2.88pt\"\/>\n<o:colormenu v:ext=\"edit\" fillcolor=\"#496635 [1]\" strokecolor=\"#212120 [0]\"\nshadowcolor=\"#dcd6d4 [4]\"\/>\n<\/o:shapedefaults><o:shapelayout v:ext=\"edit\">\n<o:idmap v:ext=\"edit\" data=\"1\"\/>\n<\/o:shapelayout><\/xml><![endif]--><\/p>\n<p class=\"MsoNormal\"><span style=\"font-size: 16.0pt; line-height: 110%; font-family: Century; mso-default-font-family: Century; mso-ascii-font-family: Century; mso-latin-font-family: Century; mso-greek-font-family: Century; mso-cyrillic-font-family: Century; mso-latinext-font-family: Century; font-style: italic; language: FR-CA; mso-ansi-language: FR-CA;\"><a href=\"http:\/\/maghreb-canada.ca\/?attachment_id=1170\" rel=\"attachment wp-att-1170\"><img loading=\"lazy\" decoding=\"async\" class=\"size-medium wp-image-1170 alignleft\" alt=\"26 ramadan 001\" src=\"http:\/\/maroc-canada.ca\/wp-content\/uploads\/2013\/10\/26-ramadan-001-300x226.jpg\" width=\"300\" height=\"226\" \/><\/a>Les mosqu\u00e9es repr\u00e9sentent pour la communaut\u00e9 musulmane \u00e0 la province du Qu\u00e9bec une instance de socialisation et de sociabilit\u00e9 adress\u00e9e aux divers groupes d\u2019\u00e2ge&#8230; entre autres<span style=\"mso-spacerun: yes;\">\u00a0 <\/span>:<\/span><\/p>\n<p class=\"MsoNormal\"><!--[if !mso]><\/p>\n\n\n\n\n\n<style>\nv\\:* {behavior:url(#default#VML);}\no\\:* {behavior:url(#default#VML);}\nb\\:* {behavior:url(#default#VML);}\n.shape {behavior:url(#default#VML);}\n<\/style>\n\n<![endif]--><\/p>\n<p class=\"MsoNormal\"><!--[if pub]><xml>\n<b:Publication type=\"OplPub\" oty=\"68\" oh=\"256\">\n<b:OhPrintBlock priv=\"30e\">280<\/b:OhPrintBlock>\n<b:NuDefaultUnits priv=\"1004\">1<\/b:NuDefaultUnits>\n<b:DptlPageDimensions type=\"OplPt\" priv=\"1211\">\n<b:Xl priv=\"104\">7560000<\/b:Xl>\n<b:Yl priv=\"204\">10692000<\/b:Yl>\n<\/b:DptlPageDimensions>\n<b:DxlDefaultTab priv=\"1504\">359410<\/b:DxlDefaultTab>\n<b:OhGallery priv=\"180e\">259<\/b:OhGallery>\n<b:OhFancyBorders priv=\"190e\">261<\/b:OhFancyBorders>\n<b:OhCaptions priv=\"1a0e\">257<\/b:OhCaptions>\n<b:OhQuillDoc priv=\"200e\">275<\/b:OhQuillDoc>\n<b:OhMailMergeData priv=\"210e\">262<\/b:OhMailMergeData>\n<b:OhColorScheme priv=\"220e\">278<\/b:OhColorScheme>\n<b:DwNextUniqueOid priv=\"2304\">1<\/b:DwNextUniqueOid>\n<b:IdentGUID priv=\"2a07\">0C23*X,)^'DBVC[\\M#XIS8`<\/b:IdentGUID>\n<b:DpgSpecial priv=\"2c03\">5<\/b:DpgSpecial>\n<\/b:Publication>\n<b:PrinterInfo type=\"OplPrb\" oty=\"75\" oh=\"280\">\n<b:OhColorSepBlock priv=\"30e\">281<\/b:OhColorSepBlock>\n<b:FInitComplete priv=\"1400\">False<\/b:FInitComplete>\n<b:DpiX priv=\"2203\">0<\/b:DpiX>\n<b:DpiY priv=\"2303\">0<\/b:DpiY>\n<\/b:PrinterInfo>\n<b:ColorSeperationInfo type=\"OplCsb\" oty=\"79\" oh=\"281\">\n<b:Plates type=\"OplCsp\" priv=\"214\">\n<b:OplCsp type=\"OplCsp\" priv=\"11\">\n<b:EcpPlate type=\"OplEcp\" priv=\"213\">\n<b:Color priv=\"104\">-1<\/b:Color>\n<\/b:EcpPlate>\n<\/b:OplCsp>\n<\/b:Plates>\n<b:DzlOverprintMost priv=\"304\">304800<\/b:DzlOverprintMost>\n<b:CprOverprintMin priv=\"404\">243<\/b:CprOverprintMin>\n<b:FKeepawayTrap priv=\"700\">True<\/b:FKeepawayTrap>\n<b:CprTrapMin1 priv=\"904\">128<\/b:CprTrapMin1>\n<b:CprTrapMin2 priv=\"a04\">77<\/b:CprTrapMin2>\n<b:CprKeepawayMin priv=\"b04\">255<\/b:CprKeepawayMin>\n<b:DzlTrap priv=\"c04\">3175<\/b:DzlTrap>\n<b:DzlIndTrap priv=\"d04\">3175<\/b:DzlIndTrap>\n<b:PctCenterline priv=\"e04\">70<\/b:PctCenterline>\n<b:FMarksRegistration priv=\"f00\">True<\/b:FMarksRegistration>\n<b:FMarksJob priv=\"1000\">True<\/b:FMarksJob>\n<b:FMarksDensity priv=\"1100\">True<\/b:FMarksDensity>\n<b:FMarksColor priv=\"1200\">True<\/b:FMarksColor>\n<b:FLineScreenDefault priv=\"1300\">True<\/b:FLineScreenDefault>\n<\/b:ColorSeperationInfo>\n<b:TextDocProperties type=\"OplDocq\" oty=\"91\" oh=\"275\">\n<b:OhPlcqsb priv=\"20e\">277<\/b:OhPlcqsb>\n<b:EcpSplitMenu type=\"OplEcp\" priv=\"a13\">\n<b:Color>134217728<\/b:Color>\n<\/b:EcpSplitMenu>\n<\/b:TextDocProperties>\n<b:StoryBlock type=\"OplPlcQsb\" oty=\"101\" oh=\"277\">\n<b:IqsbMax priv=\"104\">1<\/b:IqsbMax>\n<b:Rgqsb type=\"OplQsb\" priv=\"214\">\n<b:OplQsb type=\"OplQsb\" priv=\"11\">\n<b:Qsid priv=\"104\">2<\/b:Qsid>\n<b:TomfCopyfitBase priv=\"80b\">-9999996.000000<\/b:TomfCopyfitBase>\n<b:TomfCopyfitBase2 priv=\"90b\">-9999996.000000<\/b:TomfCopyfitBase2>\n<\/b:OplQsb>\n<\/b:Rgqsb>\n<\/b:StoryBlock>\n<b:ColorScheme type=\"OplSccm\" oty=\"92\" oh=\"278\">\n<b:Cecp priv=\"104\">8<\/b:Cecp>\n<b:Rgecp type=\"OplEcp\" priv=\"214\">\n<b:OplEcp type=\"OplEcp\" priv=\"11\">\n<b:Color>2105633<\/b:Color>\n<b:ColorExt priv=\"204\">2105633<\/b:ColorExt>\n<b:ColorExtCmy priv=\"404\">130600<\/b:ColorExtCmy>\n<b:ColorExtK priv=\"504\">0<\/b:ColorExtK>\n<\/b:OplEcp>\n<b:OplEcp type=\"OplEcp\" priv=\"111\">\n<b:Color>3499593<\/b:Color>\n<b:ColorExt>3499593<\/b:ColorExt>\n<b:ColorExtCmy>1721467368<\/b:ColorExtCmy>\n<b:ColorExtK>291<\/b:ColorExtK>\n<\/b:OplEcp>\n<b:OplEcp type=\"OplEcp\" priv=\"211\">\n<b:Color>10016473<\/b:Color>\n<b:ColorExt>10016473<\/b:ColorExt>\n<b:ColorExtCmy>1613124584<\/b:ColorExtCmy>\n<b:ColorExtK>5<\/b:ColorExtK>\n<\/b:OplEcp>\n<b:OplEcp type=\"OplEcp\" priv=\"311\">\n<b:Color>14084321<\/b:Color>\n<b:ColorExt>14084321<\/b:ColorExt>\n<b:ColorExtCmy>1108362696<\/b:ColorExtCmy>\n<b:ColorExtK>0<\/b:ColorExtK>\n<\/b:OplEcp>\n<b:OplEcp type=\"OplEcp\" priv=\"411\">\n<b:Color>13948636<\/b:Color>\n<b:ColorExt>13948636<\/b:ColorExt>\n<b:ColorExtCmy>741360104<\/b:ColorExtCmy>\n<b:ColorExtK>28<\/b:ColorExtK>\n<\/b:OplEcp>\n<b:OplEcp type=\"OplEcp\" priv=\"511\">\n<b:Color>4038223<\/b:Color>\n<b:ColorExt>4038223<\/b:ColorExt>\n<b:ColorExtCmy>2047571432<\/b:ColorExtCmy>\n<b:ColorExtK>71<\/b:ColorExtK>\n<\/b:OplEcp>\n<b:OplEcp type=\"OplEcp\" priv=\"611\">\n<b:Color>3573130<\/b:Color>\n<b:ColorExt>3573130<\/b:ColorExt>\n<b:ColorExtCmy>1956308456<\/b:ColorExtCmy>\n<b:ColorExtK>123<\/b:ColorExtK>\n<\/b:OplEcp>\n<b:OplEcp type=\"OplEcp\" priv=\"711\">\n<b:Color>16711679<\/b:Color>\n<b:ColorExt>16711679<\/b:ColorExt>\n<b:ColorExtCmy>8<\/b:ColorExtCmy>\n<b:ColorExtK>0<\/b:ColorExtK>\n<\/b:OplEcp>\n<\/b:Rgecp>\n<b:IScheme priv=\"304\">21<\/b:IScheme>\n<b:SzSchemeName priv=\"618\">Ivy<\/b:SzSchemeName>\n<\/b:ColorScheme>\n<\/xml><![endif]--><!--[if pub]><xml>\n<b:Page type=\"OplPd\" oty=\"67\" oh=\"265\">\n<b:PtlvOrigin type=\"OplPt\" priv=\"511\">\n<b:Xl>22860000<\/b:Xl>\n<b:Yl>22860000<\/b:Yl>\n<\/b:PtlvOrigin>\n<b:Oid priv=\"605\">(`@`````````<\/b:Oid>\n<b:OhoplWebPageProps priv=\"90e\">266<\/b:OhoplWebPageProps>\n<b:OhpdMaster priv=\"d0d\">263<\/b:OhpdMaster>\n<b:PgtType priv=\"1004\">5<\/b:PgtType>\n<\/b:Page>\n<\/xml><![endif]--><!--[if gte mso 9]><xml>\n<o:shapedefaults v:ext=\"edit\" spidmax=\"3073\" fill=\"f\" fillcolor=\"#fffffe [7]\"\nstrokecolor=\"#212120 [0]\">\n<v:fill color=\"#fffffe [7]\" color2=\"#212120 [0]\" on=\"f\"\/>\n<v:stroke color=\"#212120 [0]\" color2=\"#fffffe [7]\">\n<o:left v:ext=\"view\" color=\"#212120 [0]\" color2=\"#fffffe [7]\"\/>\n<o:top v:ext=\"view\" color=\"#212120 [0]\" color2=\"#fffffe [7]\"\/>\n<o:right v:ext=\"view\" color=\"#212120 [0]\" color2=\"#fffffe [7]\"\/>\n<o:bottom v:ext=\"view\" color=\"#212120 [0]\" color2=\"#fffffe [7]\"\/>\n<o:column v:ext=\"view\" color=\"#212120 [0]\" color2=\"#fffffe [7]\"\/>\n<\/v:stroke>\n<v:shadow color=\"#dcd6d4 [4]\"\/>\n<v:textbox inset=\"2.88pt,2.88pt,2.88pt,2.88pt\"\/>\n<o:colormenu v:ext=\"edit\" fillcolor=\"#496635 [1]\" strokecolor=\"#212120 [0]\"\nshadowcolor=\"#dcd6d4 [4]\"\/>\n<\/o:shapedefaults><o:shapelayout v:ext=\"edit\">\n<o:idmap v:ext=\"edit\" data=\"1\"\/>\n<\/o:shapelayout><\/xml><![endif]--><\/p>\n<p class=\"MsoNormal\" style=\"text-align: justify; text-justify: newspaper; text-kashida-space: 50%; mso-element: dropcap-dropped; mso-element-linespan: 4; mso-element-linesup: 0; margin-right: 3.75pt; line-height: 114%;\"><span style=\"float: left; clear: left; font-size: 38.4pt; line-height: 114%; font-family: 'Baskerville Old Face'; mso-default-font-family: Arial; mso-ascii-font-family: Arial; mso-latin-font-family: Arial; mso-greek-font-family: Arial; mso-cyrillic-font-family: Arial; mso-hebrew-font-family: Arial; mso-arabic-font-family: Arial; mso-latinext-font-family: Arial; color: #5f5f5f; font-style: normal; font-weight: normal; language: FR-CA; mso-ansi-language: FR-CA; mso-bidi-language: AR-SA;\">E<\/span><span style=\"font-size: 9.6pt; line-height: 114%; font-family: Arial; mso-default-font-family: Arial; mso-ascii-font-family: Arial; mso-latin-font-family: Arial; mso-greek-font-family: Arial; mso-cyrillic-font-family: Arial; mso-hebrew-font-family: Arial; mso-arabic-font-family: Arial; mso-latinext-font-family: Arial; color: black; language: FR-CA; mso-ansi-language: FR-CA; mso-bidi-language: AR-SA;\">n effet, ces lieux de culte permettent aux habitu\u00e9s d\u2019apprendre le Coran, le hadith et les fondements de leur religion islamique. <\/span><\/p>\n<p class=\"MsoNormal\" style=\"text-align: justify; text-justify: newspaper; text-kashida-space: 50%; margin-right: 3.75pt; line-height: 114%;\"><span style=\"font-size: 9.6pt; line-height: 114%; font-family: Arial; mso-default-font-family: Arial; mso-ascii-font-family: Arial; mso-latin-font-family: Arial; mso-greek-font-family: Arial; mso-cyrillic-font-family: Arial; mso-hebrew-font-family: Arial; mso-arabic-font-family: Arial; mso-latinext-font-family: Arial; color: black; language: FR-CA; mso-ansi-language: FR-CA; mso-bidi-language: AR-SA;\">Par ailleurs, les mosqu\u00e9es repr\u00e9sentent un lieu de rencontre qui remplace le caf\u00e9 et cr\u00e9e chez les adh\u00e9rents un sentiment de continuit\u00e9 avec leurs pays d\u2019origine et un sentiment d\u2019appartenance \u00e0 leur groupe ethnique et culturel. Toutefois, la gestion de ces espaces de culte v\u00e9hicule certaines d\u00e9viations \u00e0 l\u2019essence de la pratique religieuse et se heurte vers certaines pratiques qui peuvent fragiliser la paix sociale et la coh\u00e9sion sociale au sein de l\u2019espace public qu\u00e9b\u00e9cois. <\/span><\/p>\n<p class=\"MsoNormal\" style=\"text-align: justify; text-justify: newspaper; text-kashida-space: 50%; margin-right: 3.75pt; line-height: 114%;\"><span style=\"font-size: 9.6pt; line-height: 114%; font-family: Arial; mso-default-font-family: Arial; mso-ascii-font-family: Arial; mso-latin-font-family: Arial; mso-greek-font-family: Arial; mso-cyrillic-font-family: Arial; mso-hebrew-font-family: Arial; mso-arabic-font-family: Arial; mso-latinext-font-family: Arial; color: black; language: FR-CA; mso-ansi-language: FR-CA; mso-bidi-language: AR-SA;\">Dans ce cadre d\u2019id\u00e9es, cet article permet de mentionner quelques pratiques inad\u00e9quates qui menacent la paix sociale et de proposer quelques issues qui permettront de soutenir certaines pistes de changement.<\/span><\/p>\n<p class=\"MsoNormal\" style=\"text-align: justify; text-justify: newspaper; text-kashida-space: 50%; margin-right: 3.75pt; line-height: 114%;\"><span style=\"font-size: 9.6pt; line-height: 114%; font-family: Arial; mso-default-font-family: Arial; mso-ascii-font-family: Arial; mso-latin-font-family: Arial; mso-greek-font-family: Arial; mso-cyrillic-font-family: Arial; mso-hebrew-font-family: Arial; mso-arabic-font-family: Arial; mso-latinext-font-family: Arial; color: black; font-weight: bold; language: FR-CA; mso-ansi-language: FR-CA; mso-bidi-language: AR-SA;\">Des logiques inad\u00e9quates<\/span><\/p>\n<p class=\"MsoNormal\" style=\"text-align: justify; text-justify: newspaper; text-kashida-space: 50%; margin-right: 3.75pt; line-height: 114%;\"><span style=\"font-size: 9.6pt; line-height: 114%; font-family: Arial; mso-default-font-family: Arial; mso-ascii-font-family: Arial; mso-latin-font-family: Arial; mso-greek-font-family: Arial; mso-cyrillic-font-family: Arial; mso-hebrew-font-family: Arial; mso-arabic-font-family: Arial; mso-latinext-font-family: Arial; color: black; language: FR-CA; mso-ansi-language: FR-CA; mso-bidi-language: AR-SA;\">La gestion actuelle de certaines mosqu\u00e9es se heurte \u00e0 la pratique d\u00e9mocratique, \u00e0 la distribution des richesses, et \u00e9miette le corps de l\u2019Omma.<\/span><\/p>\n<p class=\"MsoNormal\" style=\"text-align: justify; text-justify: newspaper; text-kashida-space: 50%; margin-right: 3.75pt; line-height: 114%;\"><span style=\"font-size: 9.6pt; line-height: 114%; font-family: Arial; mso-default-font-family: Arial; mso-ascii-font-family: Arial; mso-latin-font-family: Arial; mso-greek-font-family: Arial; mso-cyrillic-font-family: Arial; mso-hebrew-font-family: Arial; mso-arabic-font-family: Arial; mso-latinext-font-family: Arial; color: black; font-weight: bold; language: FR-CA; mso-ansi-language: FR-CA; mso-bidi-language: AR-SA;\">La logique du sacrifice<\/span><\/p>\n<p class=\"MsoNormal\" style=\"text-align: justify; text-justify: newspaper; text-kashida-space: 50%; margin-right: 3.75pt; line-height: 114%;\"><span style=\"font-size: 9.6pt; line-height: 114%; font-family: Arial; mso-default-font-family: Arial; mso-ascii-font-family: Arial; mso-latin-font-family: Arial; mso-greek-font-family: Arial; mso-cyrillic-font-family: Arial; mso-hebrew-font-family: Arial; mso-arabic-font-family: Arial; mso-latinext-font-family: Arial; color: black; language: FR-CA; mso-ansi-language: FR-CA; mso-bidi-language: AR-SA;\">Certains leaders de la communaut\u00e9 ont contribu\u00e9 \u00e0 la cr\u00e9ation des mosqu\u00e9es dans la soci\u00e9t\u00e9 d\u2019accueil soit par leurs savoirs religieux, soit par les pratiques de b\u00e9n\u00e9volat, soit par leurs contributions financi\u00e8res et soit par leurs nobles sentiments envers l\u2019Omma. <\/span><\/p>\n<p class=\"MsoNormal\" style=\"text-align: justify; text-justify: newspaper; text-kashida-space: 50%; margin-right: 3.75pt; line-height: 114%;\"><span style=\"font-size: 9.6pt; line-height: 114%; font-family: Arial; mso-default-font-family: Arial; mso-ascii-font-family: Arial; mso-latin-font-family: Arial; mso-greek-font-family: Arial; mso-cyrillic-font-family: Arial; mso-hebrew-font-family: Arial; mso-arabic-font-family: Arial; mso-latinext-font-family: Arial; color: black; language: FR-CA; mso-ansi-language: FR-CA; mso-bidi-language: AR-SA;\">Toutefois, les r\u00e8glements de certains espaces ont instaur\u00e9 des restrictions et ont oubli\u00e9 d\u2019instaurer des r\u00e8gles de participation d\u00e9mocratique en ce qui a trait entre autres \u00e0 la prise des d\u00e9cisions, l\u2019adh\u00e9sion de nouveaux membres et le choix de l\u2019imam. C\u2019est ainsi, certains membres fondateurs d\u2019entre eux d\u00e9tiennent la pr\u00e9sidence de ces espaces de culte depuis des ann\u00e9es. Ainsi, certains des imams d\u00e9tiennent le savoir religieux, la gestion des fonds, la repr\u00e9sentation de la communaut\u00e9 aupr\u00e8s des m\u00e9dias et la gestion des contrats de mariage.<\/span><\/p>\n<p class=\"MsoNormal\" style=\"text-align: justify; text-justify: newspaper; text-kashida-space: 50%; margin-right: 3.75pt; line-height: 114%;\"><span style=\"font-size: 9.6pt; line-height: 114%; font-family: Arial; mso-default-font-family: Arial; mso-ascii-font-family: Arial; mso-latin-font-family: Arial; mso-greek-font-family: Arial; mso-cyrillic-font-family: Arial; mso-hebrew-font-family: Arial; mso-arabic-font-family: Arial; mso-latinext-font-family: Arial; color: black; font-weight: bold; language: FR-CA; mso-ansi-language: FR-CA; mso-bidi-language: AR-SA;\">La logique d\u2019invisibilit\u00e9<\/span><\/p>\n<p class=\"MsoNormal\" style=\"text-align: justify; text-justify: newspaper; text-kashida-space: 50%; margin-right: 3.75pt; line-height: 114%;\">Cette dimension a un rapport avec une mosqu\u00e9e qui est situ\u00e9e dans une r\u00e9gion \u00e9loign\u00e9e. Aucune indication dans les rues qui permet d\u2019identifier l\u2019emplacement de la mosqu\u00e9e par crainte de p\u00e9n\u00e9tration des repr\u00e9sentants de l\u2019espace public dans le contr\u00f4le des activit\u00e9s de ces espaces. Cette logique peut affecter la forme juridique de cet espace et par cons\u00e9quent affecte ces sources de financement et alourdit la charge des adh\u00e9rents par leurs contributions sous forme de dons ou des pr\u00eats. Cette dimension a un rapport \u00e9galement \u00e0 l\u2019invisibilit\u00e9 des adh\u00e9rents. En effet, c\u2019est la charit\u00e9 qui permet de r\u00e9soudre certaines difficult\u00e9s des adh\u00e9rents en absence des gens comp\u00e9tents. Cette r\u00e9alit\u00e9 engendre de fa\u00e7on involontaire la culpabilit\u00e9 des demandeurs d\u2019aide. En effet, la gestion de r\u00e9solution des probl\u00e8mes n\u2019assure pas la confidentialit\u00e9 des donn\u00e9es ce qui repr\u00e9sente une menace \u00e0 la dignit\u00e9 humaine.<\/p>\n<p class=\"MsoNormal\" style=\"text-align: justify; text-justify: newspaper; text-kashida-space: 50%; margin-right: 3.75pt; line-height: 114%;\"><span style=\"font-size: 9.6pt; line-height: 114%; font-family: Arial; mso-default-font-family: Arial; mso-ascii-font-family: Arial; mso-latin-font-family: Arial; mso-greek-font-family: Arial; mso-cyrillic-font-family: Arial; mso-hebrew-font-family: Arial; mso-arabic-font-family: Arial; mso-latinext-font-family: Arial; color: black; font-weight: bold; language: FR-CA; mso-ansi-language: FR-CA; mso-bidi-language: AR-SA;\">La logique des identit\u00e9s \u00e9miett\u00e9es<\/span><\/p>\n<p class=\"MsoNormal\" style=\"text-align: justify; text-justify: newspaper; text-kashida-space: 50%; margin-right: 3.75pt; line-height: 114%;\">Cette logique repose sur le constat suivant\u00a0: dites-moi quelle est la mosqu\u00e9e que vous fr\u00e9quentez, je vous dis \u00e0 quel pays vous appartenez, quelle id\u00e9ologie vous essayez de d\u00e9fendre ou pour quel parti politique vous menez votre lutte. Parmi les cons\u00e9quences de cette logique : les conflits entre certains groupes religieux, ce qui explique la pr\u00e9sence de deux mosqu\u00e9es \u00e0 proximit\u00e9 l\u2019une de l\u2019autre et dont les adh\u00e9rents repr\u00e9sentent deux groupes antagonistes. Aussi, il arrive qu\u2019un imam utilise le discours de la pri\u00e8re du vendredi pour s\u2019en prendre aux responsables de son pays d\u2019origine. Dans certaines circonstances, en cas d\u2019absence d\u2019un imam, ce dernier sera remplac\u00e9, pour la pri\u00e8re du vendredi, par un adepte qui reproduit les discours du vendredi trouv\u00e9s sur Internet et qui refl\u00e8tent une tendance id\u00e9ologique ou certaines opinions qui sont tr\u00e8s loin de la r\u00e9alit\u00e9 de la soci\u00e9t\u00e9 d\u2019accueil.<\/p>\n<p class=\"MsoNormal\" style=\"text-align: justify; text-justify: newspaper; text-kashida-space: 50%; margin-right: 3.75pt; line-height: 114%;\"><span style=\"font-size: 9.6pt; line-height: 114%; font-family: Arial; mso-default-font-family: Arial; mso-ascii-font-family: Arial; mso-latin-font-family: Arial; mso-greek-font-family: Arial; mso-cyrillic-font-family: Arial; mso-hebrew-font-family: Arial; mso-arabic-font-family: Arial; mso-latinext-font-family: Arial; color: black; font-weight: bold; language: FR-CA; mso-ansi-language: FR-CA; mso-bidi-language: AR-SA;\">La logique de mauvaise gestion<\/span><\/p>\n<p class=\"MsoNormal\" style=\"text-align: justify; text-justify: newspaper; text-kashida-space: 50%; margin-right: 3.75pt; line-height: 114%;\"><span style=\"font-size: 9.6pt; line-height: 114%; font-family: Arial; mso-default-font-family: Arial; mso-ascii-font-family: Arial; mso-latin-font-family: Arial; mso-greek-font-family: Arial; mso-cyrillic-font-family: Arial; mso-hebrew-font-family: Arial; mso-arabic-font-family: Arial; mso-latinext-font-family: Arial; color: black; language: FR-CA; mso-ansi-language: FR-CA; mso-bidi-language: AR-SA;\">Cette logique est le r\u00e9sultat, entre autres, de celle \u00e9voqu\u00e9e plus haut. Il s\u2019agit de l\u2019absence d\u2019autocritique, de manque d\u2019ouverture et de faiblesse<span style=\"mso-spacerun: yes;\">\u00a0 <\/span>ou de refus du dialogue. C\u2019est la situation d\u2019un imam qui assure ou fait assurer par sa femme la gestion d\u2019une \u00e9cole et organise pendant l\u2019\u00e9t\u00e9 des camps de vacances, tout en b\u00e9n\u00e9ficiant de ch\u00e8ques re\u00e7us sous le manteau et d\u2019avantages divers que son statut lui procure.<\/span><\/p>\n<p class=\"MsoNormal\" style=\"text-align: justify; text-justify: newspaper; text-kashida-space: 50%; margin-right: 3.75pt; line-height: 114%;\"><span style=\"font-size: 9.6pt; line-height: 114%; font-family: Arial; mso-default-font-family: Arial; mso-ascii-font-family: Arial; mso-latin-font-family: Arial; mso-greek-font-family: Arial; mso-cyrillic-font-family: Arial; mso-hebrew-font-family: Arial; mso-arabic-font-family: Arial; mso-latinext-font-family: Arial; color: black; language: FR-CA; mso-ansi-language: FR-CA; mso-bidi-language: AR-SA;\">Par ailleurs, certains organisateurs de ces espaces encouragent les adeptes \u00e0 contribuer \u00e0 l\u2019\u00e9largissement des mosqu\u00e9es. Tandis que ces espaces ne sont pleins que dans la pri\u00e8re de vendredi, durant la c\u00e9l\u00e9bration de la f\u00eate du a\u00efd ou encore lors des pri\u00e8res de <\/span><span style=\"font-size: 9.6pt; line-height: 114%; font-family: Arial; mso-default-font-family: Arial; mso-ascii-font-family: Arial; mso-latin-font-family: Arial; mso-greek-font-family: Arial; mso-cyrillic-font-family: Arial; mso-hebrew-font-family: Arial; mso-arabic-font-family: Arial; mso-latinext-font-family: Arial; color: black; font-style: italic; language: FR-CA; mso-ansi-language: FR-CA; mso-bidi-language: AR-SA;\">tarawih <\/span><span style=\"font-size: 9.6pt; line-height: 114%; font-family: Arial; mso-default-font-family: Arial; mso-ascii-font-family: Arial; mso-latin-font-family: Arial; mso-greek-font-family: Arial; mso-cyrillic-font-family: Arial; mso-hebrew-font-family: Arial; mso-arabic-font-family: Arial; mso-latinext-font-family: Arial; color: black; language: FR-CA; mso-ansi-language: FR-CA; mso-bidi-language: AR-SA;\">pendant le mois de ramadan. Il est important de mentionner lors du ramadan la pr\u00e9sence de certains imams qui viennent de diff\u00e9rents pays islamiques et dont les voyages sont pay\u00e9s par leur propre pays. Il arrive que certaines collectes de fonds soient assur\u00e9es par des b\u00e9n\u00e9voles pour remercier ces invit\u00e9s. Il arrive parfois que certains fonds soient envoy\u00e9s, par l\u2019interm\u00e9diaire de ces invit\u00e9s, pour soutenir l\u2019effort de certaines associations \u00e0 l\u2019\u00e9tranger. Quant \u00e0 la gestion de Zaket, les fonds collect\u00e9s par certaines mosqu\u00e9es sont distribu\u00e9s de fa\u00e7on arbitraire et par des gens incomp\u00e9tents.<\/span><\/p>\n<p class=\"MsoNormal\" style=\"text-align: justify; text-justify: newspaper; text-kashida-space: 50%; margin-right: 3.75pt; line-height: 114%;\"><span style=\"font-size: 9.6pt; line-height: 114%; font-family: Arial; mso-default-font-family: Arial; mso-ascii-font-family: Arial; mso-latin-font-family: Arial; mso-greek-font-family: Arial; mso-cyrillic-font-family: Arial; mso-hebrew-font-family: Arial; mso-arabic-font-family: Arial; mso-latinext-font-family: Arial; color: black; font-weight: bold; language: FR-CA; mso-ansi-language: FR-CA; mso-bidi-language: AR-SA;\">Quelques issues pour la gestion des mosqu\u00e9es<\/span><\/p>\n<p class=\"MsoNormal\" style=\"text-align: justify; text-justify: newspaper; text-kashida-space: 50%; margin-right: 3.75pt; line-height: 114%;\"><span style=\"font-size: 9.6pt; line-height: 114%; font-family: Arial; mso-default-font-family: Arial; mso-ascii-font-family: Arial; mso-latin-font-family: Arial; mso-greek-font-family: Arial; mso-cyrillic-font-family: Arial; mso-hebrew-font-family: Arial; mso-arabic-font-family: Arial; mso-latinext-font-family: Arial; color: black; language: FR-CA; mso-ansi-language: FR-CA; mso-bidi-language: AR-SA;\">Lorsque la religion se m\u00e9lange avec la politique, elle devient une id\u00e9ologie au profit de celui qui la manipule. Et lorsque la religion se m\u00eale de gestion d\u2019argent, elle peut devenir une source de corruption. C\u2019est pourquoi cet article essaye de pr\u00e9senter quelques solutions qui permettront d\u2019assurer le bon fonctionnement des mosqu\u00e9es tout en pr\u00e9servant en amont le c\u00f4t\u00e9 rituel et en aval des r\u00f4les sociaux b\u00e9n\u00e9fiques pour la communaut\u00e9.<\/span><\/p>\n<p class=\"MsoNormal\" style=\"text-align: justify; text-justify: newspaper; text-kashida-space: 50%; margin-right: 3.75pt; line-height: 114%;\"><span style=\"font-size: 9.6pt; line-height: 114%; font-family: Arial; mso-default-font-family: Arial; mso-ascii-font-family: Arial; mso-latin-font-family: Arial; mso-greek-font-family: Arial; mso-cyrillic-font-family: Arial; mso-hebrew-font-family: Arial; mso-arabic-font-family: Arial; mso-latinext-font-family: Arial; color: black; font-weight: bold; language: FR-CA; mso-ansi-language: FR-CA; mso-bidi-language: AR-SA;\">La n\u00e9cessit\u00e9 d\u2019instaurer le statut de mosqu\u00e9e<\/span><\/p>\n<p class=\"MsoNormal\" style=\"text-align: justify; text-justify: newspaper; text-kashida-space: 50%; margin-right: 3.75pt; line-height: 114%;\"><span style=\"font-size: 9.6pt; line-height: 114%; font-family: Arial; mso-default-font-family: Arial; mso-ascii-font-family: Arial; mso-latin-font-family: Arial; mso-greek-font-family: Arial; mso-cyrillic-font-family: Arial; mso-hebrew-font-family: Arial; mso-arabic-font-family: Arial; mso-latinext-font-family: Arial; color: black; language: FR-CA; mso-ansi-language: FR-CA; mso-bidi-language: AR-SA;\"><span style=\"mso-spacerun: yes;\">\u00a0<\/span>Une mosqu\u00e9e repr\u00e9sente pour le musulman la maison d\u2019Allah. Pour assurer la continuit\u00e9 de cette id\u00e9e, il est important de garantir que ces espaces de culte soient ouverts \u00e0 tous les musulmans sans consid\u00e9ration de leur appartenance id\u00e9ologique ou politique. \u00c0 ce propos, les pri\u00e8res collectives seront assur\u00e9es par un imam et la gestion de cet espace respectera les lois en vigueur. <\/span><\/p>\n<p class=\"MsoNormal\" style=\"text-align: justify; text-justify: newspaper; text-kashida-space: 50%; margin-right: 3.75pt; line-height: 114%;\"><span style=\"font-size: 9.6pt; line-height: 114%; font-family: Arial; mso-default-font-family: Arial; mso-ascii-font-family: Arial; mso-latin-font-family: Arial; mso-greek-font-family: Arial; mso-cyrillic-font-family: Arial; mso-hebrew-font-family: Arial; mso-arabic-font-family: Arial; mso-latinext-font-family: Arial; color: black; language: FR-CA; mso-ansi-language: FR-CA; mso-bidi-language: AR-SA;\">C\u2019est pourquoi il est important que les pouvoirs publics ouvrent des canaux de dialogue avec les repr\u00e9sentants actuels des mosqu\u00e9es pour conna\u00eetre leur opinion et leurs suggestions pour arriver enfin \u00e0 offrir un statut particulier aux mosqu\u00e9es afin de s\u2019assurer de la neutralit\u00e9 de ces espaces.<\/span><\/p>\n<p class=\"MsoNormal\" style=\"text-align: justify; text-justify: newspaper; text-kashida-space: 50%; margin-right: 3.75pt; line-height: 114%;\"><span style=\"font-size: 9.6pt; line-height: 114%; font-family: Arial; mso-default-font-family: Arial; mso-ascii-font-family: Arial; mso-latin-font-family: Arial; mso-greek-font-family: Arial; mso-cyrillic-font-family: Arial; mso-hebrew-font-family: Arial; mso-arabic-font-family: Arial; mso-latinext-font-family: Arial; color: black; font-weight: bold; language: FR-CA; mso-ansi-language: FR-CA; mso-bidi-language: AR-SA;\">La n\u00e9cessit\u00e9 de r\u00e9glementer le statut d\u2019imam<\/span><\/p>\n<p class=\"MsoNormal\" style=\"text-align: justify; text-justify: newspaper; text-kashida-space: 50%; margin-right: 3.75pt; line-height: 114%;\">Dans la plupart des pays musulmans, le r\u00f4le d\u2019imam est rempli par des gens comp\u00e9tents qui ont des dipl\u00f4mes universitaires dans le domaine des sciences de la religion islamique. Il s\u2019agit d\u2019une condition qui doit \u00eatre soutenue dans la soci\u00e9t\u00e9 d\u2019accueil afin de lutter contre l\u2019int\u00e9grisme religieux, d\u2019assurer la conduite de la vie spirituelle des adeptes et pour assurer les valeurs de la tol\u00e9rance et de l\u2019ouverture. Ces imams dipl\u00f4m\u00e9s ont le bagage n\u00e9cessaire pour donner des avis religieux et pour assurer la jurisprudence qui tient en consid\u00e9ration les changements culturels. Ils sont les mieux plac\u00e9s pour repr\u00e9senter l\u2019islam et ses valeurs dans les m\u00e9dias.<\/p>\n<p class=\"MsoNormal\" style=\"text-align: justify; text-justify: newspaper; text-kashida-space: 50%; margin-right: 3.75pt; line-height: 114%;\"><span style=\"font-size: 9.6pt; line-height: 114%; font-family: Arial; mso-default-font-family: Arial; mso-ascii-font-family: Arial; mso-latin-font-family: Arial; mso-greek-font-family: Arial; mso-cyrillic-font-family: Arial; mso-hebrew-font-family: Arial; mso-arabic-font-family: Arial; mso-latinext-font-family: Arial; color: black; language: FR-CA; mso-ansi-language: FR-CA; mso-bidi-language: AR-SA;\">La n\u00e9cessit\u00e9 d\u2019instaurer un fond unique de gestion de Zaket et de Sadaka<\/span><\/p>\n<p class=\"MsoNormal\" style=\"text-align: justify; text-justify: newspaper; text-kashida-space: 50%; margin-right: 3.75pt; line-height: 114%;\"><span style=\"font-size: 9.6pt; line-height: 114%; font-family: Arial; mso-default-font-family: Arial; mso-ascii-font-family: Arial; mso-latin-font-family: Arial; mso-greek-font-family: Arial; mso-cyrillic-font-family: Arial; mso-hebrew-font-family: Arial; mso-arabic-font-family: Arial; mso-latinext-font-family: Arial; color: black; language: FR-CA; mso-ansi-language: FR-CA; mso-bidi-language: AR-SA;\">Les fonds recueillis dans les mosqu\u00e9es sont mal orient\u00e9s. La communaut\u00e9 a besoin, entre autres, de la pr\u00e9sence des \u00e9tablissements de soins et de services sociaux qui prennent en consid\u00e9ration les besoins particuliers des musulmans et de la pr\u00e9sence d\u2019instances de th\u00e9rapie familiale et conjugale. Il existe des musulmans qui souffrent de la pr\u00e9carit\u00e9 et la pauvret\u00e9. Ces fonds peuvent \u00eatre dirig\u00e9s vers l\u2019instauration de coop\u00e9ratives en faveur des membres de la communaut\u00e9 musulmane qui s\u2019ouvrent \u00e0 plusieurs types d\u2019activit\u00e9s \u00e9conomiques, sociales et culturelles.<\/span><\/p>\n<p class=\"MsoNormal\" style=\"text-align: justify; text-justify: newspaper; text-kashida-space: 50%; margin-right: 3.75pt; line-height: 114%;\"><span style=\"font-size: 9.6pt; line-height: 114%; font-family: Arial; mso-default-font-family: Arial; mso-ascii-font-family: Arial; mso-latin-font-family: Arial; mso-greek-font-family: Arial; mso-cyrillic-font-family: Arial; mso-hebrew-font-family: Arial; mso-arabic-font-family: Arial; mso-latinext-font-family: Arial; color: black; language: FR-CA; mso-ansi-language: FR-CA; mso-bidi-language: AR-SA;\">La n\u00e9cessit\u00e9 d\u2019entreprendre des recherches qui se r\u00e9f\u00e8rent au champ de l\u2019islam social<\/span><\/p>\n<p class=\"MsoNormal\" style=\"text-align: justify; text-justify: newspaper; text-kashida-space: 50%; margin-right: 3.75pt; line-height: 114%;\"><span style=\"font-size: 9.6pt; line-height: 114%; font-family: Arial; mso-default-font-family: Arial; mso-ascii-font-family: Arial; mso-latin-font-family: Arial; mso-greek-font-family: Arial; mso-cyrillic-font-family: Arial; mso-hebrew-font-family: Arial; mso-arabic-font-family: Arial; mso-latinext-font-family: Arial; color: black; language: FR-CA; mso-ansi-language: FR-CA; mso-bidi-language: AR-SA;\">Afin de permettre des changements prometteurs en faveur de la communaut\u00e9 musulmane, il est important de mener des recherches relatives au champ de l\u2019islam social. Ce champ d\u00e9signe toutes les activit\u00e9s qui sont organis\u00e9es au sein de la communaut\u00e9 musulmane et qui visent au bien-\u00eatre spirituel, affectif, psychosocial et culturel du musulman. Ce champ est une alternative \u00e0 l\u2019islam politique qui vise \u00e0 diviser les musulmans en provoquant des conflits id\u00e9ologiques et en stimulant l\u2019int\u00e9grisme. \u00c0 titre d\u2019exemple, il est important de mener des \u00e9tudes syst\u00e9matiques sur le r\u00f4le des imams.<\/span><\/p>\n<p class=\"MsoNormal\" style=\"text-align: justify; text-justify: newspaper; text-kashida-space: 50%; margin-right: 3.75pt; line-height: 114%;\"><span style=\"font-size: 9.6pt; line-height: 114%; font-family: Arial; mso-default-font-family: Arial; mso-ascii-font-family: Arial; mso-latin-font-family: Arial; mso-greek-font-family: Arial; mso-cyrillic-font-family: Arial; mso-hebrew-font-family: Arial; mso-arabic-font-family: Arial; mso-latinext-font-family: Arial; color: black; language: FR-CA; mso-ansi-language: FR-CA; mso-bidi-language: AR-SA;\">Pour conclure, les mosqu\u00e9es dans la soci\u00e9t\u00e9 d\u2019accueil repr\u00e9sentent une importance spirituelle, sociale, \u00e9conomique et culturelle pour les immigr\u00e9s musulmans. Il est important que ces instances soient bien organis\u00e9es et bien structur\u00e9es pour permettre aux musulmans d\u2019affirmer une identit\u00e9 tol\u00e9rante, ouverte, objective et ambitieuse. Le dialogue, la sp\u00e9cialit\u00e9 et la restructuration sont des cl\u00e9s qui permettent aux musulmans de s\u2019identifier, de partager et de collaborer comme citoyens et non pas en tant que groupe restant en marge de la soci\u00e9t\u00e9 d\u2019accueil. <\/span><\/p>\n<p class=\"MsoNormal\" style=\"text-align: center; margin-right: 3.75pt; line-height: 114%;\"><span style=\"font-size: 9.6pt; line-height: 114%; font-family: Arial; mso-default-font-family: Arial; mso-ascii-font-family: Arial; mso-latin-font-family: Arial; mso-greek-font-family: Arial; mso-cyrillic-font-family: Arial; mso-hebrew-font-family: Arial; mso-arabic-font-family: Arial; mso-latinext-font-family: Arial; color: black; font-style: italic; language: FR-CA; mso-ansi-language: FR-CA; mso-bidi-language: AR-SA;\">Par Maalla, Taha Abderrafie Ma\u00eetre \u00e8s Arts Travail Social (Maghreb Canada Express, \u00c9dition d&rsquo;octobre 2013, Page 24)<br \/>\n<\/span><\/p>\n<p class=\"MsoNormal\"><span style=\"language: FR-CA;\">\u00a0<\/span><\/p>\n","protected":false},"excerpt":{"rendered":"<p>Les mosqu\u00e9es repr\u00e9sentent pour la communaut\u00e9 musulmane \u00e0 la province du Qu\u00e9bec une instance de socialisation et de sociabilit\u00e9 adress\u00e9e aux divers groupes d\u2019\u00e2ge&#8230; entre autres\u00a0 : En effet, ces lieux de culte permettent aux habitu\u00e9s d\u2019apprendre le Coran, le hadith et les fondements de leur religion islamique. Par ailleurs, les mosqu\u00e9es repr\u00e9sentent un lieu [&hellip;]<\/p>\n","protected":false},"author":1,"featured_media":1170,"comment_status":"closed","ping_status":"open","sticky":false,"template":"","format":"standard","meta":{"footnotes":""},"categories":[8],"tags":[],"class_list":["post-1169","post","type-post","status-publish","format-standard","has-post-thumbnail","hentry","category-numero-du-mois"],"_links":{"self":[{"href":"https:\/\/maroc-canada.ca\/index.php?rest_route=\/wp\/v2\/posts\/1169","targetHints":{"allow":["GET"]}}],"collection":[{"href":"https:\/\/maroc-canada.ca\/index.php?rest_route=\/wp\/v2\/posts"}],"about":[{"href":"https:\/\/maroc-canada.ca\/index.php?rest_route=\/wp\/v2\/types\/post"}],"author":[{"embeddable":true,"href":"https:\/\/maroc-canada.ca\/index.php?rest_route=\/wp\/v2\/users\/1"}],"replies":[{"embeddable":true,"href":"https:\/\/maroc-canada.ca\/index.php?rest_route=%2Fwp%2Fv2%2Fcomments&post=1169"}],"version-history":[{"count":4,"href":"https:\/\/maroc-canada.ca\/index.php?rest_route=\/wp\/v2\/posts\/1169\/revisions"}],"predecessor-version":[{"id":1200,"href":"https:\/\/maroc-canada.ca\/index.php?rest_route=\/wp\/v2\/posts\/1169\/revisions\/1200"}],"wp:featuredmedia":[{"embeddable":true,"href":"https:\/\/maroc-canada.ca\/index.php?rest_route=\/wp\/v2\/media\/1170"}],"wp:attachment":[{"href":"https:\/\/maroc-canada.ca\/index.php?rest_route=%2Fwp%2Fv2%2Fmedia&parent=1169"}],"wp:term":[{"taxonomy":"category","embeddable":true,"href":"https:\/\/maroc-canada.ca\/index.php?rest_route=%2Fwp%2Fv2%2Fcategories&post=1169"},{"taxonomy":"post_tag","embeddable":true,"href":"https:\/\/maroc-canada.ca\/index.php?rest_route=%2Fwp%2Fv2%2Ftags&post=1169"}],"curies":[{"name":"wp","href":"https:\/\/api.w.org\/{rel}","templated":true}]}}