{"id":1245,"date":"2013-10-09T21:07:46","date_gmt":"2013-10-10T01:07:46","guid":{"rendered":"http:\/\/maghreb-canada.ca\/?p=1245"},"modified":"2013-10-09T21:07:46","modified_gmt":"2013-10-10T01:07:46","slug":"communique-le-npd-et-stephane-moraille-rencontrent-les-medias","status":"publish","type":"post","link":"https:\/\/maroc-canada.ca\/?p=1245","title":{"rendered":"COMMUNIQU\u00c9 : LE NPD ET ST\u00c9PHANE MORAILLE RENCONTRENT LES M\u00c9DIAS"},"content":{"rendered":"<p><a href=\"http:\/\/maghreb-canada.ca\/?attachment_id=1246\" rel=\"attachment wp-att-1246\"><img loading=\"lazy\" decoding=\"async\" class=\"size-full wp-image-1246 alignleft\" alt=\"St\u00e9phane Moraille\" src=\"http:\/\/maroc-canada.ca\/wp-content\/uploads\/2013\/10\/St\u00e9phane-Moraille.jpg\" width=\"358\" height=\"201\" srcset=\"https:\/\/maroc-canada.ca\/wp-content\/uploads\/2013\/10\/St\u00e9phane-Moraille.jpg 445w, https:\/\/maroc-canada.ca\/wp-content\/uploads\/2013\/10\/St\u00e9phane-Moraille-300x168.jpg 300w, https:\/\/maroc-canada.ca\/wp-content\/uploads\/2013\/10\/St\u00e9phane-Moraille-250x140.jpg 250w, https:\/\/maroc-canada.ca\/wp-content\/uploads\/2013\/10\/St\u00e9phane-Moraille-150x84.jpg 150w\" sizes=\"auto, (max-width: 358px) 100vw, 358px\" \/><\/a>Le NPD s\u2019est livr\u00e9 \u00e0 une discussion anim\u00e9e sur ses politiques, l\u2019actualit\u00e9 et l\u2019immigration lors d\u2019une table ronde organis\u00e9e avec les m\u00e9dias, le 8 octobre 2013, \u00e0 l\u2019\u00c9cole Hoteli\u00e8re Calixa-Lavall\u00e9e de Montr\u00e9al-Nord.<\/p>\n<p>\u00abDepuis trop longtemps, les lib\u00e9raux ont pris les gens de Bourassa pour acquis. C\u2019est l\u2019une des circonscriptions qui en arrache le plus au Canada, mais quand je regarde toutes les petites entreprises, je me dis que les gens d&rsquo;ici sont d\u00e9brouillards. Les familles d\u2019ici se battent pour s&rsquo;en sortir et elles m\u00e9ritent une d\u00e9put\u00e9e qui va travailler tout aussi fort pour faire avancer leurs priorit\u00e9s\u00bb, indique St\u00e9phane Moraille, candidate du NPD dans Bourassa, avocate et chanteuse dans le groupe Bran Van 3000.<\/p>\n<blockquote><p>\u00abOn parle d&#8217;emploi, de soutien pour les jeunes, et de mesures pour rendre la vie plus abordable, ajoute-t-elle. On ne veut plus des politiciens qui sont l\u00e0 uniquement pour leurs int\u00e9r\u00eats personnels. Si je me suis lanc\u00e9e en politique, c&rsquo;est justement pour en finir avec la vieille politique et travailler au service des gens.\u00bb<\/p><\/blockquote>\n<p>\u00abLes n\u00e9o-d\u00e9mocrates sont pr\u00eats \u00e0 proposer des politiques et des programmes qui refl\u00e8tent le respect des valeurs canadiennes, notamment par le biais d\u2019un syst\u00e8me d\u2019immigration efficace, transparent et responsable. Le NPD reconna\u00eet que les n\u00e9o-canadiens contribuent \u00e0 b\u00e2tir l\u2019\u00e9conomie de l\u2019avenir de ce pays. Je vous assure que le NPD se concentrera sur la r\u00e9unification des familles, sur l\u2019am\u00e9lioration des temps de traitement des demandes d\u2019immigration et sur une gestion impeccable du syst\u00e8me plut\u00f4t que de faire de la petite politique\u00bb, ajoute Lysane Blanchette-Lamothe, porte-parole de l\u2019Opposition Officielle en mati\u00e8re de Citoyennet\u00e9 et Immigration.<\/p>\n<p>Source : David Patry<\/p>\n","protected":false},"excerpt":{"rendered":"<p>Le NPD s\u2019est livr\u00e9 \u00e0 une discussion anim\u00e9e sur ses politiques, l\u2019actualit\u00e9 et l\u2019immigration lors d\u2019une table ronde organis\u00e9e avec les m\u00e9dias, le 8 octobre 2013, \u00e0 l\u2019\u00c9cole Hoteli\u00e8re Calixa-Lavall\u00e9e de Montr\u00e9al-Nord. \u00abDepuis trop longtemps, les lib\u00e9raux ont pris les gens de Bourassa pour acquis. C\u2019est l\u2019une des circonscriptions qui en arrache le plus au [&hellip;]<\/p>\n","protected":false},"author":1,"featured_media":1246,"comment_status":"closed","ping_status":"closed","sticky":false,"template":"","format":"standard","meta":{"footnotes":""},"categories":[4],"tags":[],"class_list":["post-1245","post","type-post","status-publish","format-standard","has-post-thumbnail","hentry","category-canada"],"_links":{"self":[{"href":"https:\/\/maroc-canada.ca\/index.php?rest_route=\/wp\/v2\/posts\/1245","targetHints":{"allow":["GET"]}}],"collection":[{"href":"https:\/\/maroc-canada.ca\/index.php?rest_route=\/wp\/v2\/posts"}],"about":[{"href":"https:\/\/maroc-canada.ca\/index.php?rest_route=\/wp\/v2\/types\/post"}],"author":[{"embeddable":true,"href":"https:\/\/maroc-canada.ca\/index.php?rest_route=\/wp\/v2\/users\/1"}],"replies":[{"embeddable":true,"href":"https:\/\/maroc-canada.ca\/index.php?rest_route=%2Fwp%2Fv2%2Fcomments&post=1245"}],"version-history":[{"count":1,"href":"https:\/\/maroc-canada.ca\/index.php?rest_route=\/wp\/v2\/posts\/1245\/revisions"}],"predecessor-version":[{"id":1247,"href":"https:\/\/maroc-canada.ca\/index.php?rest_route=\/wp\/v2\/posts\/1245\/revisions\/1247"}],"wp:featuredmedia":[{"embeddable":true,"href":"https:\/\/maroc-canada.ca\/index.php?rest_route=\/wp\/v2\/media\/1246"}],"wp:attachment":[{"href":"https:\/\/maroc-canada.ca\/index.php?rest_route=%2Fwp%2Fv2%2Fmedia&parent=1245"}],"wp:term":[{"taxonomy":"category","embeddable":true,"href":"https:\/\/maroc-canada.ca\/index.php?rest_route=%2Fwp%2Fv2%2Fcategories&post=1245"},{"taxonomy":"post_tag","embeddable":true,"href":"https:\/\/maroc-canada.ca\/index.php?rest_route=%2Fwp%2Fv2%2Ftags&post=1245"}],"curies":[{"name":"wp","href":"https:\/\/api.w.org\/{rel}","templated":true}]}}