{"id":1419,"date":"2014-02-21T17:49:22","date_gmt":"2014-02-21T22:49:22","guid":{"rendered":"http:\/\/maghreb-canada.ca\/?p=1419"},"modified":"2014-02-21T17:51:34","modified_gmt":"2014-02-21T22:51:34","slug":"afrique-le-point-sur-la-visite-du-roi-du-maroc-en-afrique","status":"publish","type":"post","link":"https:\/\/maroc-canada.ca\/?p=1419","title":{"rendered":"Diplomatie : Le point sur la visite Royale du souverain marocain en Afrique"},"content":{"rendered":"<p style=\"text-align: justify;\"><a href=\"http:\/\/maghreb-canada.ca\/?attachment_id=1420\" rel=\"attachment wp-att-1420\"><img loading=\"lazy\" decoding=\"async\" class=\"size-full wp-image-1420 alignleft\" alt=\"aaa-M6-aa-1\" src=\"http:\/\/maroc-canada.ca\/wp-content\/uploads\/2014\/02\/aaa-M6-aa-1.jpg\" width=\"376\" height=\"225\" srcset=\"https:\/\/maroc-canada.ca\/wp-content\/uploads\/2014\/02\/aaa-M6-aa-1.jpg 600w, https:\/\/maroc-canada.ca\/wp-content\/uploads\/2014\/02\/aaa-M6-aa-1-300x180.jpg 300w, https:\/\/maroc-canada.ca\/wp-content\/uploads\/2014\/02\/aaa-M6-aa-1-250x150.jpg 250w, https:\/\/maroc-canada.ca\/wp-content\/uploads\/2014\/02\/aaa-M6-aa-1-150x90.jpg 150w\" sizes=\"auto, (max-width: 376px) 100vw, 376px\" \/><\/a>Sa Majest\u00e9 le Roi Mohammed VI du Maroc effectue depuis le\u00a0 mardi 18 f\u00e9vrier 2014 une tourn\u00e9e en Afrique qui\u00a0 concerne un pays du Sahel, le Mali, deux pays de l\u2019Afrique de l\u2019Ouest\u00a0 la Guin\u00e9e et la C\u00f4te d\u2019Ivoire\u00a0 et un pays de l\u2019Afrique centrale, le Gabon, vouant ainsi l\u2019intensit\u00e9 des relations avec ces pays fr\u00e8res qu\u2019il a toujours soutenus et\u00a0 accompagn\u00e9s.<\/p>\n<p style=\"text-align: justify;\">L\u2019engagement du Maroc en faveur de la coop\u00e9ration Sud-Sud est traduit par les actions de Sa Majest\u00e9 le Roi Mohammed VI, depuis son intronisation, pour plaider une solidarit\u00e9 agissante en faveur de l\u2019Afrique subsaharienne. Les efforts du Maroc pour donner \u00e0 la coop\u00e9ration Sud-Sud un visage humain et empreint de solidarit\u00e9, se traduisent par son engagement constant en faveur des causes nobles de la paix et du d\u00e9veloppement, ainsi que par ses positions solidaires toujours manifest\u00e9es \u00e0 l\u2019\u00e9gard des pr\u00e9occupations des pays du Sud, et de leurs aspirations au progr\u00e8s et au bien-\u00eatre.<\/p>\n<p style=\"text-align: justify;\">La pr\u00e9sence d\u2019une forte d\u00e9l\u00e9gation \u00e9conomique refl\u00e8te le caract\u00e8re substantiel des relations maroco-africaines. En effet, le partage des exp\u00e9riences et les transferts de technologies adapt\u00e9es aux r\u00e9alit\u00e9s africaines, notamment dans les secteurs \u00e9conomiques prioritaires, tels que la gestion de l\u2019eau et l\u2019irrigation, les infrastructures, l\u2019urbanisation,\u00a0 la gestion financi\u00e8re et bancaire, a toujours \u00e9t\u00e9 une valeur importante dans la coop\u00e9ration bilat\u00e9rale et tripartite du Maroc avec les pays africains.<\/p>\n<p style=\"text-align: justify;\">A son arriv\u00e9e \u00e0 Bamako, au Mali, premi\u00e8re \u00e9tape de sa\u00a0 tourn\u00e9e africaine, le Souverain marocain a \u00e9t\u00e9 accueilli, \u00e0 l&rsquo;a\u00e9roport international Bamako Senou, par Son Excellence le Pr\u00e9sident du Mali, M. Ibrahim Boubacar Ke\u00efta, le Premier ministre malien, Oumar Tatam Ly, le pr\u00e9sident de l&rsquo;Assembl\u00e9e nationale, Issaka Sidib\u00e9, le Ministre Malien des Affaires Etrang\u00e8res et de la Coop\u00e9ration Internationale, M. Zahabi Ould Sidi Mohamed, par des membres du gouvernement, le gouverneur et le maire de district de Bamako, l&rsquo;ambassadeur du Mali au Maroc salu\u00e9 ainsi que par les chefs de missions diplomatiques accr\u00e9dit\u00e9es \u00e0 Bamako, le Chef d&rsquo;\u00e9tat-major et des officiers sup\u00e9rieurs de l&rsquo;arm\u00e9e malienne.<\/p>\n<p style=\"text-align: justify;\">Le Souverain est accompagn\u00e9, lors de cette visite, d&rsquo;une importante d\u00e9l\u00e9gation comprenant notamment, les conseillers du Souverain, MM. Taib Fassi Fihri et Fouad Ali El Himma.<br \/>\nLa d\u00e9l\u00e9gation comprend \u00e9galement le Ministre des Affaires \u00c9trang\u00e8res et de la Coop\u00e9ration, M. Salaheddine Mezouar, le Ministre des Habous et des Affaires Islamiques, M. Ahmed Toufiq, le Ministre de l&rsquo;Economie et des Finances, M. Mohamed Boussaid, le Ministre de l&rsquo;Agriculture et de la P\u00eache Maritime, M. Aziz Akhannouch, le Ministre de l&rsquo;Equipement, du Transport et de la Logistique, M. Aziz Rebbah, le Ministre de l&rsquo;Industrie, du Commerce, de l&rsquo;Investissement et de l&rsquo;Economie num\u00e9rique, Moulay Hafid Elalamy, le Ministre de la Sant\u00e9, M. El Houceine El Ouardi, le Ministre de l&rsquo;Energie, des Mines, de l&rsquo;Eau et de l&rsquo;Environnement, M. Abdelkader Amara, et le Ministre du Tourisme, M. Lahcen Haddad ainsi que M. Youssef Amrani, charg\u00e9 de mission au Cabinet Royal.<br \/>\nSa Majest\u00e9 le Roi est, de m\u00eame, accompagn\u00e9 d&rsquo;une d\u00e9l\u00e9gation de responsables et d&rsquo;op\u00e9rateurs \u00e9conomiques repr\u00e9sentant les secteurs public et priv\u00e9 et d&rsquo;autres personnalit\u00e9s civiles et militaires.<\/p>\n<p style=\"text-align: justify;\">Sa Majest\u00e9 le Roi Mohammed VI a eu jeudi le 20 f\u00e9vrier 2014, au Palais Pr\u00e9sidentiel de Koulouba, \u00e0 Bamako, des entretiens en t\u00eate-\u00e0-t\u00eate avec le Pr\u00e9sident de la R\u00e9publique du Mali, Son excellence Ibrahim Boubacar Ke\u00efta. A cette occasion, Sa Majest\u00e9 le Roi a d\u00e9cor\u00e9 le Pr\u00e9sident malien du Wissam Al Mohammadi de Classe exceptionnelle.<\/p>\n<p style=\"text-align: justify;\">Sa Majest\u00e9 le Roi, et le Pr\u00e9sident de la R\u00e9publique du Mali ont pr\u00e9sid\u00e9, jeudi 20 f\u00e9vrier 2014, au Palais Pr\u00e9sidentiel de Koulouba, \u00e0 Bamako, la C\u00e9r\u00e9monie de signature de dix-sept accords<\/p>\n<p style=\"text-align: justify;\">La signature de ce nombre important d\u2019accords, qui marque l&rsquo;engagement fort des secteurs public et priv\u00e9, refl\u00e8te la volont\u00e9 commune des Chefs d\u2019Etat des deux pays d\u2019aller de l\u2019avant sur la voie du renforcement des relations entre le Mali et le Maroc.<br \/>\nElle s\u2019inscrit \u00e9galement dans le cadre de l\u2019approche royale int\u00e9gr\u00e9e vis-\u00e0-vis de l\u2019Afrique, qui place l\u2019\u00e9l\u00e9ment humain au c\u0153ur du processus et des objectifs de d\u00e9veloppent, sur la base d\u2019un partage \u00e9quitable des retomb\u00e9es du d\u00e9veloppement.<\/p>\n<p style=\"text-align: justify;\">Ces conventions illustrent aussi l\u2019engagement de SM le Roi \u00e0 consolider une coop\u00e9ration Sud-Sud solidaire et agissante, \u00e9rig\u00e9e par le Souverain parmi les axes fondamentaux de la politique \u00e9trang\u00e8re du Royaume, au service des int\u00e9r\u00eats des peuples africains fr\u00e8res.<br \/>\nElles visent aussi \u00e0 promouvoir les programmes de d\u00e9veloppement humain au regard de leur impact direct sur l\u2019am\u00e9lioration des conditions de vie des citoyens maliens, et \u00e0 imprimer une forte dynamique aux diff\u00e9rents volets de la coop\u00e9ration \u00e9conomique.\u00a0\u00a0\u00a0 Il s&rsquo;agit de :<\/p>\n<p style=\"text-align: justify;\">&#8211; L&rsquo;accord relatif \u00e0 l\u2019encouragement et \u00e0 la protection r\u00e9ciproque des investissements,.<br \/>\n&#8211; La convention sur la non double imposition et de lutte contre l\u2019\u00e9vasion fiscale.<br \/>\n&#8211; L&rsquo;accord de coop\u00e9ration dans le domaine de l\u2019\u00e9levage<br \/>\n&#8211;\u00a0 L&rsquo;accord relatif aux services a\u00e9riens, sign\u00e9 par le ministre de l\u2019Equipement, du transport et de la logistique<br \/>\n&#8211; Le protocole de coop\u00e9ration industrielle, sign\u00e9 par le ministre de l\u2019Industrie, du Commerce, des Investissements et de l\u2019Economie Num\u00e9rique,<br \/>\n&#8211; L&rsquo;accord de coop\u00e9ration entre le Centre marocain de promotion des exportations (Maroc Export) et l\u2019Office des Foires et Expositions de Casablanca (OFEC) et la Chambre de Commerce et d\u2019Industrie du Mali (CCIM).<br \/>\n&#8211; La convention de jumelage et de coop\u00e9ration entre le CHU Ibn Sina de Rabat et le CHU de l\u2019h\u00f4pital G de Bamako,<br \/>\n&#8211; La convention de jumelage et de coop\u00e9ration entre le CHU Ibn Rochd de Casablanca et le CHU Gabriel Tour\u00e9 de Bamako.<br \/>\n&#8211; Le protocole sp\u00e9cifique de coop\u00e9ration dans les domaines minier, p\u00e9trolier et gazier.<br \/>\n&#8211; La convention de partenariat entre le Groupe Banque Centrale Populaire (BCP) du Maroc et le minist\u00e8re de l\u2019Economie, des Finances et du Budget du Mali,<br \/>\n&#8211; L&rsquo;accord relatif au changement du contr\u00f4le indirect de la Sotelma (Maroc Telecom),<br \/>\n&#8211; Du m\u00e9morandum d\u2019entente de coop\u00e9ration en mati\u00e8re de zones industrielles entre la Soci\u00e9t\u00e9 MEDZ et le minist\u00e8re malien de l\u2019Industrie.<br \/>\n&#8211; L&rsquo;accord entre le gouvernement malien et le Groupe Addoha,<br \/>\n&#8211; Le protocole d\u2019accord de coop\u00e9ration en mati\u00e8re de formation professionnelle.<br \/>\n&#8211; La convention de coop\u00e9ration entre l\u2019Office National de l\u2019Electricit\u00e9 et de l\u2019Eau Potable (ONEE) et la Soci\u00e9t\u00e9 malienne de Gestion de l\u2019Eau Potable (SOMAGEP-SA).<br \/>\n&#8211; La convention de coop\u00e9ration entre la Conf\u00e9d\u00e9ration G\u00e9n\u00e9rale des Entreprises du Maroc (CGEM) et le Conseil National du Patronat du Mali (CNPM).<br \/>\n&#8211; L&rsquo;accord entre la Banque internationale du Mali et l\u2019Union Nationale \u2013Soci\u00e9t\u00e9 coop\u00e9rative des producteurs du coton du Mali- (UN-SCPC).<\/p>\n<p style=\"text-align: justify;\">Le Pr\u00e9sident de la R\u00e9publique du Mali, M. Ibrahim Boubacar Ke\u00efta, a offert, jeudi 20 f\u00e9vrier 2014 au Palais Pr\u00e9sidentiel de Koulouba \u00e0 Bamako, un d\u00eener officiel en l&rsquo;honneur de Sa Majest\u00e9 le Roi Mohammed VI.<\/p>\n<p style=\"text-align: justify;\">Sa Majest\u00e9 Le Roi Mohammed VI et le Pr\u00e9sident malien, M. Ibrahim Boubacar Ke\u00efta, ont pr\u00e9sid\u00e9, vendredi 21 f\u00e9vrier 2014, \u00e0 Bamako, la C\u00e9r\u00e9monie de pose de la premi\u00e8re pierre pour la construction d\u2019une clinique p\u00e9rinatale moderne et int\u00e9gr\u00e9e.<br \/>\nCette clinique, qui sera r\u00e9alis\u00e9e par la Fondation Mohammed VI pour le D\u00e9veloppement Durable, sur une superficie globale de 5 hectares dont 7.270 m2 couverts, profitera aux habitants de la ville de Bamako et sa r\u00e9gion, avec un co\u00fbt estim\u00e9 \u00e0 105 Millions de Dirhams.<\/p>\n<p style=\"text-align: justify;\">Cette clinique, de r\u00e9f\u00e9rence de niveau tertiaire pour les maternit\u00e9s de la r\u00e9gion de Bamako, a pour objectifs la fourniture de services p\u00e9rinataux de niveau 3, la prise en charge de grossesses \u00e0 risque, et la limitation de la mortalit\u00e9 maternelle et infantile.<\/p>\n<p style=\"text-align: justify;\">Auparavant, Sa Majest\u00e9 le Roi Mohammed VI, Amir Al Mouminine, et le Pr\u00e9sident de la R\u00e9publique du Mali, Son Excellence M. Ibrahim Boubacar Ke\u00efta, ont accompli la pri\u00e8re du vendredi \u00e0 la grande mosqu\u00e9e de Bamako.<br \/>\nSa Majest\u00e9 le Roi Mohammed VI, accompagn\u00e9 du Pr\u00e9sident malien, M. Ibrahim Boubacar Ke\u00efta, a proc\u00e9d\u00e9, vendredi 21 f\u00e9vrier 2014, \u00e0 Bamako, \u00e0 la remise d\u2019un don de semences bovines au profit des \u00e9leveurs du Mali.<\/p>\n<p style=\"text-align: justify;\">Ce don, octroy\u00e9 par la Fondation Mohammed VI pour le D\u00e9veloppement Durable, consiste en 125.000 doses de semences bovines, ainsi que de mat\u00e9riel d\u2019ins\u00e9mination artificielle . Le mat\u00e9riel compte aussi cinq containers de stockage d\u2019azote liquide, de 200.000 gants de palpation et de 100.000 gaines d\u2019ins\u00e9mination.<\/p>\n<p style=\"text-align: justify;\">La mise en place de ce programme d\u2019ins\u00e9mination artificielle, dont le co\u00fbt s\u2019\u00e9l\u00e8ve \u00e0 trois millions de dirhams, sera assur\u00e9e par une \u00e9quipe d\u2019assistance technique marocaine.<\/p>\n<p style=\"text-align: justify;\">La coop\u00e9ration maroco-malienne pour le d\u00e9veloppement de la fili\u00e8re bovine au Mali s\u2019articule autour de trois axes, en l\u2019occurrence la formation de techniciens ins\u00e9minateurs au Maroc, la cr\u00e9ation de cinq circuit d\u2019ins\u00e9mination artificielle autour des groupements d\u2019\u00e9leveurs et l\u2019appui aux organisations professionnelles pour la gestion du programme d\u2019ins\u00e9mination artificielle.<\/p>\n<p><strong><em>Source : Communiqu\u00e9 de l&rsquo;Ambassade du Royaume du Maroc \u00e0 Ottawa.<\/em><\/strong><\/p>\n<p dir=\"ltr\" style=\"line-height: 100%; margin-top: 0; margin-bottom: 0;\" align=\"center\"><span style=\"background-color: #ffff00;\"><br \/>\n<a href=\"http:\/\/www.xiti.com\/xiti.asp?s=103779\" target=\"_top\"><img loading=\"lazy\" decoding=\"async\" title=\"Mesurez votre audience\" alt=\"\" src=\"http:\/\/logv21.xiti.com\/hit.xiti?s=103779&amp;p=&amp;\" width=\"10\" height=\"5\" border=\"0\" \/><\/a><\/span><\/p>\n<p>&nbsp;<\/p>\n","protected":false},"excerpt":{"rendered":"<p>Sa Majest\u00e9 le Roi Mohammed VI du Maroc effectue depuis le\u00a0 mardi 18 f\u00e9vrier 2014 une tourn\u00e9e en Afrique qui\u00a0 concerne un pays du Sahel, le Mali, deux pays de l\u2019Afrique de l\u2019Ouest\u00a0 la Guin\u00e9e et la C\u00f4te d\u2019Ivoire\u00a0 et un pays de l\u2019Afrique centrale, le Gabon, vouant ainsi l\u2019intensit\u00e9 des relations avec ces pays [&hellip;]<\/p>\n","protected":false},"author":1,"featured_media":1421,"comment_status":"closed","ping_status":"closed","sticky":false,"template":"","format":"standard","meta":{"footnotes":""},"categories":[6,7],"tags":[],"class_list":["post-1419","post","type-post","status-publish","format-standard","has-post-thumbnail","hentry","category-maghreb","category-monde"],"_links":{"self":[{"href":"https:\/\/maroc-canada.ca\/index.php?rest_route=\/wp\/v2\/posts\/1419","targetHints":{"allow":["GET"]}}],"collection":[{"href":"https:\/\/maroc-canada.ca\/index.php?rest_route=\/wp\/v2\/posts"}],"about":[{"href":"https:\/\/maroc-canada.ca\/index.php?rest_route=\/wp\/v2\/types\/post"}],"author":[{"embeddable":true,"href":"https:\/\/maroc-canada.ca\/index.php?rest_route=\/wp\/v2\/users\/1"}],"replies":[{"embeddable":true,"href":"https:\/\/maroc-canada.ca\/index.php?rest_route=%2Fwp%2Fv2%2Fcomments&post=1419"}],"version-history":[{"count":3,"href":"https:\/\/maroc-canada.ca\/index.php?rest_route=\/wp\/v2\/posts\/1419\/revisions"}],"predecessor-version":[{"id":1424,"href":"https:\/\/maroc-canada.ca\/index.php?rest_route=\/wp\/v2\/posts\/1419\/revisions\/1424"}],"wp:featuredmedia":[{"embeddable":true,"href":"https:\/\/maroc-canada.ca\/index.php?rest_route=\/wp\/v2\/media\/1421"}],"wp:attachment":[{"href":"https:\/\/maroc-canada.ca\/index.php?rest_route=%2Fwp%2Fv2%2Fmedia&parent=1419"}],"wp:term":[{"taxonomy":"category","embeddable":true,"href":"https:\/\/maroc-canada.ca\/index.php?rest_route=%2Fwp%2Fv2%2Fcategories&post=1419"},{"taxonomy":"post_tag","embeddable":true,"href":"https:\/\/maroc-canada.ca\/index.php?rest_route=%2Fwp%2Fv2%2Ftags&post=1419"}],"curies":[{"name":"wp","href":"https:\/\/api.w.org\/{rel}","templated":true}]}}