{"id":142,"date":"2013-01-28T13:39:48","date_gmt":"2013-01-28T18:39:48","guid":{"rendered":"http:\/\/maroc-canada.ca\/?p=142"},"modified":"2013-03-25T18:38:09","modified_gmt":"2013-03-25T22:38:09","slug":"marrakech-maroc-cinquante-diplomates-responsables-et-analystes-originaires-de-soixante-sept-pays-au-chevet-du-sahel","status":"publish","type":"post","link":"https:\/\/maroc-canada.ca\/?p=142","title":{"rendered":"Marrakech (Maroc) : Cinquante diplomates, responsables et analystes originaires de soixante-sept pays au chevet du Sahel"},"content":{"rendered":"<p><a href=\"http:\/\/maroc-canada.ca\/wp-content\/uploads\/2013\/01\/marrakech-sahael.jpg\"><img loading=\"lazy\" decoding=\"async\" class=\"size-full wp-image-143 alignleft\" alt=\"marrakech-sahael\" src=\"http:\/\/maroc-canada.ca\/wp-content\/uploads\/2013\/01\/marrakech-sahael.jpg\" width=\"401\" height=\"301\" srcset=\"https:\/\/maroc-canada.ca\/wp-content\/uploads\/2013\/01\/marrakech-sahael.jpg 800w, https:\/\/maroc-canada.ca\/wp-content\/uploads\/2013\/01\/marrakech-sahael-300x225.jpg 300w, https:\/\/maroc-canada.ca\/wp-content\/uploads\/2013\/01\/marrakech-sahael-100x75.jpg 100w\" sizes=\"auto, (max-width: 401px) 100vw, 401px\" \/><\/a>Plus de cent cinquante diplomates, responsables et analystes originaires de soixante-sept pays se sont r\u00e9unis les 25 et 26 janvier \u00e0 Marrakech pour explorer des solutions \u00e0 l&rsquo;instabilit\u00e9 au Sahel.<\/p>\n<p>Il est urgent d&#8217;emp\u00eacher la menace terroriste de se propager dans la r\u00e9gion, ont conclu les participants au quatri\u00e8me\u00a0<a href=\"http:\/\/www.magharebia.com\/cocoon\/awi\/xhtml1\/fr\/features\/awi\/features\/2012\/01\/23\/feature-06\">Forum sur la s\u00e9curit\u00e9 de Marrakech<\/a>, organis\u00e9 par la F\u00e9d\u00e9ration africaine d&rsquo;\u00e9tudes strat\u00e9giques (FAES) et le Centre marocain d&rsquo;\u00e9tudes strat\u00e9giques (CMES).<\/p>\n<p>Tous les Etats du Sahel doivent d\u00e9sormais afficher leur d\u00e9termination \u00e0 concevoir une strat\u00e9gie efficace et effective pour lutter contre le terrorisme, a expliqu\u00e9\u00a0<a href=\"http:\/\/www.magharebia.com\/cocoon\/awi\/xhtml1\/fr\/features\/awi\/reportage\/2013\/01\/25\/reportage-01\">Mohammed Benhammou<\/a>, directeur de ces deux groupes de r\u00e9flexion.<\/p>\n<p>\u00ab\u00a0Si la solution militaire s&rsquo;est impos\u00e9e r\u00e9cemment dans le cas du Mali, celle-ci ne peut \u00eatre per\u00e7ue comme l&rsquo;unique et la plus importante option, d&rsquo;o\u00f9 la n\u00e9cessit\u00e9 de pr\u00e9voir d&rsquo;autres solutions \u00e0 caract\u00e8re politique, \u00e9conomique et social\u00a0\u00bb, a-t-il d\u00e9clar\u00e9 lors de cette conf\u00e9rence.<\/p>\n<p>\u00ab\u00a0Le Sahel d&rsquo;aujourd&rsquo;hui est \u00e9galement le th\u00e9\u00e2tre de la circulation et de la prolif\u00e9ration d&rsquo;armes lourdes, en particulier depuis l&rsquo;effondrement du r\u00e9gime de Kadhafi\u00a0\u00bb, avait d\u00e9clar\u00e9 Benhammou \u00e0 Magharebia avant l&rsquo;ouverture de ce forum.<\/p>\n<p>Il avait ajout\u00e9 que la r\u00e9gion \u00e9tait devenue \u00ab\u00a0un repaire de menaces pour la paix et la s\u00e9curit\u00e9 r\u00e9gionales et internationales\u00a0\u00bb.<\/p>\n<p>\u00ab\u00a0R\u00e9soudre ce probl\u00e8me exige, outre l&rsquo;option militaire, des strat\u00e9gies compl\u00e8tes en faveur du d\u00e9veloppement \u00e9conomique et social, humain et la remise en place des institutions du Sahel\u00a0\u00bb, a-t-il expliqu\u00e9.<\/p>\n<p>Un avis partag\u00e9 par l&rsquo;ancien ministre malien des Affaires \u00e9trang\u00e8res Zeini Moulaye, qui a soulign\u00e9 la n\u00e9cessit\u00e9 d&rsquo;\u00e9laborer une strat\u00e9gie s\u00e9curitaire collective pour l&rsquo;ensemble de l&rsquo;Afrique.<\/p>\n<p>\u00ab\u00a0La stabilit\u00e9 politique dans la r\u00e9gion passe par le renforcement de la s\u00e9curit\u00e9, la promotion du d\u00e9veloppement \u00e9conomique et social et l&rsquo;encouragement des investissements productifs\u00a0\u00bb, a-t-il d\u00e9clar\u00e9 lors d&rsquo;une conf\u00e9rence de presse organis\u00e9e en marge de ce forum.<\/p>\n<p>Pour sa part, le g\u00e9n\u00e9ral fran\u00e7ais Jean Maurin a indiqu\u00e9 qu&rsquo;aucun pays n&rsquo;avait \u00e0 lui seul la r\u00e9ponse \u00e0 la crise au Mali et a souhait\u00e9 l&rsquo;implication de l&rsquo;ensemble des pays.<\/p>\n<p>\u00ab\u00a0Il faut lutter collectivement contre la menace terroriste dans la zone sah\u00e9lo-saharienne o\u00f9 s&rsquo;activent nombre de groupements terroristes, s\u00e9paratistes et criminels\u00a0\u00bb, a-t-il d\u00e9clar\u00e9.<\/p>\n<p>Le colonel Bakou Magounia du B\u00e9nin a insist\u00e9 sur le fait que la mise en place de la d\u00e9mocratie et de la s\u00e9curit\u00e9 sont des sujets qu\u2019il importe d\u2019aborder avec la plus grande priorit\u00e9 au Mali.<\/p>\n<p>Soulignant qu&rsquo;aucun pays n&rsquo;est \u00e0 l&rsquo;abri de la menace du terrorisme, le g\u00e9n\u00e9ral am\u00e9ricain Charles Hooper a regrett\u00e9 les lacunes s\u00e9curitaires dans la r\u00e9gion, la fragilit\u00e9 des institutions d\u00e9mocratiques, les crises \u00e9conomiques et sociales, ainsi que les difficiles conditions climatiques, qui affaiblissent directement les autorit\u00e9s et les placent sous la pression des groupes terroristes.<\/p>\n<p>Les participants ont appel\u00e9 au r\u00e9tablissement de la d\u00e9mocratie dans la r\u00e9gion et au renforcement des mesures de s\u00e9curit\u00e9 pour \u00e9radiquer l&rsquo;extr\u00e9misme et emp\u00eacher la propagation de la crise au Mali. Ils ont \u00e9galement soulign\u00e9 l&rsquo;importance de la promotion de la bonne gouvernance permettant de r\u00e9pondre de mani\u00e8re positive aux attentes de l&rsquo;opinion.<\/p>\n<p>Les participants ont \u00e9galement insist\u00e9 sur l\u2019importance de focaliser les efforts sur les volets en rapport avec le d\u00e9veloppement durable, car, disent-ils, \u00e0 cause de la pauvret\u00e9, de la mis\u00e8re, de la famine et de la s\u00e9cheresse, ce sont entre cinq et six millions d\u2019habitants du Sahel qui ont besoin d\u2019une assistance imm\u00e9diate.<\/p>\n<p>Source : magharebia.com<\/p>\n<p>(Par Hassan Benmehdi \u00e0 Marrakech \u2013 28\/01\/13)<\/p>\n","protected":false},"excerpt":{"rendered":"<p>Plus de cent cinquante diplomates, responsables et analystes originaires de soixante-sept pays se sont r\u00e9unis les 25 et 26 janvier \u00e0 Marrakech pour explorer des solutions \u00e0 l&rsquo;instabilit\u00e9 au Sahel. Il est urgent d&#8217;emp\u00eacher la menace terroriste de se propager dans la r\u00e9gion, ont conclu les participants au quatri\u00e8me\u00a0Forum sur la s\u00e9curit\u00e9 de Marrakech, organis\u00e9 [&hellip;]<\/p>\n","protected":false},"author":1,"featured_media":143,"comment_status":"closed","ping_status":"open","sticky":false,"template":"","format":"standard","meta":{"footnotes":""},"categories":[6,7],"tags":[],"class_list":["post-142","post","type-post","status-publish","format-standard","has-post-thumbnail","hentry","category-maghreb","category-monde"],"_links":{"self":[{"href":"https:\/\/maroc-canada.ca\/index.php?rest_route=\/wp\/v2\/posts\/142","targetHints":{"allow":["GET"]}}],"collection":[{"href":"https:\/\/maroc-canada.ca\/index.php?rest_route=\/wp\/v2\/posts"}],"about":[{"href":"https:\/\/maroc-canada.ca\/index.php?rest_route=\/wp\/v2\/types\/post"}],"author":[{"embeddable":true,"href":"https:\/\/maroc-canada.ca\/index.php?rest_route=\/wp\/v2\/users\/1"}],"replies":[{"embeddable":true,"href":"https:\/\/maroc-canada.ca\/index.php?rest_route=%2Fwp%2Fv2%2Fcomments&post=142"}],"version-history":[{"count":3,"href":"https:\/\/maroc-canada.ca\/index.php?rest_route=\/wp\/v2\/posts\/142\/revisions"}],"predecessor-version":[{"id":145,"href":"https:\/\/maroc-canada.ca\/index.php?rest_route=\/wp\/v2\/posts\/142\/revisions\/145"}],"wp:featuredmedia":[{"embeddable":true,"href":"https:\/\/maroc-canada.ca\/index.php?rest_route=\/wp\/v2\/media\/143"}],"wp:attachment":[{"href":"https:\/\/maroc-canada.ca\/index.php?rest_route=%2Fwp%2Fv2%2Fmedia&parent=142"}],"wp:term":[{"taxonomy":"category","embeddable":true,"href":"https:\/\/maroc-canada.ca\/index.php?rest_route=%2Fwp%2Fv2%2Fcategories&post=142"},{"taxonomy":"post_tag","embeddable":true,"href":"https:\/\/maroc-canada.ca\/index.php?rest_route=%2Fwp%2Fv2%2Ftags&post=142"}],"curies":[{"name":"wp","href":"https:\/\/api.w.org\/{rel}","templated":true}]}}