{"id":1559,"date":"2014-03-31T19:32:35","date_gmt":"2014-03-31T23:32:35","guid":{"rendered":"http:\/\/maghreb-canada.ca\/?p=1559"},"modified":"2014-04-01T21:27:46","modified_gmt":"2014-04-02T01:27:46","slug":"1559","status":"publish","type":"post","link":"https:\/\/maroc-canada.ca\/?p=1559","title":{"rendered":"Islam et rivalit\u00e9s politiques au Moyen Orient"},"content":{"rendered":"<p><!--[if !mso]>\n\n\n\n<style>\nv\\:* {behavior:url(#default#VML);}\no\\:* {behavior:url(#default#VML);}\nb\\:* {behavior:url(#default#VML);}\n.shape {behavior:url(#default#VML);}\n<\/style>\n\n<![endif]--><\/p>\n<p><!--[if pub]><xml>\n<b:Publication type=\"OplPub\" oty=\"68\" oh=\"256\">\n<b:OhPrintBlock priv=\"30e\">280<\/b:OhPrintBlock>\n<b:NuDefaultUnits priv=\"1004\">1<\/b:NuDefaultUnits>\n<b:DptlPageDimensions type=\"OplPt\" priv=\"1211\">\n<b:Xl priv=\"104\">7560000<\/b:Xl>\n<b:Yl priv=\"204\">10692000<\/b:Yl>\n<\/b:DptlPageDimensions>\n<b:DxlDefaultTab priv=\"1504\">359410<\/b:DxlDefaultTab>\n<b:OhGallery priv=\"180e\">259<\/b:OhGallery>\n<b:OhFancyBorders priv=\"190e\">261<\/b:OhFancyBorders>\n<b:OhCaptions priv=\"1a0e\">257<\/b:OhCaptions>\n<b:OhQuillDoc priv=\"200e\">275<\/b:OhQuillDoc>\n<b:OhMailMergeData priv=\"210e\">262<\/b:OhMailMergeData>\n<b:OhColorScheme priv=\"220e\">278<\/b:OhColorScheme>\n<b:DwNextUniqueOid priv=\"2304\">1<\/b:DwNextUniqueOid>\n<b:IdentGUID priv=\"2a07\">0C23*X,)^'DBVC[\\M#XIS8`<\/b:IdentGUID>\n<b:DpgSpecial priv=\"2c03\">5<\/b:DpgSpecial>\n<\/b:Publication>\n<b:PrinterInfo type=\"OplPrb\" oty=\"75\" oh=\"280\">\n<b:OhColorSepBlock priv=\"30e\">281<\/b:OhColorSepBlock>\n<b:FInitComplete priv=\"1400\">False<\/b:FInitComplete>\n<b:DpiX priv=\"2203\">0<\/b:DpiX>\n<b:DpiY priv=\"2303\">0<\/b:DpiY>\n<\/b:PrinterInfo>\n<b:ColorSeperationInfo type=\"OplCsb\" oty=\"79\" oh=\"281\">\n<b:Plates type=\"OplCsp\" priv=\"214\">\n<b:OplCsp type=\"OplCsp\" priv=\"11\">\n<b:EcpPlate type=\"OplEcp\" priv=\"213\">\n<b:Color priv=\"104\">-1<\/b:Color>\n<\/b:EcpPlate>\n<\/b:OplCsp>\n<\/b:Plates>\n<b:DzlOverprintMost priv=\"304\">304800<\/b:DzlOverprintMost>\n<b:CprOverprintMin priv=\"404\">243<\/b:CprOverprintMin>\n<b:FKeepawayTrap priv=\"700\">True<\/b:FKeepawayTrap>\n<b:CprTrapMin1 priv=\"904\">128<\/b:CprTrapMin1>\n<b:CprTrapMin2 priv=\"a04\">77<\/b:CprTrapMin2>\n<b:CprKeepawayMin priv=\"b04\">255<\/b:CprKeepawayMin>\n<b:DzlTrap priv=\"c04\">3175<\/b:DzlTrap>\n<b:DzlIndTrap priv=\"d04\">3175<\/b:DzlIndTrap>\n<b:PctCenterline priv=\"e04\">70<\/b:PctCenterline>\n<b:FMarksRegistration priv=\"f00\">True<\/b:FMarksRegistration>\n<b:FMarksJob priv=\"1000\">True<\/b:FMarksJob>\n<b:FMarksDensity priv=\"1100\">True<\/b:FMarksDensity>\n<b:FMarksColor priv=\"1200\">True<\/b:FMarksColor>\n<b:FLineScreenDefault priv=\"1300\">True<\/b:FLineScreenDefault>\n<\/b:ColorSeperationInfo>\n<b:TextDocProperties type=\"OplDocq\" oty=\"91\" oh=\"275\">\n<b:OhPlcqsb priv=\"20e\">277<\/b:OhPlcqsb>\n<b:EcpSplitMenu type=\"OplEcp\" priv=\"a13\">\n<b:Color>134217728<\/b:Color>\n<\/b:EcpSplitMenu>\n<\/b:TextDocProperties>\n<b:StoryBlock type=\"OplPlcQsb\" oty=\"101\" oh=\"277\">\n<b:IqsbMax priv=\"104\">1<\/b:IqsbMax>\n<b:Rgqsb type=\"OplQsb\" priv=\"214\">\n<b:OplQsb type=\"OplQsb\" priv=\"11\">\n<b:Qsid priv=\"104\">1<\/b:Qsid>\n<b:TomfCopyfitBase priv=\"80b\">-9999996.000000<\/b:TomfCopyfitBase>\n<b:TomfCopyfitBase2 priv=\"90b\">-9999996.000000<\/b:TomfCopyfitBase2>\n<\/b:OplQsb>\n<\/b:Rgqsb>\n<\/b:StoryBlock>\n<b:ColorScheme type=\"OplSccm\" oty=\"92\" oh=\"278\">\n<b:Cecp priv=\"104\">8<\/b:Cecp>\n<b:Rgecp type=\"OplEcp\" priv=\"214\">\n<b:OplEcp type=\"OplEcp\" priv=\"11\">\n<b:Color>2105633<\/b:Color>\n<b:ColorExt priv=\"204\">2105633<\/b:ColorExt>\n<b:ColorExtCmy priv=\"404\">130600<\/b:ColorExtCmy>\n<b:ColorExtK priv=\"504\">0<\/b:ColorExtK>\n<\/b:OplEcp>\n<b:OplEcp type=\"OplEcp\" priv=\"111\">\n<b:Color>3499593<\/b:Color>\n<b:ColorExt>3499593<\/b:ColorExt>\n<b:ColorExtCmy>1721467368<\/b:ColorExtCmy>\n<b:ColorExtK>291<\/b:ColorExtK>\n<\/b:OplEcp>\n<b:OplEcp type=\"OplEcp\" priv=\"211\">\n<b:Color>10016473<\/b:Color>\n<b:ColorExt>10016473<\/b:ColorExt>\n<b:ColorExtCmy>1613124584<\/b:ColorExtCmy>\n<b:ColorExtK>5<\/b:ColorExtK>\n<\/b:OplEcp>\n<b:OplEcp type=\"OplEcp\" priv=\"311\">\n<b:Color>14084321<\/b:Color>\n<b:ColorExt>14084321<\/b:ColorExt>\n<b:ColorExtCmy>1108362696<\/b:ColorExtCmy>\n<b:ColorExtK>0<\/b:ColorExtK>\n<\/b:OplEcp>\n<b:OplEcp type=\"OplEcp\" priv=\"411\">\n<b:Color>13948636<\/b:Color>\n<b:ColorExt>13948636<\/b:ColorExt>\n<b:ColorExtCmy>741360104<\/b:ColorExtCmy>\n<b:ColorExtK>28<\/b:ColorExtK>\n<\/b:OplEcp>\n<b:OplEcp type=\"OplEcp\" priv=\"511\">\n<b:Color>4038223<\/b:Color>\n<b:ColorExt>4038223<\/b:ColorExt>\n<b:ColorExtCmy>2047571432<\/b:ColorExtCmy>\n<b:ColorExtK>71<\/b:ColorExtK>\n<\/b:OplEcp>\n<b:OplEcp type=\"OplEcp\" priv=\"611\">\n<b:Color>3573130<\/b:Color>\n<b:ColorExt>3573130<\/b:ColorExt>\n<b:ColorExtCmy>1956308456<\/b:ColorExtCmy>\n<b:ColorExtK>123<\/b:ColorExtK>\n<\/b:OplEcp>\n<b:OplEcp type=\"OplEcp\" priv=\"711\">\n<b:Color>16711679<\/b:Color>\n<b:ColorExt>16711679<\/b:ColorExt>\n<b:ColorExtCmy>8<\/b:ColorExtCmy>\n<b:ColorExtK>0<\/b:ColorExtK>\n<\/b:OplEcp>\n<\/b:Rgecp>\n<b:IScheme priv=\"304\">21<\/b:IScheme>\n<b:SzSchemeName priv=\"618\">Ivy<\/b:SzSchemeName>\n<\/b:ColorScheme>\n<\/xml><![endif]--><!--[if pub]><xml>\n<b:Page type=\"OplPd\" oty=\"67\" oh=\"265\">\n<b:PtlvOrigin type=\"OplPt\" priv=\"511\">\n<b:Xl>22860000<\/b:Xl>\n<b:Yl>22860000<\/b:Yl>\n<\/b:PtlvOrigin>\n<b:Oid priv=\"605\">(`@`````````<\/b:Oid>\n<b:OhoplWebPageProps priv=\"90e\">266<\/b:OhoplWebPageProps>\n<b:OhpdMaster priv=\"d0d\">263<\/b:OhpdMaster>\n<b:PgtType priv=\"1004\">5<\/b:PgtType>\n<\/b:Page>\n<\/xml><![endif]--><!--[if gte mso 9]><xml>\n<o:shapedefaults v:ext=\"edit\" spidmax=\"3073\" fill=\"f\" fillcolor=\"#fffffe [7]\"\nstrokecolor=\"#212120 [0]\">\n<v:fill color=\"#fffffe [7]\" color2=\"#212120 [0]\" on=\"f\"\/>\n<v:stroke color=\"#212120 [0]\" color2=\"#fffffe [7]\">\n<o:left v:ext=\"view\" color=\"#212120 [0]\" color2=\"#fffffe [7]\"\/>\n<o:top v:ext=\"view\" color=\"#212120 [0]\" color2=\"#fffffe [7]\"\/>\n<o:right v:ext=\"view\" color=\"#212120 [0]\" color2=\"#fffffe [7]\"\/>\n<o:bottom v:ext=\"view\" color=\"#212120 [0]\" color2=\"#fffffe [7]\"\/>\n<o:column v:ext=\"view\" color=\"#212120 [0]\" color2=\"#fffffe [7]\"\/>\n<\/v:stroke>\n<v:shadow color=\"#dcd6d4 [4]\"\/>\n<v:textbox inset=\"2.88pt,2.88pt,2.88pt,2.88pt\"\/>\n<o:colormenu v:ext=\"edit\" fillcolor=\"#496635 [1]\" strokecolor=\"#212120 [0]\"\nshadowcolor=\"#dcd6d4 [4]\"\/>\n<\/o:shapedefaults><o:shapelayout v:ext=\"edit\">\n<o:idmap v:ext=\"edit\" data=\"1\"\/>\n<\/o:shapelayout><\/xml><![endif]--><\/p>\n<p class=\"MsoNormal\">Par Anas Abdoun, \u00c9tudiant en Sciences Politiques \u00e0 l\u2019Universit\u00e9 de Montr\u00e9al<\/p>\n<p class=\"MsoNormal\"><span style=\"font-size: 18.0pt; line-height: 110%; font-family: Century; mso-default-font-family: Century; mso-ascii-font-family: Century; mso-latin-font-family: Century; mso-greek-font-family: Century; mso-cyrillic-font-family: Century; mso-latinext-font-family: Century; font-style: italic; language: FR-CA; mso-ansi-language: FR-CA;\"><a href=\"http:\/\/maghreb-canada.ca\/?attachment_id=1560\" rel=\"attachment wp-att-1560\"><img loading=\"lazy\" decoding=\"async\" class=\" wp-image-1560 alignleft\" alt=\"anas abdoun\" src=\"http:\/\/maroc-canada.ca\/wp-content\/uploads\/2014\/03\/anas-abdoun-232x300.jpg\" width=\"98\" height=\"128\" srcset=\"https:\/\/maroc-canada.ca\/wp-content\/uploads\/2014\/03\/anas-abdoun-232x300.jpg 232w, https:\/\/maroc-canada.ca\/wp-content\/uploads\/2014\/03\/anas-abdoun-116x150.jpg 116w, https:\/\/maroc-canada.ca\/wp-content\/uploads\/2014\/03\/anas-abdoun.jpg 500w\" sizes=\"auto, (max-width: 98px) 100vw, 98px\" \/><\/a>Cela fait maintenant un peu plus d\u2019une dizaine d\u2019ann\u00e9es que les relations internationales au Moyen-Orient sont rythm\u00e9es par la rivalit\u00e9 \u00e9ternelle entre le royaume d\u2019Arabie-Saoudite et la r\u00e9publique islamique d\u2019Iran.<\/span><\/p>\n<p class=\"MsoNormal\"><!--[if !mso]><\/p>\n\n\n\n\n\n<style>\nv\\:* {behavior:url(#default#VML);}\no\\:* {behavior:url(#default#VML);}\nb\\:* {behavior:url(#default#VML);}\n.shape {behavior:url(#default#VML);}\n<\/style>\n\n<![endif]--><\/p>\n<p class=\"MsoNormal\"><!--[if pub]><xml>\n<b:Publication type=\"OplPub\" oty=\"68\" oh=\"256\">\n<b:OhPrintBlock priv=\"30e\">280<\/b:OhPrintBlock>\n<b:NuDefaultUnits priv=\"1004\">1<\/b:NuDefaultUnits>\n<b:DptlPageDimensions type=\"OplPt\" priv=\"1211\">\n<b:Xl priv=\"104\">7560000<\/b:Xl>\n<b:Yl priv=\"204\">10692000<\/b:Yl>\n<\/b:DptlPageDimensions>\n<b:DxlDefaultTab priv=\"1504\">359410<\/b:DxlDefaultTab>\n<b:OhGallery priv=\"180e\">259<\/b:OhGallery>\n<b:OhFancyBorders priv=\"190e\">261<\/b:OhFancyBorders>\n<b:OhCaptions priv=\"1a0e\">257<\/b:OhCaptions>\n<b:OhQuillDoc priv=\"200e\">275<\/b:OhQuillDoc>\n<b:OhMailMergeData priv=\"210e\">262<\/b:OhMailMergeData>\n<b:OhColorScheme priv=\"220e\">278<\/b:OhColorScheme>\n<b:DwNextUniqueOid priv=\"2304\">1<\/b:DwNextUniqueOid>\n<b:IdentGUID priv=\"2a07\">0C23*X,)^'DBVC[\\M#XIS8`<\/b:IdentGUID>\n<b:DpgSpecial priv=\"2c03\">5<\/b:DpgSpecial>\n<\/b:Publication>\n<b:PrinterInfo type=\"OplPrb\" oty=\"75\" oh=\"280\">\n<b:OhColorSepBlock priv=\"30e\">281<\/b:OhColorSepBlock>\n<b:FInitComplete priv=\"1400\">False<\/b:FInitComplete>\n<b:DpiX priv=\"2203\">0<\/b:DpiX>\n<b:DpiY priv=\"2303\">0<\/b:DpiY>\n<\/b:PrinterInfo>\n<b:ColorSeperationInfo type=\"OplCsb\" oty=\"79\" oh=\"281\">\n<b:Plates type=\"OplCsp\" priv=\"214\">\n<b:OplCsp type=\"OplCsp\" priv=\"11\">\n<b:EcpPlate type=\"OplEcp\" priv=\"213\">\n<b:Color priv=\"104\">-1<\/b:Color>\n<\/b:EcpPlate>\n<\/b:OplCsp>\n<\/b:Plates>\n<b:DzlOverprintMost priv=\"304\">304800<\/b:DzlOverprintMost>\n<b:CprOverprintMin priv=\"404\">243<\/b:CprOverprintMin>\n<b:FKeepawayTrap priv=\"700\">True<\/b:FKeepawayTrap>\n<b:CprTrapMin1 priv=\"904\">128<\/b:CprTrapMin1>\n<b:CprTrapMin2 priv=\"a04\">77<\/b:CprTrapMin2>\n<b:CprKeepawayMin priv=\"b04\">255<\/b:CprKeepawayMin>\n<b:DzlTrap priv=\"c04\">3175<\/b:DzlTrap>\n<b:DzlIndTrap priv=\"d04\">3175<\/b:DzlIndTrap>\n<b:PctCenterline priv=\"e04\">70<\/b:PctCenterline>\n<b:FMarksRegistration priv=\"f00\">True<\/b:FMarksRegistration>\n<b:FMarksJob priv=\"1000\">True<\/b:FMarksJob>\n<b:FMarksDensity priv=\"1100\">True<\/b:FMarksDensity>\n<b:FMarksColor priv=\"1200\">True<\/b:FMarksColor>\n<b:FLineScreenDefault priv=\"1300\">True<\/b:FLineScreenDefault>\n<\/b:ColorSeperationInfo>\n<b:TextDocProperties type=\"OplDocq\" oty=\"91\" oh=\"275\">\n<b:OhPlcqsb priv=\"20e\">277<\/b:OhPlcqsb>\n<b:EcpSplitMenu type=\"OplEcp\" priv=\"a13\">\n<b:Color>134217728<\/b:Color>\n<\/b:EcpSplitMenu>\n<\/b:TextDocProperties>\n<b:StoryBlock type=\"OplPlcQsb\" oty=\"101\" oh=\"277\">\n<b:IqsbMax priv=\"104\">1<\/b:IqsbMax>\n<b:Rgqsb type=\"OplQsb\" priv=\"214\">\n<b:OplQsb type=\"OplQsb\" priv=\"11\">\n<b:Qsid priv=\"104\">3<\/b:Qsid>\n<b:TomfCopyfitBase priv=\"80b\">-9999996.000000<\/b:TomfCopyfitBase>\n<b:TomfCopyfitBase2 priv=\"90b\">-9999996.000000<\/b:TomfCopyfitBase2>\n<\/b:OplQsb>\n<\/b:Rgqsb>\n<\/b:StoryBlock>\n<b:ColorScheme type=\"OplSccm\" oty=\"92\" oh=\"278\">\n<b:Cecp priv=\"104\">8<\/b:Cecp>\n<b:Rgecp type=\"OplEcp\" priv=\"214\">\n<b:OplEcp type=\"OplEcp\" priv=\"11\">\n<b:Color>2105633<\/b:Color>\n<b:ColorExt priv=\"204\">2105633<\/b:ColorExt>\n<b:ColorExtCmy priv=\"404\">130600<\/b:ColorExtCmy>\n<b:ColorExtK priv=\"504\">0<\/b:ColorExtK>\n<\/b:OplEcp>\n<b:OplEcp type=\"OplEcp\" priv=\"111\">\n<b:Color>3499593<\/b:Color>\n<b:ColorExt>3499593<\/b:ColorExt>\n<b:ColorExtCmy>1721467368<\/b:ColorExtCmy>\n<b:ColorExtK>291<\/b:ColorExtK>\n<\/b:OplEcp>\n<b:OplEcp type=\"OplEcp\" priv=\"211\">\n<b:Color>10016473<\/b:Color>\n<b:ColorExt>10016473<\/b:ColorExt>\n<b:ColorExtCmy>1613124584<\/b:ColorExtCmy>\n<b:ColorExtK>5<\/b:ColorExtK>\n<\/b:OplEcp>\n<b:OplEcp type=\"OplEcp\" priv=\"311\">\n<b:Color>14084321<\/b:Color>\n<b:ColorExt>14084321<\/b:ColorExt>\n<b:ColorExtCmy>1108362696<\/b:ColorExtCmy>\n<b:ColorExtK>0<\/b:ColorExtK>\n<\/b:OplEcp>\n<b:OplEcp type=\"OplEcp\" priv=\"411\">\n<b:Color>13948636<\/b:Color>\n<b:ColorExt>13948636<\/b:ColorExt>\n<b:ColorExtCmy>741360104<\/b:ColorExtCmy>\n<b:ColorExtK>28<\/b:ColorExtK>\n<\/b:OplEcp>\n<b:OplEcp type=\"OplEcp\" priv=\"511\">\n<b:Color>4038223<\/b:Color>\n<b:ColorExt>4038223<\/b:ColorExt>\n<b:ColorExtCmy>2047571432<\/b:ColorExtCmy>\n<b:ColorExtK>71<\/b:ColorExtK>\n<\/b:OplEcp>\n<b:OplEcp type=\"OplEcp\" priv=\"611\">\n<b:Color>3573130<\/b:Color>\n<b:ColorExt>3573130<\/b:ColorExt>\n<b:ColorExtCmy>1956308456<\/b:ColorExtCmy>\n<b:ColorExtK>123<\/b:ColorExtK>\n<\/b:OplEcp>\n<b:OplEcp type=\"OplEcp\" priv=\"711\">\n<b:Color>16711679<\/b:Color>\n<b:ColorExt>16711679<\/b:ColorExt>\n<b:ColorExtCmy>8<\/b:ColorExtCmy>\n<b:ColorExtK>0<\/b:ColorExtK>\n<\/b:OplEcp>\n<\/b:Rgecp>\n<b:IScheme priv=\"304\">21<\/b:IScheme>\n<b:SzSchemeName priv=\"618\">Ivy<\/b:SzSchemeName>\n<\/b:ColorScheme>\n<\/xml><![endif]--><!--[if pub]><xml>\n<b:Page type=\"OplPd\" oty=\"67\" oh=\"265\">\n<b:PtlvOrigin type=\"OplPt\" priv=\"511\">\n<b:Xl>22860000<\/b:Xl>\n<b:Yl>22860000<\/b:Yl>\n<\/b:PtlvOrigin>\n<b:Oid priv=\"605\">(`@`````````<\/b:Oid>\n<b:OhoplWebPageProps priv=\"90e\">266<\/b:OhoplWebPageProps>\n<b:OhpdMaster priv=\"d0d\">263<\/b:OhpdMaster>\n<b:PgtType priv=\"1004\">5<\/b:PgtType>\n<\/b:Page>\n<\/xml><![endif]--><!--[if gte mso 9]><xml>\n<o:shapedefaults v:ext=\"edit\" spidmax=\"3073\" fill=\"f\" fillcolor=\"#fffffe [7]\"\nstrokecolor=\"#212120 [0]\">\n<v:fill color=\"#fffffe [7]\" color2=\"#212120 [0]\" on=\"f\"\/>\n<v:stroke color=\"#212120 [0]\" color2=\"#fffffe [7]\">\n<o:left v:ext=\"view\" color=\"#212120 [0]\" color2=\"#fffffe [7]\"\/>\n<o:top v:ext=\"view\" color=\"#212120 [0]\" color2=\"#fffffe [7]\"\/>\n<o:right v:ext=\"view\" color=\"#212120 [0]\" color2=\"#fffffe [7]\"\/>\n<o:bottom v:ext=\"view\" color=\"#212120 [0]\" color2=\"#fffffe [7]\"\/>\n<o:column v:ext=\"view\" color=\"#212120 [0]\" color2=\"#fffffe [7]\"\/>\n<\/v:stroke>\n<v:shadow color=\"#dcd6d4 [4]\"\/>\n<v:textbox inset=\"2.88pt,2.88pt,2.88pt,2.88pt\"\/>\n<o:colormenu v:ext=\"edit\" fillcolor=\"#496635 [1]\" strokecolor=\"#212120 [0]\"\nshadowcolor=\"#dcd6d4 [4]\"\/>\n<\/o:shapedefaults><o:shapelayout v:ext=\"edit\">\n<o:idmap v:ext=\"edit\" data=\"1\"\/>\n<\/o:shapelayout><\/xml><![endif]--><\/p>\n<p class=\"MsoNormal\" style=\"text-align: justify; text-justify: newspaper; text-kashida-space: 50%; mso-element: dropcap-dropped; mso-element-linespan: 4; mso-element-linesup: 0; margin-right: 4.5pt;\"><span style=\"float: left; clear: left; font-size: 36.4pt; line-height: 110%; font-family: 'Baskerville Old Face'; mso-default-font-family: Arial; mso-ascii-font-family: Arial; mso-latin-font-family: Arial; mso-greek-font-family: Arial; mso-cyrillic-font-family: Arial; mso-hebrew-font-family: Arial; mso-arabic-font-family: Arial; mso-latinext-font-family: Arial; color: #5f5f5f; font-style: normal; font-weight: normal; language: FR-CA; mso-ansi-language: FR-CA;\">L\u2019<\/span>identit\u00e9 islamique fondamentale des deux pays rivaux sont \u00e0 la base de leurs influences au Moyen-Orient. En effet, l\u2019Arabie saoudite aime r\u00e9p\u00e9ter qu&rsquo;elle est le berceau de l&rsquo;islam et terre de naissance du proph\u00e8te Mohamed, ce qui lui conf\u00e8re son caract\u00e8re sacr\u00e9. Le contr\u00f4le des lieux saints donne ainsi au royaume un magist\u00e8re religieux important dans l&rsquo;ensemble du monde musulman. La religion, en plus d&rsquo;avoir une place centrale au royaume est \u00e0 la base m\u00eame de sa l\u00e9gitimit\u00e9 internationale et ce sur quoi s&rsquo;appuie tout son soft power.<\/p>\n<p class=\"MsoNormal\" style=\"text-align: justify; text-justify: newspaper; text-kashida-space: 50%; margin-right: 4.5pt;\"><span style=\"font-size: 9.1pt; line-height: 110%; font-family: Arial; mso-default-font-family: Arial; mso-ascii-font-family: Arial; mso-latin-font-family: Arial; mso-greek-font-family: Arial; mso-cyrillic-font-family: Arial; mso-hebrew-font-family: Arial; mso-arabic-font-family: Arial; mso-latinext-font-family: Arial; language: FR-CA; mso-ansi-language: FR-CA;\">La r\u00e9publique Islamique d\u2019Iran quant \u00e0 elle,<span style=\"mso-spacerun: yes;\">\u00a0 <\/span>se consid\u00e8re comme le seul v\u00e9ritable r\u00e9gime islamique. Apr\u00e8s la r\u00e9volution en 1979, l\u2019Ayatollah Khomeiny donne ordre d\u2019exporter la r\u00e9volution \u00e0 d\u2019autres pays et fait de l\u2019Iran la puissance protectrice des minorit\u00e9s chiites du Moyen-Orient. L\u2019affrontement politico-religieux entre les deux pays est alors in\u00e9vitable, en effet le wahhabisme saoudien d\u00e9crit violemment le chiisme comme sectaire et h\u00e9r\u00e9tique. Tandis que l\u2019Ayatollah Khomeiny voit dans l\u2019Arabie Saoudite une monarchie corrompue et ne reconnait pas son statut de garante des terres saintes de l\u2019islam. <\/span><\/p>\n<p class=\"MsoNormal\" style=\"text-align: justify; text-justify: newspaper; text-kashida-space: 50%; margin-right: 4.5pt;\"><span style=\"font-size: 9.1pt; line-height: 110%; font-family: Arial; mso-default-font-family: Arial; mso-ascii-font-family: Arial; mso-latin-font-family: Arial; mso-greek-font-family: Arial; mso-cyrillic-font-family: Arial; mso-hebrew-font-family: Arial; mso-arabic-font-family: Arial; mso-latinext-font-family: Arial; language: FR-CA; mso-ansi-language: FR-CA;\">Ainsi, l\u2019affrontement r\u00e9gional entre les deux puissances bien qu\u2019il avait un caract\u00e8re religieux s\u2019est cantonn\u00e9 dans un premier temps \u00e0 une lutte d\u2019influence dans la r\u00e9gion. <\/span><\/p>\n<p class=\"MsoNormal\" style=\"text-align: justify; text-justify: newspaper; text-kashida-space: 50%; margin-right: 4.5pt;\"><span style=\"font-size: 9.1pt; line-height: 110%; font-family: Arial; mso-default-font-family: Arial; mso-ascii-font-family: Arial; mso-latin-font-family: Arial; mso-greek-font-family: Arial; mso-cyrillic-font-family: Arial; mso-hebrew-font-family: Arial; mso-arabic-font-family: Arial; mso-latinext-font-family: Arial; language: FR-CA; mso-ansi-language: FR-CA;\">\u00c0 l\u2019image du Liban o\u00f9 en 2006, il \u00e9tait connu de tous que le Hezbollah recevait son soutien financier et militaire de l\u2019Iran. Ainsi, la r\u00e9sistance de la milice libanaise face \u00e0 Isra\u00ebla eu un \u00e9cho dans tout le monde arabe faisant passer l\u2019Iran comme championne de la r\u00e9sistance musulmane. Aussi t\u00f4t, l\u2019Arabie Saoudite r\u00e9agit avec sa traditionnelle diplomatie du ch\u00e8que, et se classe en t\u00eate des pays donateurs pour la reconstruction du Liban, en vue de contrebalancer l\u2019influence iranienne. <\/span><\/p>\n<p class=\"MsoNormal\" style=\"text-align: justify; text-justify: newspaper; text-kashida-space: 50%; margin-right: 4.5pt;\"><span style=\"font-size: 9.1pt; line-height: 110%; font-family: Arial; mso-default-font-family: Arial; mso-ascii-font-family: Arial; mso-latin-font-family: Arial; mso-greek-font-family: Arial; mso-cyrillic-font-family: Arial; mso-hebrew-font-family: Arial; mso-arabic-font-family: Arial; mso-latinext-font-family: Arial; language: FR-CA; mso-ansi-language: FR-CA;\">Cet exemple d\u2019influences et de contre influences peut \u00eatre g\u00e9n\u00e9ralis\u00e9s \u00e0 tous les autres pays de la r\u00e9gion pendant les ann\u00e9es qui ont suivi.<\/span><\/p>\n<p class=\"MsoNormal\" style=\"text-align: justify; text-justify: newspaper; text-kashida-space: 50%; margin-right: 4.5pt;\"><span style=\"font-size: 9.1pt; line-height: 110%; font-family: Arial; mso-default-font-family: Arial; mso-ascii-font-family: Arial; mso-latin-font-family: Arial; mso-greek-font-family: Arial; mso-cyrillic-font-family: Arial; mso-hebrew-font-family: Arial; mso-arabic-font-family: Arial; mso-latinext-font-family: Arial; language: FR-CA; mso-ansi-language: FR-CA;\">Nous pouvons jusqu\u2019\u00e0 ce stade analyser la situation g\u00e9opolitique du Moyen-Orient comme une rivalit\u00e9 politique, comme l\u2019on en a vu dans tant de r\u00e9gions du globe et tant de fois dans l\u2019histoire.<\/span><\/p>\n<p class=\"MsoNormal\" style=\"text-align: justify; text-justify: newspaper; text-kashida-space: 50%; margin-right: 4.5pt;\"><span style=\"font-size: 9.1pt; line-height: 110%; font-family: Arial; mso-default-font-family: Arial; mso-ascii-font-family: Arial; mso-latin-font-family: Arial; mso-greek-font-family: Arial; mso-cyrillic-font-family: Arial; mso-hebrew-font-family: Arial; mso-arabic-font-family: Arial; mso-latinext-font-family: Arial; language: FR-CA; mso-ansi-language: FR-CA;\">N\u00e9anmoins, force est de constater que cette pseudo-guerre froide, s\u2019est brusquement r\u00e9chauff\u00e9e \u00e0 la suite de ce que l\u2019ont appel\u00e9 commun\u00e9ment le printemps arabe.<\/span><\/p>\n<p class=\"MsoNormal\" style=\"text-align: justify; text-justify: newspaper; text-kashida-space: 50%; margin-right: 4.5pt;\"><span style=\"font-size: 9.1pt; line-height: 110%; font-family: Arial; mso-default-font-family: Arial; mso-ascii-font-family: Arial; mso-latin-font-family: Arial; mso-greek-font-family: Arial; mso-cyrillic-font-family: Arial; mso-hebrew-font-family: Arial; mso-arabic-font-family: Arial; mso-latinext-font-family: Arial; language: FR-CA; mso-ansi-language: FR-CA;\">L\u2019arriv\u00e9e des soul\u00e8vements populaires contre les r\u00e9gimes en place, ont donn\u00e9 lieu en Syrie, \u00e0 une guerre interpos\u00e9e entre les deux puissances, les Iraniens soutiennent le r\u00e9gime d\u2019Al Assad, tandis que les Saoudiens financent et arment la r\u00e9bellion.<\/span><\/p>\n<p class=\"MsoNormal\" style=\"text-align: justify; text-justify: newspaper; text-kashida-space: 50%; margin-right: 4.5pt;\"><span style=\"font-size: 9.1pt; line-height: 110%; font-family: Arial; mso-default-font-family: Arial; mso-ascii-font-family: Arial; mso-latin-font-family: Arial; mso-greek-font-family: Arial; mso-cyrillic-font-family: Arial; mso-hebrew-font-family: Arial; mso-arabic-font-family: Arial; mso-latinext-font-family: Arial; language: FR-CA; mso-ansi-language: FR-CA;\">Cette guerre, a provoqu\u00e9 un changement dans les relations internationales au Moyen-Orient, le tournant qui \u00e0 \u00e9t\u00e9 op\u00e9r\u00e9 depuis quelques ann\u00e9es \u00e0 \u00e9t\u00e9 de transformer cet affrontement politique en guerre religieuse, fait peser au Moyen-Orient une atmosph\u00e8re dangereuse, et d\u00e8s plus triste, celle d\u2019une guerre fratricide qui se d\u00e9roule sous nos yeux.<\/span><\/p>\n<p class=\"MsoNormal\" style=\"text-align: justify; text-justify: newspaper; text-kashida-space: 50%; margin-right: 4.5pt;\"><span style=\"font-size: 9.1pt; line-height: 110%; font-family: Arial; mso-default-font-family: Arial; mso-ascii-font-family: Arial; mso-latin-font-family: Arial; mso-greek-font-family: Arial; mso-cyrillic-font-family: Arial; mso-hebrew-font-family: Arial; mso-arabic-font-family: Arial; mso-latinext-font-family: Arial; language: FR-CA; mso-ansi-language: FR-CA;\">Ce tournant de la guerre entre sunnites et chiites initi\u00e9s par les Wahhabites, instrumentalis\u00e9s ensuite par les Alaouites tend \u00e0 pousser toute la r\u00e9gion vers les plus sombres heures de notre histoire celle de la division et de l\u2019affrontement intra-communautaire. Au moment o\u00f9 le monde arabe a le plus besoin d\u2019unit\u00e9 et de r\u00e9conciliation, certains veulent rejouer la version contemporaine de la bataille de Siffin.<\/span><\/p>\n<p class=\"MsoNormal\" style=\"text-align: justify; text-justify: newspaper; text-kashida-space: 50%; margin-right: 4.5pt;\">Les Saoudiens ne retenant pas les le\u00e7ons de l\u2019Afghanistan, continues de financer et d\u2019armer les groupes extr\u00e9mistes religieux sans savoir qu\u2019ils finiront par se retourner contre la main qui les a nourris \u00e0 l\u2019image des Moujahidins. Al-Nosra et les autres combattent la dictature en place sans aucune volont\u00e9 de d\u00e9mocratisation du r\u00e9gime, ou d\u2019alternance politique, mais \u00e0 la seule fin, que les dirigeants du pays sont de confession alaouite. L\u2019occasion est trop belle pour le r\u00e9gime en place, de marginaliser l\u2019opposition et de faire miroiter \u00e0 la Syrie un choix qui n\u2019en n\u2019est pas un, la stabilit\u00e9 de la dictature ou le chaos des djihadistes.<\/p>\n<p class=\"MsoNormal\" style=\"text-align: justify; text-justify: newspaper; text-kashida-space: 50%; margin-right: 4.5pt;\"><span style=\"font-size: 9.1pt; line-height: 110%; font-family: Arial; mso-default-font-family: Arial; mso-ascii-font-family: Arial; mso-latin-font-family: Arial; mso-greek-font-family: Arial; mso-cyrillic-font-family: Arial; mso-hebrew-font-family: Arial; mso-arabic-font-family: Arial; mso-latinext-font-family: Arial; language: FR-CA; mso-ansi-language: FR-CA;\">Il est important de prendre conscience<span style=\"mso-spacerun: yes;\">\u00a0 <\/span>de la cons\u00e9quence de l\u2019instrumentalisation de la religion \u00e0 des fins politiques, les pr\u00e9c\u00e9dents dans l\u2019histoire ne manquent pas \u00e0 l\u2019image de l\u2019affrontement particuli\u00e8rement sanglant entre Catholiques et Protestants au 17\u00e8me si\u00e8cle. <\/span><\/p>\n<p class=\"MsoNormal\" style=\"text-align: justify; text-justify: newspaper; text-kashida-space: 50%; margin-right: 4.5pt;\">La guerre de trente ans en Europe s\u2019est d\u00e9roul\u00e9e de 1618 \u00e0 1648, avait pour origine des rivalit\u00e9s commerciales et h\u00e9g\u00e9moniques importantes entre les diff\u00e9rentes principaut\u00e9s. Ces derni\u00e8res se sont servies de l\u2019opposition religieuse grandissante entre les partisans de Luther et de la contre-r\u00e9forme en vue d\u2019assouvir leurs ambitions politiques. Le r\u00e9sultat est aujourd\u2019hui connu de tous, beaucoup de r\u00e9gions en Allemagne ont vu leurs populations d\u00e9cim\u00e9es, les exactions ont \u00e9t\u00e9 nombreuses, sans compter, la p\u00e9riode de disette et d\u2019\u00e9pid\u00e9mies qui ont suivi apr\u00e8s la guerre. Certaines r\u00e9gions comme la Saxe ou l\u2019Alsace ont perdu jusqu\u2019\u00e0 la moiti\u00e9 de leurs populations.<\/p>\n<p class=\"MsoNormal\" style=\"text-align: justify; text-justify: newspaper; text-kashida-space: 50%; margin-right: 4.5pt;\">Ce petit aper\u00e7u de la guerre de 30 ans nous renvoie tous \u00e0 ces vastes camps de r\u00e9fugi\u00e9s install\u00e9s en Turquie et en Jordanie, o\u00f9 la population syrienne paye le prix de cette guerre folle et meurtri\u00e8re. Cela nous renvoie \u00e9galement \u00e0 la multiplication des attentats contre les musulmans chiites en Irak ou au Pakistan, \u00e0 chaque fois tr\u00e8s lourd en bilan humain. Il nous importe peu de savoir quel est le camp qui est \u00e0 bl\u00e2mer et lequel m\u00e9rite notre soutien, l\u2019exp\u00e9rience nous montre trop souvent que les questions internationales sont loin d\u2019\u00eatre aussi binaire qu\u2019un \u00e9chiquier noir et blanc.<\/p>\n<p class=\"MsoNormal\" style=\"text-align: justify; text-justify: newspaper; text-kashida-space: 50%; margin-right: 4.5pt;\">Ce qui m\u2019\u2019importe en revanche, c\u2019est de comprendre, pourquoi cette guerre fratricide entre sunnite et chiite gagne les esprits ici au Canada, o\u00f9 il n\u2019est plus rare d\u2019entendre les refrains de comptoir habituels, contre les musulmans chiites.<span style=\"mso-spacerun: yes;\">\u00a0 <\/span>Nous sommes par le biais de l\u2019ensemble des chaines satellitaires du golf arabo-persique entrain d\u2019absorber cette vision de fermeture, de rejet et de haine de l\u2019autre, qui est contraire aux valeurs musulmanes et \u00e0 la tradition d\u2019ouverture et de tol\u00e9rance que l\u2019on vit dans notre vie quotidienne ici. C\u2019est pr\u00e9cis\u00e9ment le contraire qui doit \u00eatre fait, exporter notre exp\u00e9rience de vivre ensemble, notre tradition de dialogue inter religieux, et le respect de nos diff\u00e9rences. Il s\u2019agit de montrer aux pays d\u2019origine \u00e0 la lumi\u00e8re de la r\u00e9alit\u00e9 qu\u2019est la n\u00f4tre qu\u2019un autre mod\u00e8le est possible, une cohabitation dans le respect et la tol\u00e9rance.<\/p>\n<p class=\"MsoNormal\" style=\"text-align: justify; text-justify: newspaper; text-kashida-space: 50%; margin-right: 4.5pt;\"><span style=\"font-size: 9.1pt; line-height: 110%; font-family: Arial; mso-default-font-family: Arial; mso-ascii-font-family: Arial; mso-latin-font-family: Arial; mso-greek-font-family: Arial; mso-cyrillic-font-family: Arial; mso-hebrew-font-family: Arial; mso-arabic-font-family: Arial; mso-latinext-font-family: Arial; language: FR-CA; mso-ansi-language: FR-CA;\">La nation arabe tend tout juste de sortir d\u2019une division politique qui dure depuis 30 ans entre la mouvance de l\u2019islam politique d\u2019une part et la vision nationaliste la\u00efque de l\u2019autre. Les deux mouvements politiques ayant enfin compris qu\u2019ils ne pouvaient pas simplement \u00e9liminer l\u2019autre courant et que la coexistence \u00e9tait somme toute in\u00e9luctable. <\/span><\/p>\n<p class=\"MsoNormal\" style=\"text-align: justify; text-justify: newspaper; text-kashida-space: 50%; margin-right: 4.5pt;\"><span style=\"font-size: 9.1pt; line-height: 110%; font-family: Arial; mso-default-font-family: Arial; mso-ascii-font-family: Arial; mso-latin-font-family: Arial; mso-greek-font-family: Arial; mso-cyrillic-font-family: Arial; mso-hebrew-font-family: Arial; mso-arabic-font-family: Arial; mso-latinext-font-family: Arial; language: FR-CA; mso-ansi-language: FR-CA;\">\u00c0 ce titre, le printemps arabe \u00e0 \u00e9t\u00e9 une formidable d\u00e9monstration de la capacit\u00e9 \u00e0 faire fit de ces petites diff\u00e9rences. Ces manifestations plurielles en \u00c9gypte avec les la\u00efcs, les coptes et les musulmans dans la m\u00eame foule portant tous le m\u00eame message contredisant l\u2019ensemble des orientalistes dans leurs visions binaire du monde arabe. Cette vision du tant entendue dans les capitales occidentales, celle de la dictature dite \u00e9clair\u00e9e et donc par d\u00e9finition la\u00efc ou celle des islamistes philosophiquement et fondamentalement incompatible avec un quelconque exercice d\u00e9mocratique du pouvoir.<\/span><\/p>\n<p class=\"MsoNormal\" style=\"text-align: justify; text-justify: newspaper; text-kashida-space: 50%; margin-right: 4.5pt;\"><span style=\"font-size: 9.1pt; line-height: 110%; font-family: Arial; mso-default-font-family: Arial; mso-ascii-font-family: Arial; mso-latin-font-family: Arial; mso-greek-font-family: Arial; mso-cyrillic-font-family: Arial; mso-hebrew-font-family: Arial; mso-arabic-font-family: Arial; mso-latinext-font-family: Arial; language: FR-CA; mso-ansi-language: FR-CA;\">Force est de constater aujourd\u2019hui que l\u2019on \u00e0 remplacer une division par une autre, que l\u2019affrontement n\u2019est plus politique mais religieux, que les moyens ne sont plus politiques mais militaires que ce soit, dans les rues d\u2019Alep, dans les march\u00e9s de Bagdad, ou encore dans les quartiers sud de Beyrouth. Au Liban, nous avons vu depuis la guerre civile syrienne la multiplication des attentats et des affrontements communautaires, et avec eux la crainte croissante de la population qui sait plus qu\u2019aucune autre, le lourd tribu \u00e0 payer d\u2019une guerre au nom de Dieu.<\/span><\/p>\n<p class=\"MsoNormal\" style=\"text-align: justify; text-justify: newspaper; text-kashida-space: 50%; margin-right: 4.5pt;\">Tandis que le monde arabe s\u2019enfonce un peu plus dans la polarisation et la division, le pays qui profite le plus de ce chao r\u00e9gional est incontestablement Isra\u00ebl, acc\u00e9l\u00e9rant ses projets de colonisations et d\u00e9veloppant une diplomatie plus offensive que d\u2019ordinaire. Ces derniers jours, la mairie de J\u00e9rusalem a approuv\u00e9 les projets de constructions de 184 nouveaux logements \u00e0 Har Homa. De plus, la semaine derni\u00e8re l\u2019aviation isra\u00e9lienne a bombard\u00e9 des positions du parti islamiste sunnite du Hamas \u00e0 Gaza, ainsi que des installations du parti islamiste chiite du Hezbollah au sud Liban. Les frappes ont \u00e9t\u00e9 ordonn\u00e9es par Benjamin Netanyahu, Premier ministre d\u2019un gouvernement de coalition comprenant, des nationalistes, des la\u00efcs et des religieux ultra-orthodoxes, pas d\u2019accord sur beaucoup de dossiers, mais qui se retrouvent toujours pour l\u2019int\u00e9r\u00eat supr\u00eame de l\u2019\u00c9tat. Un exemple \u00e0 m\u00e9diter\u2026<\/p>\n<p class=\"MsoNormal\" style=\"text-align: justify; text-justify: newspaper; text-kashida-space: 50%; margin-right: 4.5pt;\">Citer cette article : Source : Maghreb Canada Express, N\u00b004, Vol. XII, Avril 2014, page 14.<\/p>\n<p class=\"MsoNormal\"><span style=\"language: FR-CA;\">\u00a0<\/span><\/p>\n<p>&nbsp;<\/p>\n","protected":false},"excerpt":{"rendered":"<p>Par Anas Abdoun, \u00c9tudiant en Sciences Politiques \u00e0 l\u2019Universit\u00e9 de Montr\u00e9al Cela fait maintenant un peu plus d\u2019une dizaine d\u2019ann\u00e9es que les relations internationales au Moyen-Orient sont rythm\u00e9es par la rivalit\u00e9 \u00e9ternelle entre le royaume d\u2019Arabie-Saoudite et la r\u00e9publique islamique d\u2019Iran. L\u2019identit\u00e9 islamique fondamentale des deux pays rivaux sont \u00e0 la base de leurs influences [&hellip;]<\/p>\n","protected":false},"author":1,"featured_media":1560,"comment_status":"closed","ping_status":"closed","sticky":false,"template":"","format":"standard","meta":{"footnotes":""},"categories":[7,8],"tags":[],"class_list":["post-1559","post","type-post","status-publish","format-standard","has-post-thumbnail","hentry","category-monde","category-numero-du-mois"],"_links":{"self":[{"href":"https:\/\/maroc-canada.ca\/index.php?rest_route=\/wp\/v2\/posts\/1559","targetHints":{"allow":["GET"]}}],"collection":[{"href":"https:\/\/maroc-canada.ca\/index.php?rest_route=\/wp\/v2\/posts"}],"about":[{"href":"https:\/\/maroc-canada.ca\/index.php?rest_route=\/wp\/v2\/types\/post"}],"author":[{"embeddable":true,"href":"https:\/\/maroc-canada.ca\/index.php?rest_route=\/wp\/v2\/users\/1"}],"replies":[{"embeddable":true,"href":"https:\/\/maroc-canada.ca\/index.php?rest_route=%2Fwp%2Fv2%2Fcomments&post=1559"}],"version-history":[{"count":2,"href":"https:\/\/maroc-canada.ca\/index.php?rest_route=\/wp\/v2\/posts\/1559\/revisions"}],"predecessor-version":[{"id":1562,"href":"https:\/\/maroc-canada.ca\/index.php?rest_route=\/wp\/v2\/posts\/1559\/revisions\/1562"}],"wp:featuredmedia":[{"embeddable":true,"href":"https:\/\/maroc-canada.ca\/index.php?rest_route=\/wp\/v2\/media\/1560"}],"wp:attachment":[{"href":"https:\/\/maroc-canada.ca\/index.php?rest_route=%2Fwp%2Fv2%2Fmedia&parent=1559"}],"wp:term":[{"taxonomy":"category","embeddable":true,"href":"https:\/\/maroc-canada.ca\/index.php?rest_route=%2Fwp%2Fv2%2Fcategories&post=1559"},{"taxonomy":"post_tag","embeddable":true,"href":"https:\/\/maroc-canada.ca\/index.php?rest_route=%2Fwp%2Fv2%2Ftags&post=1559"}],"curies":[{"name":"wp","href":"https:\/\/api.w.org\/{rel}","templated":true}]}}