{"id":2296,"date":"2015-03-07T16:01:01","date_gmt":"2015-03-07T21:01:01","guid":{"rendered":"http:\/\/maghreb-canada.ca\/?p=2296"},"modified":"2015-03-07T16:01:29","modified_gmt":"2015-03-07T21:01:29","slug":"quebec-charte-des-valeurs-et-cest-reparti","status":"publish","type":"post","link":"https:\/\/maroc-canada.ca\/?p=2296","title":{"rendered":"Qu\u00e9bec \/ Charte des Valeurs : Et c\u2019est reparti !"},"content":{"rendered":"<p><b><i>Par <\/i><\/b><b><i>Mohammed Zaari Jabiri(1)<\/i><\/b><\/p>\n<p style=\"text-align: justify;\"><a href=\"http:\/\/maroc-canada.ca\/wp-content\/uploads\/2015\/03\/mohammed-zaari-e1425762011700.jpg\"><img loading=\"lazy\" decoding=\"async\" class=\"size-medium wp-image-2297 alignleft\" src=\"http:\/\/maroc-canada.ca\/wp-content\/uploads\/2015\/03\/mohammed-zaari-300x229.jpg\" alt=\"mohammed-zaari\" width=\"300\" height=\"229\" \/><\/a>Qu\u2019on soit d\u2019accord ou pas avec M.\u00a0Bernard Drainville et sa nouvelle version de la charte de la\u00efcit\u00e9, le d\u00e9bat sur la femme musulmane reprend. Et force sera de constater que ce sera elle qui sera p\u00e9nalis\u00e9e du point de vue acc\u00e8s \u00e0 l\u2019emploi &#8230;<\/p>\n<p style=\"text-align: justify;\">\u00c9thiquement le timing de sortie de M. Drainville est discutable mais l\u00e0 n\u2019est pas la question, ce fameux voile qui fait si peur va reprendre les devants de la sc\u00e8ne et laisser la place \u00e0 diff\u00e9rentes sp\u00e9culations, ce qui me chagrine le plus dans tout \u00e7a c&rsquo;est qu&rsquo;on puisse, \u00e0 travers, instrumentaliser l\u2019image de la femme.<br \/>\nChacun veut d\u00e9fendre ses droits ou la prot\u00e9ger, certains au nom de la religion d&rsquo;autres au nom de la la\u00efcit\u00e9, tous se sont autoproclam\u00e9s\u00a0d\u00e9fenseurs de la femme musulmane, tous prennent la parole en son nom.<br \/>\nTous exercent une sorte de dictature sur elle, l&rsquo;un au nom de la religion et l&rsquo;autre au nom de la d\u00e9mocratie et la la\u00efcit\u00e9 !<br \/>\nCertains hommes musulmans\u00a0veulent la confiner \u00e0 un second r\u00f4le, brimant ses droits au nom de la Religion, alors ils lui\u00a0dictent\u00a0sa fa\u00e7on de se v\u00eatir, sa fa\u00e7on de parler ou d\u2019agir&#8230;<br \/>\nD\u2019autres lient automatiquement sa\u00a0situation \u00e0 la mont\u00e9e de l&rsquo;int\u00e9grisme religieux qu&rsquo;ils veulent combattre en lui imposant un autre mode de vie \u00a0qui pour eux va limiter cet extr\u00e9misme&#8230; Ce qui est tr\u00e8s peu convainquant au fond pour de multiples raisons.<br \/>\nAu fait&#8230; jusqu&rsquo;\u00e0 quand continuera-t-on de parler de la femme musulmane \u00e0 la troisi\u00e8me personne\u00a0? Jusqu&rsquo;\u00e0 quand lier sa situation \u00e0 l&rsquo;islam et \u00e0\u00a0une religion en particulier\u00a0? \u00c0 quand un vrai d\u00e9bat l&rsquo;incluant et la laissant exprimer sa propre volont\u00e9\u00a0?<br \/>\nSi on prend un recul historique, on trouvera que\u00a0les civilisations sum\u00e9rienne, assyrienne et babylonienne r\u00e9duisaient la place et le r\u00f4le de la femme \u00e0 la portion congrue.<br \/>\nLa religion de Manu, elle, r\u00e9duisait la femme \u00e0 un bien transmissible par h\u00e9ritage. Pire, la vie de la femme prenait fin \u00e0 la mort de son \u00e9poux car la tradition voulait qu&rsquo;elle f\u00fbt br\u00fbl\u00e9e avec lui sur le m\u00eame b\u00fbcher.<br \/>\nChez les Grecs, la femme \u00e9tait consid\u00e9r\u00e9e comme un \u00eatre impur. Le po\u00e8te H\u00e9siode disait qu&rsquo;elle est \u00abdot\u00e9e d&rsquo;un cerveau de chien et de beaucoup de ruse\u00bb<br \/>\nLes Romains, eux, ont longtemps consid\u00e9r\u00e9 la femme comme un animal crasseux. Les temples lui \u00e9taient interdits. Selon eux, sa f\u00e9minit\u00e9 est la cause m\u00eame de son incapacit\u00e9 juridique.<br \/>\nSelon la Torah, c&rsquo;est \u00c8ve qui est derri\u00e8re la tentation d&rsquo;Adam. Dans la Gen\u00e8se (III, 12) on peut lire : \u00abLa femme que tu as mise aupr\u00e8s de moi m&rsquo;a donn\u00e9 de l&rsquo;arbre, et j&rsquo;en ai mang\u00e9\u00bb.<br \/>\nLes Arabes de la p\u00e9riode ant\u00e9islamique r\u00e9pugnaient tellement \u00e0 avoir des filles qu&rsquo;ils les enterraient vivantes !<br \/>\nEt jusqu\u2019\u00e0 peu, certains courants de l\u2019\u00e9glise se posaient la question si la femme poss\u00e9dait une \u00e2me ou pas.<br \/>\nEn tant que qu\u00e9b\u00e9cois musulman et jeune militant associatif, voulant participer \u00e0 la pr\u00e9servation de notre tissu social dans un multiculturalisme rempli de tol\u00e9rance et de respect, il m\u2019a sembl\u00e9 de mon devoir de faire ce petit rappel \u00e0 mes amis (es) musulmans et non musulmans et d\u2019insister sur le fait que\u00a0l\u2019islam &#8211; \u00e0 l\u2019oppos\u00e9 de ce qu\u2019on veuille nous faire croire \u2013 n\u2019est pas une menace; c\u2019est un ensemble de valeur comme tant d&rsquo;autres qui est\u00a0\u00a0venu corriger la d\u00e9viation intellectuelle et comportementale ayant marqu\u00e9 la conception de la femme chez les civilisations et les religions anciennes.<br \/>\nEn Islam l&rsquo;homme et la femme ne peuvent se distinguer que par les bonnes actions qu&rsquo;ils accomplissent. La femme, selon le Coran, n&rsquo;est pas un accessoire que l&rsquo;homme utiliserait selon son bon vouloir mais un \u00eatre dot\u00e9 d&rsquo;une personnalit\u00e9 et d&rsquo;une identit\u00e9 propre.<br \/>\nEn Islam la femme est tenue par les m\u00eames responsabilit\u00e9s que l&rsquo;homme. Elle a le droit \u00e0 l&rsquo;enseignement, l&rsquo;\u00e9ducation, la propri\u00e9t\u00e9, la disposition de ses biens, le mariage, l&rsquo;\u00e9ducation des enfants, l&rsquo;h\u00e9ritage, le travail et le statut social.<br \/>\nL&rsquo;islam oblige la famille et la soci\u00e9t\u00e9 \u00e0 dispenser \u00e9ducation et instruction \u00e0 l&rsquo;homme comme \u00e0 la femme. \u00a0En somme, l&rsquo;islam con\u00e7oit la femme comme le noyau de la famille et ainsi dire un \u00e9l\u00e9ment d\u00e9terminant dans l&rsquo;\u00e9volution des soci\u00e9t\u00e9s.<br \/>\nMais quoi dire devant la b\u00eatise humaine dans certaines soci\u00e9t\u00e9s lorsqu\u2019elle d\u00e9forme religion pour des fins politiques car certains savent que le secret du d\u00e9veloppement de toute soci\u00e9t\u00e9 r\u00e9side \u00e0 la place qu\u2019occupe la femme en g\u00e9n\u00e9ral.<br \/>\nMalheureusement cette mauvaise interpr\u00e9tation de la place de la femme en islam, et l\u2019instrumentalisation par certains m\u00e9dias et politiciens d\u2019actes condamnables commis par certains musulmans, est \u00a0en grande partie responsable de sa stigmatisation, mais aussi ceci est due \u00e0 l\u2019absence de haut parleurs musulmans qui pourraient faire face \u00e0 cette stigmatisation de la femme musulmane en particulier et de l\u2019islam en g\u00e9n\u00e9ral. Ceci ne peut \u00eatre corrig\u00e9\u00a0sans une \u00e9ducation continue, une sensibilisation et qu&rsquo;on cesse de parler en son nom et qu&rsquo;on lui donne la parole et la chance de s&rsquo;exprimer.<br \/>\nAdopter une\u00a0attitude paternaliste (qu&rsquo;on soit la\u00efque ou religieux) \u00e0 mon sens est une erreur, il faudrait plut\u00f4t l&rsquo;inclure dans le d\u00e9bat \u00e0 part enti\u00e8re qu&rsquo;elle soit voil\u00e9e ou non, pratiquante ou pas.<br \/>\n\u00c0 la fin de ces quelques lignes je sens que moi aussi je joue le m\u00eame jeu,\u00a0en parlant en son nom; Ce qui ne devrait pas se faire.<br \/>\nUne femme, qu&rsquo;elle soit musulmane, juive, chr\u00e9tienne,\u00a0ath\u00e9e ou autre, doit jouir de la m\u00eame libert\u00e9 de droit et aucun homme ne devrait\u00a0s&rsquo;autoproclamer son tuteur ou parler en son nom ou encore d\u00e9terminer sa marge de libert\u00e9.<\/p>\n<p style=\"text-align: justify;\"><em>R\u00e9f\u00e9rence : Maghreb Canada Express, N\u00b003, Vol. Xiii , Page 2, Mars 2015<\/em>.<\/p>\n<h3 style=\"text-align: justify;\">DU M\u00caME AUTEUR<\/h3>\n<h2 style=\"text-align: justify;\">En tant que musulman, pour la premi\u00e8re fois j\u2019ai eu peur pour ma vie et celle de ma famille au Qu\u00e9bec<\/h2>\n<p style=\"text-align: justify;\">Une personne qui se d\u00e9clare comme d\u00e9fenseur des lumi\u00e8res rentre en contact avec moi suite \u00e0 certains de mes articles parus dans la presse \u00e9crite et m\u2019envoie un texte de Peter Homond auteur de \u201cEsclavage, terrorisme et islam\u201d.<\/p>\n<p style=\"text-align: justify;\">Le monsieur prend ce texte comme r\u00e9f\u00e9rence&#8230; Un texte rempli d\u2019erreurs historiques, sociologique et \u00e9conomiques, qui se partagent comme des petits pains sur les r\u00e9seaux sociaux et qui, malheureusement, donne une image parano\u00efaque de l\u2019invasion progressive des musulmans des terres des \u201cm\u00e9cr\u00e9ants\u201d alias le Qu\u00e9bec.<br \/>\nUn texte rempli de mensonges et de liens faciles qui affirme que tous les musulmans s\u2019ils sont ici, c\u2019est dans le cadre d\u2019une th\u00e9orie de complot mondial ourdi par environ 1,5 milliards de personnes pour dominer le monde.<br \/>\nNon seulement ce texte fr\u00f4le le ridicule mais il occulte \u00e0 peine le niveau intellectuel de ceux qui le lisent h\u00e9las.<br \/>\nCe texte clairement islamophobe et incitant \u00e0 la haine m\u2019a juste rappel\u00e9 les \u00e9crits expos\u00e9s au mus\u00e9e d\u2019Auschwitz que les nazies distribuaient pour influencer la masse et dont on conna\u00eet tous la tragique fin.<br \/>\nHeureusement on n\u2019est pas rendu l\u00e0 au Qu\u00e9bec. Cependant en essayant de m\u2019endormir cette nuit l\u00e0, il m\u2019est venu \u00e0 l\u2019esprit que quelqu\u2019un de simple d\u2019esprit pourrait tr\u00e8s bien croire ces mensonges et aller s\u2019attaquer \u00e0 des gens de la communaut\u00e9 musulamne.<br \/>\nEt en me r\u00e9veillant le lendemain, j\u2019apprends l\u2019ex\u00e9cution de 3 jeunes \u00e9tudiants musulmans en Caroline du nord en plein campus universitaire par un homme se d\u00e9clarant comme ath\u00e9e ! Pire, et ce qui choque la plus part des musulmans, les \u2018\u2019deux poids deux mesures\u2019\u2019 dont les medias ont trait\u00e9 le sujet: Un passage rapide de quelques secondes ou de quelques lignes, tout en d\u00e9clarant l\u2019assassin atteint de maladie mentale et non de terroriste&#8230; Comme si le le qualificatif terroriste, c\u2019est la communaut\u00e9 musulmane qui l\u2019aurait gagn\u00e9 en jackpot !<br \/>\nComme disait l\u2019autre, tu \u2019attaques aux femmes , tu es myosine, tut \u2019attaques \u00e0 un noir , tu es raciste et \u00e0 un juif tu es antis\u00e9mite. Mais quand tu t\u2019attaques \u00e0 un musulman, tu n\u2019es que malade mental ou tu exerce ta libert\u00e9 d\u2019expression !<br \/>\nMalheureusement pour les victimes il ne s\u2019appelait pas Charlie . On dirait qu\u2019on ne donne pas la m\u00eame valeur aux \u00eatres humains m\u00eame apr\u00e8s leurs morts.<br \/>\nD\u2019un autre c\u00f4t\u00e9, les actes de vandalisme et de violence se multiplient contre la communaut\u00e9 musulmane. Les amalgames sont faciles \u00e0 faire, ils sont nourris par une parano\u00efa politique et m\u00e9diatique; chacun fait son exc\u00e8s de z\u00e8le et veut \u00eatre plus royaliste que le roi. Il veut montrer qu\u2019il luttera pour la \u2018\u2019libert\u00e9\u2019\u2019 et prot\u00e9gera la \u2018\u2019la\u00efcit\u00e9\u2019\u2019 en attaquant quelques musulmans. \u201cOn va manger du musulman ce soir, \u00e7a se dig\u00e8re bien\u201d et pourquoi pas gagner quelques \u00e9lecteurs par la m\u00eame occasion ? !<br \/>\nL\u2019honn\u00eatet\u00e9 intellectuelle se verrait d\u2019adopter un discours sage rassembleur et non qui divise avec une la\u00efcit\u00e9 inclusive et non exclusive. La lutte contre int\u00e9grisme (de tout bord. NDLR) est une question de s\u00e9curit\u00e9 dont tout le monde ne peut qu\u2019\u00eatre d\u2019accord, une charte du vivre ensemble, qui inclura tout le monde dans une optique d\u2019int\u00e9gration et non d\u2019assimilation ( deux mots \u00e9tymologiquement diff\u00e9rents) est devenu chose urgente car on ne peut laisser le discours haineux et x\u00e9nophobe gagner du terrain. On se doit de construire ensemble un monde pour nos enfants sans peur, c\u2019est notre devoir \u00e0 tous.<br \/>\nPar Mohammed Zaari Jabiri<\/p>\n<p style=\"text-align: justify;\"><em>R\u00e9f\u00e9rence : Maghreb Canada Express, N\u00b003, Vol. Xiii , Page 6, Mars 2015<\/em>.<\/p>\n<h2 style=\"text-align: justify;\"><em>(1) AU SUJET DE L\u2019AUTEUR DE L\u2019ARTICLE<\/em><\/h2>\n<p style=\"text-align: justify;\">Dr Mohammed Zaari Jabiri est un jeune m\u00e9decin engag\u00e9, d&rsquo;origine marocaine form\u00e9, entre autres, \u00e0 l&rsquo;universit\u00e9 Harvard aux \u00e9tats unis, qui fait sa sp\u00e9cialit\u00e9 en psychiatrie \u00e0 l&rsquo;universit\u00e9 Laval.<br \/>\n\u00c9galement \u00e9crivain, il est l\u2019auteur d&rsquo;un livre qui sort en mars 2015 sous le titre \u00ab\u00a0Les chroniques d&rsquo;un neurochirurgien schizophr\u00e8ne\u00a0\u00bb.<br \/>\nIl est aussi l\u2019auteur de plusieurs articles publi\u00e9s dans des journaux canadiens et marocains o\u00f9 il traite des sujets d&rsquo;actualit\u00e9.<br \/>\nIl est co-fondateur et premier pr\u00e9sident d&rsquo;une association humanitaire au Maroc du nom d\u2019EDEN MAROC pour les \u0153uvres socioculturelles ; pr\u00e9sente depuis une dizaine d&rsquo;ann\u00e9es sur le terrain social marocain avec, \u00e0 son actif, une centaine de projets \u00e0 caract\u00e8re humanitaire.<br \/>\nDr Jabiri fut aussi pr\u00e9sentateur t\u00e9l\u00e9 sur la chaine AL OULA au Maroc , o\u00f9 il avait lanc\u00e9 une \u00e9mission de sensibilisation m\u00e9dicale en arabe dialectale intitul\u00e9e \u00ab\u00a0SSI7ATOKA KOLA YAWM\u00a0\u00bb issue d&rsquo;une id\u00e9e qu\u2019il avait lanc\u00e9 avec d&rsquo;autres membres de l&rsquo;association Eden Maroc sur internet \u00ab\u00a0SAL TBIB 9BEL LEMJEREB \u00a0\u00bb destin\u00e9e \u00e0 rapprocher le m\u00e9decin du citoyen marocain en lui apportant des informations m\u00e9dicales dans un langage simplifi\u00e9.<\/p>\n<p>R\u00e9f\u00e9rence:<\/p>\n<p>Pour lire le journal du mois cliquer sur l\u2019image :<\/p>\n<h3 class=\"widget-title\">MARS 2015 (PDF)<\/h3>\n<div class=\"textwidget\"><center><\/p>\n<div class=\"column\">\n<div>\n<p><a href=\"http:\/\/www.maghreb-canada.ca\/journal\/2015\/MCE141-03-2015.pdf\" target=\"_blank\" rel=\"nofollow\"> <img loading=\"lazy\" decoding=\"async\" class=\"book-picture alignleft imageSix\" src=\"http:\/\/www.maghreb-canada.ca\/images\/n141.jpg\" alt=\"\" width=\"200\" height=\"280\" \/><\/a><\/p>\n<\/div>\n<\/div>\n<p>&nbsp;<\/p>\n<p>&nbsp;<\/p>\n<p><\/center><\/div>\n","protected":false},"excerpt":{"rendered":"<p>Par Mohammed Zaari Jabiri(1) Qu\u2019on soit d\u2019accord ou pas avec M.\u00a0Bernard Drainville et sa nouvelle version de la charte de la\u00efcit\u00e9, le d\u00e9bat sur la femme musulmane reprend. Et force sera de constater que ce sera elle qui sera p\u00e9nalis\u00e9e du point de vue acc\u00e8s \u00e0 l\u2019emploi &#8230; \u00c9thiquement le timing de sortie de M. [&hellip;]<\/p>\n","protected":false},"author":1,"featured_media":2297,"comment_status":"closed","ping_status":"closed","sticky":false,"template":"","format":"standard","meta":{"footnotes":""},"categories":[4,5,7,8],"tags":[],"class_list":["post-2296","post","type-post","status-publish","format-standard","has-post-thumbnail","hentry","category-canada","category-immigration","category-monde","category-numero-du-mois"],"_links":{"self":[{"href":"https:\/\/maroc-canada.ca\/index.php?rest_route=\/wp\/v2\/posts\/2296","targetHints":{"allow":["GET"]}}],"collection":[{"href":"https:\/\/maroc-canada.ca\/index.php?rest_route=\/wp\/v2\/posts"}],"about":[{"href":"https:\/\/maroc-canada.ca\/index.php?rest_route=\/wp\/v2\/types\/post"}],"author":[{"embeddable":true,"href":"https:\/\/maroc-canada.ca\/index.php?rest_route=\/wp\/v2\/users\/1"}],"replies":[{"embeddable":true,"href":"https:\/\/maroc-canada.ca\/index.php?rest_route=%2Fwp%2Fv2%2Fcomments&post=2296"}],"version-history":[{"count":3,"href":"https:\/\/maroc-canada.ca\/index.php?rest_route=\/wp\/v2\/posts\/2296\/revisions"}],"predecessor-version":[{"id":2300,"href":"https:\/\/maroc-canada.ca\/index.php?rest_route=\/wp\/v2\/posts\/2296\/revisions\/2300"}],"wp:featuredmedia":[{"embeddable":true,"href":"https:\/\/maroc-canada.ca\/index.php?rest_route=\/wp\/v2\/media\/2297"}],"wp:attachment":[{"href":"https:\/\/maroc-canada.ca\/index.php?rest_route=%2Fwp%2Fv2%2Fmedia&parent=2296"}],"wp:term":[{"taxonomy":"category","embeddable":true,"href":"https:\/\/maroc-canada.ca\/index.php?rest_route=%2Fwp%2Fv2%2Fcategories&post=2296"},{"taxonomy":"post_tag","embeddable":true,"href":"https:\/\/maroc-canada.ca\/index.php?rest_route=%2Fwp%2Fv2%2Ftags&post=2296"}],"curies":[{"name":"wp","href":"https:\/\/api.w.org\/{rel}","templated":true}]}}