{"id":2724,"date":"2015-10-05T17:31:01","date_gmt":"2015-10-05T21:31:01","guid":{"rendered":"http:\/\/maghreb-canada.ca\/?p=2724"},"modified":"2015-10-05T17:31:01","modified_gmt":"2015-10-05T21:31:01","slug":"octobre-mois-de-laccessibilite-universelle-dans-les-bibliotheques-de-montrea","status":"publish","type":"post","link":"https:\/\/maroc-canada.ca\/?p=2724","title":{"rendered":"Octobre, Mois de l\u2019accessibilit\u00e9 universelle dans les  Biblioth\u00e8ques de Montr\u00e9a"},"content":{"rendered":"<p style=\"text-align: justify;\"><strong>Saint-Laurent, le 5<\/strong><strong> octobre 2015<\/strong> \u2013 Les Biblioth\u00e8ques de Montr\u00e9al c\u00e9l\u00e8brent en octobre le Mois de l\u2019accessibilit\u00e9 universelle, une occasion unique de sensibiliser le public aux diverses facettes des limitations fonctionnelles et d\u2019inviter l\u2019ensemble des citoyens \u00e0 d\u00e9couvrir les nombreuses ressources offertes par les Biblioth\u00e8ques de Montr\u00e9al.<\/p>\n<p style=\"text-align: justify;\">Durant tout le mois d\u2019octobre, 34 biblioth\u00e8ques du r\u00e9seau montr\u00e9alais offriront plus de 75 activit\u00e9s gratuites accessibles \u00e0 tous. Organis\u00e9 en collaboration avec l\u2019organisme AlterGo, le Mois de l\u2019accessibilit\u00e9 universelle des Biblioth\u00e8ques propose notamment des lectures de contes en langue des signes qu\u00e9b\u00e9coise, des projections de films, des t\u00e9moignages et des expositions originales.<\/p>\n<p style=\"text-align: justify;\"><a href=\"http:\/\/maroc-canada.ca\/wp-content\/uploads\/2015\/10\/De-soussa.jpg\"><img loading=\"lazy\" decoding=\"async\" class=\" size-medium wp-image-2725 alignleft\" src=\"http:\/\/maroc-canada.ca\/wp-content\/uploads\/2015\/10\/De-soussa-243x300.jpg\" alt=\"De soussa\" width=\"243\" height=\"300\" srcset=\"https:\/\/maroc-canada.ca\/wp-content\/uploads\/2015\/10\/De-soussa-243x300.jpg 243w, https:\/\/maroc-canada.ca\/wp-content\/uploads\/2015\/10\/De-soussa-121x150.jpg 121w, https:\/\/maroc-canada.ca\/wp-content\/uploads\/2015\/10\/De-soussa.jpg 275w\" sizes=\"auto, (max-width: 243px) 100vw, 243px\" \/><\/a>\u00ab C&rsquo;est avec plaisir que Saint-Laurent s&rsquo;associe \u00e0 cette nouvelle \u00e9dition du Mois de l&rsquo;accessibilit\u00e9 universelle dans les biblioth\u00e8ques, une th\u00e9matique rejoignant tout \u00e0 fait les valeurs de l\u2019administration laurentienne \u00bb, a expliqu\u00e9 le maire de Saint-Laurent, Alan DeSousa. \u00ab L\u2019accessibilit\u00e9 universelle fait partie int\u00e9grante de nos projets. L&rsquo;am\u00e9nagement de la Biblioth\u00e8que du Bois\u00e9 en est un bel exemple reconnu. Par ailleurs, Saint-Laurent a remport\u00e9 deux prix Panam AlterGo ces derni\u00e8res ann\u00e9es. Ce sont des reconnaissances dont nous sommes fiers et qui nous poussent \u00e0 poursuivre nos efforts. \u00bb<\/p>\n<p style=\"text-align: justify;\">\n<p style=\"text-align: justify;\"><strong>L&rsquo;accessibilit\u00e9 universelle dans les biblioth\u00e8ques de Saint-Laurent<\/strong><strong>\u00a0<\/strong><\/p>\n<p style=\"text-align: justify;\"><em>\u00a0<\/em><\/p>\n<p style=\"text-align: justify;\"><strong><em>Biblioth\u00e8que du Bois\u00e9 (2727, boulevard Thimens)<\/em><\/strong><\/p>\n<p style=\"text-align: justify;\">\u00c0 Saint-Laurent, la Biblioth\u00e8que du Bois\u00e9 offrira, le samedi 17 octobre \u00e0 14 h, un atelier pour les 6 \u00e0 12 intitul\u00e9 <strong>Chiens au travail<\/strong>. Le chien Capitaine et sa ma\u00eetresse, Nathalie Racine, zooth\u00e9rapeute, feront d\u00e9couvrir certains m\u00e9tiers de chiens et expliqueront comment le chien apprend. L&rsquo;activit\u00e9 est gratuite. Toutefois, il est n\u00e9cessaire de s&rsquo;inscrire au 514 855-6130, poste 4436.<\/p>\n<p style=\"text-align: justify;\">\n<p style=\"text-align: justify;\"><strong><em>Biblioth\u00e8que du Vieux-Saint-Laurent (<\/em><\/strong><strong><em>1380, rue de l&rsquo;\u00c9glise)<\/em><\/strong><\/p>\n<p style=\"text-align: justify;\">De son c\u00f4t\u00e9, la Biblioth\u00e8que du Vieux-Saint-Laurent proposera \u00e9galement le samedi 17 octobre \u00e0 14 h, un atelier pour les 6 \u00e0 12 intitul\u00e9 <strong>Nos sens, nos diff\u00e9rences!<\/strong> avec <em>Nous les arts. <\/em>\u00c0 l\u2019horaire, exploration des 5 sens avec des jeux interactifs. Plusieurs d\u00e9fis seront propos\u00e9s, il faudra \u00eatre \u00e0 l\u2019\u00e9coute de son corps pour r\u00e9ussir. L&rsquo;activit\u00e9 est gratuite. Toutefois, il est n\u00e9cessaire de s&rsquo;inscrire au 514 855-6130, poste 4744\n<\/p>\n<p style=\"text-align: justify;\"><strong>Mois de l&rsquo;accessibilit\u00e9 universelle<\/strong><\/p>\n<p style=\"text-align: justify;\"><strong>\u00a0<\/strong><\/p>\n<p style=\"text-align: justify;\">Lanc\u00e9 en 2012, le Mois de l&rsquo;accessibilit\u00e9 universelle dans les Biblioth\u00e8ques de Montr\u00e9al est une collaboration entre la Ville de Montr\u00e9al, la Table de concertation pour le loisir des personnes handicap\u00e9es de Montr\u00e9al et l\u2019organisme AlterGo. Cette initiative vise \u00e0 favoriser l&rsquo;acc\u00e8s des personnes ayant une limitation fonctionnelle aux Biblioth\u00e8ques de Montr\u00e9al et permet de sensibiliser les citoyens, le personnel des biblioth\u00e8ques et les organismes sp\u00e9cialis\u00e9s aux enjeux entourant l\u2019accessibilit\u00e9.<\/p>\n<p style=\"text-align: justify;\"><strong>\u00a0<\/strong><\/p>\n<p style=\"text-align: justify;\"><strong>\u00a0<\/strong><\/p>\n<p style=\"text-align: justify;\"><strong>\u00c0 propos du r\u00e9seau des Biblioth\u00e8ques de Montr\u00e9al <\/strong><\/p>\n<p style=\"text-align: justify;\"><strong>\u00a0<\/strong><\/p>\n<p style=\"text-align: justify;\">Le r\u00e9seau des Biblioth\u00e8ques de Montr\u00e9al compte 45 biblioth\u00e8ques, qui constituent autant de fen\u00eatres ouvertes sur la connaissance, l\u2019information et la culture. Les Biblioth\u00e8ques de Montr\u00e9al accueillent chaque ann\u00e9e 6 millions de visiteurs qui effectuent 10 millions de pr\u00eats. Les Biblioth\u00e8ques de Montr\u00e9al sont des lieux inclusifs et accessibles \u00e0 tous qui offrent plus de 4 millions de documents, dont des livres, des magazines, des films, de la musique et des jeux.<\/p>\n<h3 style=\"text-align: justify;\"><strong>Pour de plus amples informations sur la programmation du Mois de l\u2019accessibilit\u00e9 universelle dans les Biblioth\u00e8ques de Montr\u00e9al\u00a0: <a href=\"http:\/\/bibliomontreal.com\/AU\">http:\/\/bibliomontreal.com\/AU<\/a>.<\/strong><\/h3>\n<p style=\"text-align: justify;\">Source : Biblioth\u00e8ques de Montr\u00e9al<\/p>\n","protected":false},"excerpt":{"rendered":"<p>Saint-Laurent, le 5 octobre 2015 \u2013 Les Biblioth\u00e8ques de Montr\u00e9al c\u00e9l\u00e8brent en octobre le Mois de l\u2019accessibilit\u00e9 universelle, une occasion unique de sensibiliser le public aux diverses facettes des limitations fonctionnelles et d\u2019inviter l\u2019ensemble des citoyens \u00e0 d\u00e9couvrir les nombreuses ressources offertes par les Biblioth\u00e8ques de Montr\u00e9al. Durant tout le mois d\u2019octobre, 34 biblioth\u00e8ques du [&hellip;]<\/p>\n","protected":false},"author":1,"featured_media":2725,"comment_status":"closed","ping_status":"closed","sticky":false,"template":"","format":"standard","meta":{"footnotes":""},"categories":[4,8],"tags":[],"class_list":["post-2724","post","type-post","status-publish","format-standard","has-post-thumbnail","hentry","category-canada","category-numero-du-mois"],"_links":{"self":[{"href":"https:\/\/maroc-canada.ca\/index.php?rest_route=\/wp\/v2\/posts\/2724","targetHints":{"allow":["GET"]}}],"collection":[{"href":"https:\/\/maroc-canada.ca\/index.php?rest_route=\/wp\/v2\/posts"}],"about":[{"href":"https:\/\/maroc-canada.ca\/index.php?rest_route=\/wp\/v2\/types\/post"}],"author":[{"embeddable":true,"href":"https:\/\/maroc-canada.ca\/index.php?rest_route=\/wp\/v2\/users\/1"}],"replies":[{"embeddable":true,"href":"https:\/\/maroc-canada.ca\/index.php?rest_route=%2Fwp%2Fv2%2Fcomments&post=2724"}],"version-history":[{"count":1,"href":"https:\/\/maroc-canada.ca\/index.php?rest_route=\/wp\/v2\/posts\/2724\/revisions"}],"predecessor-version":[{"id":2726,"href":"https:\/\/maroc-canada.ca\/index.php?rest_route=\/wp\/v2\/posts\/2724\/revisions\/2726"}],"wp:featuredmedia":[{"embeddable":true,"href":"https:\/\/maroc-canada.ca\/index.php?rest_route=\/wp\/v2\/media\/2725"}],"wp:attachment":[{"href":"https:\/\/maroc-canada.ca\/index.php?rest_route=%2Fwp%2Fv2%2Fmedia&parent=2724"}],"wp:term":[{"taxonomy":"category","embeddable":true,"href":"https:\/\/maroc-canada.ca\/index.php?rest_route=%2Fwp%2Fv2%2Fcategories&post=2724"},{"taxonomy":"post_tag","embeddable":true,"href":"https:\/\/maroc-canada.ca\/index.php?rest_route=%2Fwp%2Fv2%2Ftags&post=2724"}],"curies":[{"name":"wp","href":"https:\/\/api.w.org\/{rel}","templated":true}]}}