{"id":3152,"date":"2016-05-23T11:48:38","date_gmt":"2016-05-23T15:48:38","guid":{"rendered":"http:\/\/maghreb-canada.ca\/?p=3152"},"modified":"2016-05-23T11:58:24","modified_gmt":"2016-05-23T15:58:24","slug":"impacts-des-changements-climatiques-la-diaspora-marocaine-met-la-main-a-la-pate","status":"publish","type":"post","link":"https:\/\/maroc-canada.ca\/?p=3152","title":{"rendered":"Impacts des changements climatiques : La diaspora marocaine appel\u00e9e \u00e0 mettre la main \u00e0 la p\u00e2te"},"content":{"rendered":"<p style=\"text-align: justify;\"><a href=\"http:\/\/maroc-canada.ca\/wp-content\/uploads\/2016\/05\/Diaspora-e1464018460688.jpg\"><img loading=\"lazy\" decoding=\"async\" class=\"size-medium wp-image-3154 alignleft\" src=\"http:\/\/maroc-canada.ca\/wp-content\/uploads\/2016\/05\/Diaspora-300x171.jpg\" alt=\"Diaspora\" width=\"300\" height=\"171\" \/><\/a>Le Royaume du Maroc va accueillir, pour la seconde fois, la vingt-deuxi\u00e8me session de la Conf\u00e9rence des parties (COP22) de la Convention-cadre des Nations unies\u00a0 sur le changement climatique (CCNUCC) du 7 au 18 novembre 2016, \u00e0 Marrakech. Une rencontre annuelle pour faire un \u00e9tat des lieux des avanc\u00e9es r\u00e9alis\u00e9es, depuis l\u2019<a href=\"http:\/\/unfccc.int\/resource\/docs\/2015\/cop21\/fre\/l09f.pdf\">accord de Paris<\/a>, dans la lutte contre les changements climatiques. Parmi les axes prioritaires autour desquels s\u2019articulera l\u2019action du Royaume du Maroc, il y a en bonne place la mise en application de l\u2019accord de Paris et l\u2019appui aux pays en d\u00e9veloppement et vuln\u00e9rables, notamment les petits \u00c9tats insulaires.<\/p>\n<p style=\"text-align: justify;\">Pour rappel, le Maroc en 2001 et l\u2019Afrique du Sud en 2011 sont les deux pays africains qui ont d\u00e9j\u00e0 accueilli une conf\u00e9rence des Nations unies sur le changement climatique. Les accords issus de la septi\u00e8me session de la Conf\u00e9rence des parties (COP7) de Marrakech avaient non seulement d\u00e9fini les r\u00e8gles d\u2019application du Protocole de Kyoto, mais aussi permis de mettre en place de nouveaux instruments de financement et de planification en vue de l\u2019adaptation aux changements climatiques, et d\u2019\u00e9tablir un cadre pour le transfert de technologies.<\/p>\n<p style=\"text-align: justify;\">Une ann\u00e9e apr\u00e8s la r\u00e9ussite de la COP21 de Paris qui a abouti \u00e0 un accord historique pour la r\u00e9duction des \u00e9missions de gaz \u00e0 effet de serre (GES), le Maroc met les bouch\u00e9s doubles pour accueillir de nouveau, quinze ans apr\u00e8s, la COP22 dans la m\u00eame ville de Marrakech. Le souverain du royaume ch\u00e9rifien, Sa Majest\u00e9 le Roi Mohammed VI, a charg\u00e9 les diff\u00e9rents minist\u00e8res de son gouvernement \u00e0 concourir \u00e0 une bonne pr\u00e9paration de cette conf\u00e9rence mondiale sur le climat, pour en assurer un succ\u00e8s retentissant.<\/p>\n<p style=\"text-align: justify;\">C\u2019est dans ce cadre qu\u2019un colloque international, sous le th\u00e8me \u00ab <em><a href=\"http:\/\/climat.geops.ca\/2016\/03\/14\/le-regime-international-des-droits-de-lhomme-a-lepreuve-du-changement-climatique\/\">Migrations climatiques : tendances et enjeux<\/a><\/em> \u00bb, a \u00e9t\u00e9 organis\u00e9 le vendredi 20 mai 2016 au Centre d\u2019accueil et de conf\u00e9rences du minist\u00e8re de l\u2019\u00e9quipement \u00e0 Rabat.<\/p>\n<h2 style=\"text-align: justify;\"><strong>Inclure<\/strong><strong> la question des migrations climatiques \u00e0 l\u2019agenda international<\/strong><\/h2>\n<p style=\"text-align: justify;\">La question des migrations climatiques pr\u00e9occupe au plus haut point le Maroc qui est tout \u00e0 la fois un pays d\u2019\u00e9migration, d\u2019immigration et de transit pour les migrants qui cherchent \u00e0 gagner le territoire europ\u00e9en. Le gouvernement du royaume ch\u00e9rifien tient \u00e0 saisir l\u2019occasion qui lui est offerte d\u2019accueillir de nouveau la COP22 pour attirer l\u2019attention de la communaut\u00e9 internationale sur la n\u00e9cessit\u00e9 de prot\u00e9ger les droits des personnes qui sont forc\u00e9es de quitter temporairement ou d\u00e9finitivement leur milieu de vie habituel \u00e0 cause des effets du changement climatique.<\/p>\n<p style=\"text-align: justify;\">De ce fait, le Maroc voudrait s\u2019engouffrer dans la br\u00e8che qui a \u00e9t\u00e9 ainsi ouverte dans le pr\u00e9ambule de l\u2019accord de Paris qui consacre la cr\u00e9ation d\u2019une Task force pour faire face \u00e0 la mobilit\u00e9 humaine, pour int\u00e9grer la question des migrations climatiques \u00e0 l\u2019agenda international. Une question qui jamais auparavant n\u2019a figur\u00e9 en une aussi bonne place sur l\u2019agenda international que voudrait faire le Maroc.<\/p>\n<p style=\"text-align: justify;\">Ainsi, en r\u00e9unissant les experts et \u00e9minents sp\u00e9cialistes dans le domaine des migrations climatiques venus d\u2019Am\u00e9rique du Nord, d\u2019Europe et d\u2019Afrique pour un colloque international, le pouvoir organisateur de la conf\u00e9rence de Marrakech a bien voulu, par l\u2019entremise du minist\u00e8re en charge des Marocains r\u00e9sidant \u00e0 l\u2019\u00e9tranger et des Affaires de la migration, prendre le pouls de diff\u00e9rentes opinions au sujet du lien direct ou indirect entre les catastrophes naturelles dues aux changements climatiques et les flux migratoires que l\u2019on observe ces derni\u00e8res ann\u00e9es, pour d\u00e9velopper son argumentaire face \u00e0 cette probl\u00e9matique, lors de la COP22.<\/p>\n<h2 style=\"text-align: justify;\"><strong>La diaspora marocaine<\/strong><strong> met la main \u00e0 la p\u00e2te<\/strong><strong> pour le succ\u00e8s de la COP22<\/strong><\/h2>\n<p style=\"text-align: justify;\">Le gouvernement marocain qui tient \u00e0 mobiliser le plus grand nombre d\u2019\u00c9tats et d\u2019organisations de la soci\u00e9t\u00e9 civile \u00e0 participer activement \u00e0 la COP22 a voulu formellement associer \u00e9galement les Marocains issus de la diaspora, en leur offrant un espace de r\u00e9flexion et collaboration pour assurer un franc succ\u00e8s \u00e0 cet \u00e9v\u00e9nement plan\u00e9taire. Ils ont r\u00e9pondu pr\u00e9sent et sont venus de tous les continents pour participer \u00e0 ce colloque. Chacun, \u00e0 sa mani\u00e8re, a apport\u00e9 un \u00e9clairage particulier au mieux de ses comp\u00e9tences pour aider leur pays \u00e0 tirer le meilleur parti des avantages de la tenue d\u2019une telle conf\u00e9rence mondiale sur le territoire national.<\/p>\n<p style=\"text-align: justify;\">La pr\u00e9sence du ministre charg\u00e9 des Marocains r\u00e9sidant \u00e0 l\u2019\u00e9tranger et des Affaires de la migration, Monsieur Anis Birrou et de celui des Affaires \u00e9trang\u00e8res et de la coop\u00e9ration, et pr\u00e9sident en exercice du comit\u00e9 de pilotage de la COP22, Monsieur Salaheddine Mezouar, \u00e0 ce colloque accompagn\u00e9s du Commissaire et du pr\u00e9sident du comit\u00e9 scientifique de la COP22, \u00e9tait un signe \u00e9vident que le gouvernement marocain ne veut rien laisser au hasard pour le succ\u00e8s de cette conf\u00e9rence.<\/p>\n<p style=\"text-align: justify;\">Aussi bien dans les discours introductifs du ministre Mezouar que de celui du ministre Birrou, tous ont d\u00e9clar\u00e9\u00a0que la COP22 sera celle de l\u2019action et de la mise en \u0153uvre des r\u00e9solutions de la COP21. Il s\u2019agit bien entendu d\u2019assurer le d\u00e9veloppement et le transfert Nord-Sud, voire Sud-Sud des technologies propres et novatrices\u00a0en mati\u00e8re d\u2019adaptation et d\u2019att\u00e9nuation aux effets du changement climatique; de cr\u00e9dibiliser et renforcer la confiance des pays en d\u00e9veloppement et vuln\u00e9rables qui payent d\u00e9j\u00e0 le plus lourd tribut, tant \u00e9conomiquement, socialement qu\u2019\u00e9cologiquement; de mobiliser les gouvernements, les acteurs non \u00e9tatiques et la soci\u00e9t\u00e9 civile dans le cadre du <a href=\"http:\/\/newsroom.unfccc.int\/lpaa-fr\/\">Plan d\u2019actions Lima-Paris<\/a> consacr\u00e9 \u00e0 l\u2019Accord de Paris; de mobiliser et encourager le plus grand nombre des \u00c9tats parties \u00e0 ratifier l\u2019accord de Paris; et surtout de mobiliser les \u00c9tats \u00e0 honorer leurs engagements financiers, notamment les <a href=\"http:\/\/www.cop21.gouv.fr\/100-milliards-de-dollars\/\">100 milliards de dollars promis \u00e0 la COP21<\/a> d\u2019ici 2020.<\/p>\n<p style=\"text-align: justify;\">Le Maroc qui ambitionne d\u2019exercer un leadership strat\u00e9gique dans la lutte contre le changement climatique en Afrique et jouer le r\u00f4le pivot pour faciliter le partenariat triangulaire Nord-Sud-Sud, voudrait attirer le plus d\u2019investissements vers le continent africain, qui ne parvient toujours pas \u00e0 capter autant de financements du Fonds vert pour le climat, faute de projets bancables. Il veut \u00e9galement accompagner les pays en d\u00e9veloppement dans la pr\u00e9paration de leurs plans nationaux d\u2019adaptation et apporter une assistance technique aux pays vuln\u00e9rables dans la pr\u00e9paration de leurs projets afin d\u2019acc\u00e9der facilement au financement.<\/p>\n<p style=\"text-align: justify;\">En effet, si la COP20 de Lima \u00e9tait pour n\u00e9gocier un accord contraignant, la COP21 de Paris \u00e9tait celle de finalisation et d\u2019adoption de cet accord. Esp\u00e9rons, en d\u00e9finitive, que la COP22 de Marrakech sera bien celle de l\u2019action et de la mise en \u0153uvre de cet accord conclu \u00e0 Paris. Une COP22 devra faciliter l\u2019adoption des outils op\u00e9rationnels dans la ligne droite du plan d\u2019actions Lima-Paris-Marrakech<\/p>\n<p style=\"text-align: justify;\">Par Isidore KWANDJA NGEMBO, Politologue.<\/p>\n<p style=\"text-align: justify;\"><a href=\"http:\/\/maroc-canada.ca\/wp-content\/uploads\/2016\/05\/Diaspora-2.jpg\"><img loading=\"lazy\" decoding=\"async\" class=\"alignleft size-full wp-image-3153\" src=\"http:\/\/maroc-canada.ca\/wp-content\/uploads\/2016\/05\/Diaspora-2.jpg\" alt=\"Diaspora-2\" width=\"229\" height=\"239\" \/><\/a><\/p>\n","protected":false},"excerpt":{"rendered":"<p>Le Royaume du Maroc va accueillir, pour la seconde fois, la vingt-deuxi\u00e8me session de la Conf\u00e9rence des parties (COP22) de la Convention-cadre des Nations unies\u00a0 sur le changement climatique (CCNUCC) du 7 au 18 novembre 2016, \u00e0 Marrakech. Une rencontre annuelle pour faire un \u00e9tat des lieux des avanc\u00e9es r\u00e9alis\u00e9es, depuis l\u2019accord de Paris, dans [&hellip;]<\/p>\n","protected":false},"author":1,"featured_media":3153,"comment_status":"closed","ping_status":"closed","sticky":false,"template":"","format":"standard","meta":{"footnotes":""},"categories":[5,6,7,8],"tags":[],"class_list":["post-3152","post","type-post","status-publish","format-standard","has-post-thumbnail","hentry","category-immigration","category-maghreb","category-monde","category-numero-du-mois"],"_links":{"self":[{"href":"https:\/\/maroc-canada.ca\/index.php?rest_route=\/wp\/v2\/posts\/3152","targetHints":{"allow":["GET"]}}],"collection":[{"href":"https:\/\/maroc-canada.ca\/index.php?rest_route=\/wp\/v2\/posts"}],"about":[{"href":"https:\/\/maroc-canada.ca\/index.php?rest_route=\/wp\/v2\/types\/post"}],"author":[{"embeddable":true,"href":"https:\/\/maroc-canada.ca\/index.php?rest_route=\/wp\/v2\/users\/1"}],"replies":[{"embeddable":true,"href":"https:\/\/maroc-canada.ca\/index.php?rest_route=%2Fwp%2Fv2%2Fcomments&post=3152"}],"version-history":[{"count":2,"href":"https:\/\/maroc-canada.ca\/index.php?rest_route=\/wp\/v2\/posts\/3152\/revisions"}],"predecessor-version":[{"id":3156,"href":"https:\/\/maroc-canada.ca\/index.php?rest_route=\/wp\/v2\/posts\/3152\/revisions\/3156"}],"wp:featuredmedia":[{"embeddable":true,"href":"https:\/\/maroc-canada.ca\/index.php?rest_route=\/wp\/v2\/media\/3153"}],"wp:attachment":[{"href":"https:\/\/maroc-canada.ca\/index.php?rest_route=%2Fwp%2Fv2%2Fmedia&parent=3152"}],"wp:term":[{"taxonomy":"category","embeddable":true,"href":"https:\/\/maroc-canada.ca\/index.php?rest_route=%2Fwp%2Fv2%2Fcategories&post=3152"},{"taxonomy":"post_tag","embeddable":true,"href":"https:\/\/maroc-canada.ca\/index.php?rest_route=%2Fwp%2Fv2%2Ftags&post=3152"}],"curies":[{"name":"wp","href":"https:\/\/api.w.org\/{rel}","templated":true}]}}