{"id":3392,"date":"2017-01-29T07:41:29","date_gmt":"2017-01-29T12:41:29","guid":{"rendered":"http:\/\/maghreb-canada.ca\/?p=3392"},"modified":"2017-01-31T07:41:58","modified_gmt":"2017-01-31T12:41:58","slug":"attentat-terroriste-contre-la-communaute-musulmane-a-quebec-le-premier-ministre-demande-la-mise-en-berne-du-drapeau","status":"publish","type":"post","link":"https:\/\/maroc-canada.ca\/?p=3392","title":{"rendered":"Attentat terroriste contre la communaut\u00e9 musulmane \u00e0 Qu\u00e9bec : Le Premier ministre demande la mise en berne du drapeau"},"content":{"rendered":"<p style=\"text-align: justify;\"><strong>Qu\u00e9bec, le 29\u00a0janvier\u00a02017\u00a0\u2013<\/strong>\u00a0\u00c0 la demande du premier ministre M.\u00a0Philippe\u00a0Couillard, le pr\u00e9sident de l\u2019Assembl\u00e9e\u00a0nationale, M.\u00a0Jacques\u00a0Chagnon, annonce la mise en berne imm\u00e9diate du drapeau du Qu\u00e9bec sur la tour centrale de l\u2019h\u00f4tel du Parlement, \u00e0 la suite de la fusillade mortelle survenue au Centre culturel islamique de Qu\u00e9bec.<\/p>\n<p style=\"text-align: justify;\">Le pr\u00e9sident de l\u2019Assembl\u00e9e\u00a0nationale condamne les gestes perp\u00e9tr\u00e9s \u00e0 la Grande\u00a0mosqu\u00e9e de Qu\u00e9bec et tient \u00e0 exprimer sa solidarit\u00e9 envers les proches des victimes et de la communaut\u00e9 musulmane.<\/p>\n<p style=\"text-align: justify;\">Source :<\/p>\n<p style=\"text-align: justify;\">France\u00a0Pelletier<br \/>\nAssembl\u00e9e\u00a0nationale du Qu\u00e9bec<\/p>\n","protected":false},"excerpt":{"rendered":"<p>Qu\u00e9bec, le 29\u00a0janvier\u00a02017\u00a0\u2013\u00a0\u00c0 la demande du premier ministre M.\u00a0Philippe\u00a0Couillard, le pr\u00e9sident de l\u2019Assembl\u00e9e\u00a0nationale, M.\u00a0Jacques\u00a0Chagnon, annonce la mise en berne imm\u00e9diate du drapeau du Qu\u00e9bec sur la tour centrale de l\u2019h\u00f4tel du Parlement, \u00e0 la suite de la fusillade mortelle survenue au Centre culturel islamique de Qu\u00e9bec. Le pr\u00e9sident de l\u2019Assembl\u00e9e\u00a0nationale condamne les gestes perp\u00e9tr\u00e9s \u00e0 [&hellip;]<\/p>\n","protected":false},"author":1,"featured_media":3393,"comment_status":"closed","ping_status":"closed","sticky":false,"template":"","format":"standard","meta":{"footnotes":""},"categories":[4,5,7],"tags":[],"class_list":["post-3392","post","type-post","status-publish","format-standard","has-post-thumbnail","hentry","category-canada","category-immigration","category-monde"],"_links":{"self":[{"href":"https:\/\/maroc-canada.ca\/index.php?rest_route=\/wp\/v2\/posts\/3392","targetHints":{"allow":["GET"]}}],"collection":[{"href":"https:\/\/maroc-canada.ca\/index.php?rest_route=\/wp\/v2\/posts"}],"about":[{"href":"https:\/\/maroc-canada.ca\/index.php?rest_route=\/wp\/v2\/types\/post"}],"author":[{"embeddable":true,"href":"https:\/\/maroc-canada.ca\/index.php?rest_route=\/wp\/v2\/users\/1"}],"replies":[{"embeddable":true,"href":"https:\/\/maroc-canada.ca\/index.php?rest_route=%2Fwp%2Fv2%2Fcomments&post=3392"}],"version-history":[{"count":1,"href":"https:\/\/maroc-canada.ca\/index.php?rest_route=\/wp\/v2\/posts\/3392\/revisions"}],"predecessor-version":[{"id":3394,"href":"https:\/\/maroc-canada.ca\/index.php?rest_route=\/wp\/v2\/posts\/3392\/revisions\/3394"}],"wp:featuredmedia":[{"embeddable":true,"href":"https:\/\/maroc-canada.ca\/index.php?rest_route=\/wp\/v2\/media\/3393"}],"wp:attachment":[{"href":"https:\/\/maroc-canada.ca\/index.php?rest_route=%2Fwp%2Fv2%2Fmedia&parent=3392"}],"wp:term":[{"taxonomy":"category","embeddable":true,"href":"https:\/\/maroc-canada.ca\/index.php?rest_route=%2Fwp%2Fv2%2Fcategories&post=3392"},{"taxonomy":"post_tag","embeddable":true,"href":"https:\/\/maroc-canada.ca\/index.php?rest_route=%2Fwp%2Fv2%2Ftags&post=3392"}],"curies":[{"name":"wp","href":"https:\/\/api.w.org\/{rel}","templated":true}]}}