{"id":3409,"date":"2017-02-27T23:39:11","date_gmt":"2017-02-28T04:39:11","guid":{"rendered":"http:\/\/maghreb-canada.ca\/?p=3409"},"modified":"2017-02-28T08:57:45","modified_gmt":"2017-02-28T13:57:45","slug":"le-pouvoir-dans-les-mains-de-lextreme-droite-il-vaudrait-mieux-que-ca-arrive-tout-de-suite","status":"publish","type":"post","link":"https:\/\/maroc-canada.ca\/?p=3409","title":{"rendered":"Le pouvoir dans les mains de l\u2019extr\u00eame droite ? Vaudrait mieux que \u00e7a arrive tout de suite"},"content":{"rendered":"<p style=\"text-align: justify;\">Le Maroc se tourne r\u00e9solument vers l\u2019Afrique. C\u2019est un fait. Pas besoin d\u2019un dessin pour s\u2019en rendre compte. Il suffit pour cela de voir tous les p\u00e9riples du Roi Mohammed VI dans ce continent et de voir tous ces accords bilat\u00e9raux sign\u00e9s \u00e0 l\u2019issu de chaque voyage du souverain marocain pour s\u2019en rendre compte (Lire \u00e0 cet effet les articles publi\u00e9s dans cette \u00e9dition sur les pages 15 \u00e0 19)<\/p>\n<p style=\"text-align: justify;\"><b>Serait-ce l&rsquo;agonie de l\u2019union du Maghreb Arabe (UMA) ? <\/b><\/p>\n<p style=\"text-align: justify;\">\u2018\u2019Oh, diront plusieurs maghr\u00e9bins (marocains compris) l\u2019UMA n\u2019a pas besoin de \u00e7a pour agoniser : Elle fut mort-n\u00e9e. Et pour cause: Elle aurait mal choisi son moment pour na\u00eetre ! Une p\u00e9riode tumultueuse o\u00f9 les plus influents pays de la r\u00e9gion \u00e9taient en train de r\u00e9gler des comptes en souffrance, \u00e0 coup de \u2018\u2019mouvements de lib\u00e9ration\u2019\u2019 tout en faisant souffrir deux g\u00e9n\u00e9rations., et ce, \u00e0 force de privil\u00e9gier le leadership de certains gouvernants sur l&rsquo;int\u00e9r\u00eat des peuples de l&rsquo;union&#8230; \u00e0 commencer par l\u2019Int\u00e9r\u00eat de leur propre peuple.<\/p>\n<p style=\"text-align: justify;\">Or face \u00e0 l&rsquo;affaiblissement des autres pays du Maghreb, le Maroc serai-il en train de trouver d&rsquo;autres opportunit\u00e9s pour son propre \u00e9panouissement r\u00e9gional ? Ce serait le cas si on prend en consid\u00e9ration le retour du Royaume au sein de l\u2019Union africaine et surtout sa r\u00e9cente candidature \u00e0 la Communaut\u00e9 \u00e9conomique des \u00c9tats de l&rsquo;Afrique de l&rsquo;Ouest (C\u00c9D\u00c9AO).<\/p>\n<p style=\"text-align: justify;\">La conjoncture actuelle plaide en faveur de la strat\u00e9gie marocaine et\u00a0 dicte \u00e0 ce pays d\u2019enterrer ce r\u00eave \u00e9ph\u00e9m\u00e8re appel\u00e9 UMA pour s&rsquo;atteler \u00e0 une promesse concr\u00e8te de succ\u00e8s dans un avenir imm\u00e9diat.: L\u2019ouverture africaine.<\/p>\n<p style=\"text-align: justify;\">Pour ce, le Maroc a des potentialit\u00e9s qui manqueraient \u00e0 l&rsquo;Afrique : Savoir-faire agricole, enseignement, ressources phosphat\u00e9es, secteur tertiaire d\u00e9velopp\u00e9, pays d\u2019asile pour des r\u00e9fugi\u00e9s climatiques et surtout non pas un \u2018\u2019savoir-faire\u2019\u2019 mais une \u2018\u2019autre fa\u00e7on de faire\u2019\u2019 via la diaspora scientifique et technique marocaine&#8230; Ce qui bouclera la boucle et fera le lien entre la coop\u00e9ration Nord-sud \u00e0 travers le Maroc et mettra en branle la nouvelle coop\u00e9ration sud-sud initi\u00e9e par ce m\u00eame Maroc.<\/p>\n<p style=\"text-align: justify;\"><b>Et ce serait en train d\u2019arriver au moment o\u00f9 les fronti\u00e8res de l\u2019Occident seraient en train de se fermer.<\/b><\/p>\n<p style=\"text-align: justify;\">L\u2019extr\u00eame droite marque des points partout en profitant d\u2019une peur artificiellement fabriqu\u00e9e. L\u2019extr\u00eame droite risque de gagner&#8230; Est en train\u00a0 de gagner!<\/p>\n<p style=\"text-align: justify;\">Le Pr\u00e9sident Trump interdit \u00e0 des musulmans d\u2019\u00e9lire domicile aux USA&#8230;. Et apr\u00e8s ?<\/p>\n<p style=\"text-align: justify;\">Que Marine LePen\u00a0 importe les pr\u00e9sidentielles en France et que toute l\u2019Europe devienne extr\u00e9miste&#8230; Et APR\u00c8S !<\/p>\n<p style=\"text-align: justify;\">L\u2019extr\u00eame droite l\u2019emportera t\u00f4t au tard. Il vaut mieux que ce soit tout de suite. Et qu\u2019on en finisse.<\/p>\n<p style=\"text-align: justify;\">Et comme dit ce proverbe bien marocain\u00a0\u00a0 \u2018\u2019 ????? ??? ?? ???? ????? ????? ????? ???\u2018\u2019 (<i>Celui qui n\u2019a plus que 3 jours \u00e0 vivre doit \u00eatre consid\u00e9r\u00e9 d\u00e9j\u00e0 mort<\/i>). Plus vite l\u2019extr\u00eame droite prendrait le pouvoir et plus vite on se rendrait compte qui est le vrai ennemi des pays occidentaux. Aussi, il vaudrait mieux crever l\u2019abc\u00e8s avant que le blessure ne se transforme en gangr\u00e8ne.<\/p>\n<p style=\"text-align: justify;\">Trump a interdit \u00e0 des musulmans d\u2019\u00e9lire domicile aux USA, et ce, pour faire plaisir aux membres de son \u00e9lectorat d\u2019extr\u00eame droite et \u00e0 ceux (du m\u00eame \u00e9lectorat) qui se seraient tromp\u00e9s d\u2019ennemi.<\/p>\n<p style=\"text-align: justify;\">Or voil\u00e0 qu\u2019un toll\u00e9 suivit cette interdiction; un toll\u00e9 de la part de beaucoup d\u2019am\u00e9ricains qui n\u2019ont pas perdu leurs valeurs humanitaires, qui n\u2019ont pas vendu leur \u00e2me \u00e0 Trump. Mais un toll\u00e9 aussi de la part de beaucoup de \u2018\u2019requins\u2019\u2019 qui ne font pas ni dans l\u2019altruisme ni dans le philanthropisme,\u00a0 mais dans le Monde de la finance et de la haute technologie; ceux m\u00eames qui se voient priv\u00e9s de cette mati\u00e8re grise (aussi musulmane soit-elle) qui innove, invente, programme et cr\u00e9e &#8230; M\u00eame des missiles, des drones et des armes de destruction utilis\u00e9es all\u00e9grement un peu partout \u00e0 travers le Monde et qui font des USA ce Monstre de guerre invincible\u00a0 et indestructible !<\/p>\n<p style=\"text-align: justify;\">Les centres de recherche am\u00e9ricains foisonnent de ceux et celles que l\u2019opinion publique qualifient de \u2018\u2019terroristes\u2019\u2019.<\/p>\n<p style=\"text-align: justify;\">Terroristes, ils le seraient h\u00e9las surtout pour les enfants de leurs propres pays d\u2019origine. Car ce sont eux qui fabriquent ces armes avec lesquelles ont est en train de neutraliser \u2018\u2019des cibles\u2019\u2019 dans les champs de bataille ne serait-ce qu\u2019au Moyen-Orient . Et du coup, on ne peut s\u2019emp\u00eacher (une fois de plus) de citer cet auteur visionnaire du Moyen-\u00e2ge : \u2018<i>\u2019D\u2019o\u00f9 leur viennent toutes ces mains avec lesquelles ils vous giflent sinon les v\u00f4tres <\/i>!\u2019\u2019<\/p>\n<p style=\"text-align: justify;\">Et la plus dr\u00f4le de toutes : Hollywood qui semble-t-il avait accord\u00e9 (fin f\u00e9vrier dernier) des oscars \u00e0 des noirs, des \u00e9trangers et m\u00eame (en primeur) \u00e0 un musulman&#8230; pour d\u00e9noncer, la politique de Mr Trump semble-t-il!<\/p>\n<p style=\"text-align: justify;\">Quelle hypocrisie de la part de cette machine de propagande semble-t-il qui a confectionn\u00e9 ce masque hideux pour les immigr\u00e9s en g\u00e9n\u00e9ral et pour les musulmans parmi eu en particulier !!<\/p>\n<p style=\"text-align: justify;\">Bush Fils lui avait demand\u00e9 , au lendemain des attentats terroristes contre le World Trade Center\u00a0 de mettre la main \u00e0 la p\u00e2te pour faire r\u00e9ussir la guerre contre le terrorisme.\u00a0 Les r\u00e9sultats \u00e9taient au-del\u00e0 de toute attente. Le terrorisme est devenu musulman . Et de la formule (somme toute b\u00e9nigne) \u2019\u2019Tous les musulmans ne sont pas terroristes mais tous les terroristes sont musulmans\u2019\u2019 on s\u2019est ramass\u00e9 avec l\u2019image hollywoodienne: : \u2018\u2019Tous les musulmans sont terroristes\u2019\u2019. Point final.<\/p>\n<p>S\u2019il est \u00e9crit quelque part que nous devrions souffrir dans notre chaire, et que nous devrions atteindre le fin fond de notre calvaire, Il serait temps que cela arrive, et ce, avant que les derniers \u00e9pris de justice en Am\u00e9rique et partout ailleurs dans le monde occidental ne deviennent tous aveugles !<\/p>\n<p>Par A. El Fouladi, Maghreb Canada Express, Page N\u00b03, <i>Vol. XV, N\u00b0 03, MARS 2017 .<br \/>\n<\/i><\/p>\n<p>Pour lire l\u2019\u00c9dition de Mars 2017, cliquer sur l\u2019image :<\/p>\n<p><center><\/p>\n<div class=\"column\">\n<div><a href=\"http:\/\/www.maghreb-canada.ca\/journal\/2017\/MCE165-03-2017.pdf\" target=\"_blank\" rel=\"nofollow\"><img loading=\"lazy\" decoding=\"async\" class=\"book-picture alignleft\" src=\"http:\/\/www.maghreb-canada.ca\/journal\/2017\/n165.jpg\" alt=\"\" width=\"200\" height=\"280\" \/><\/a><\/div>\n<\/div>\n<p><\/center><\/p>\n","protected":false},"excerpt":{"rendered":"<p>Le Maroc se tourne r\u00e9solument vers l\u2019Afrique. C\u2019est un fait. Pas besoin d\u2019un dessin pour s\u2019en rendre compte. Il suffit pour cela de voir tous les p\u00e9riples du Roi Mohammed VI dans ce continent et de voir tous ces accords bilat\u00e9raux sign\u00e9s \u00e0 l\u2019issu de chaque voyage du souverain marocain pour s\u2019en rendre compte (Lire [&hellip;]<\/p>\n","protected":false},"author":1,"featured_media":3362,"comment_status":"closed","ping_status":"closed","sticky":false,"template":"","format":"standard","meta":{"footnotes":""},"categories":[5,6,8],"tags":[],"class_list":["post-3409","post","type-post","status-publish","format-standard","has-post-thumbnail","hentry","category-immigration","category-maghreb","category-numero-du-mois"],"_links":{"self":[{"href":"https:\/\/maroc-canada.ca\/index.php?rest_route=\/wp\/v2\/posts\/3409","targetHints":{"allow":["GET"]}}],"collection":[{"href":"https:\/\/maroc-canada.ca\/index.php?rest_route=\/wp\/v2\/posts"}],"about":[{"href":"https:\/\/maroc-canada.ca\/index.php?rest_route=\/wp\/v2\/types\/post"}],"author":[{"embeddable":true,"href":"https:\/\/maroc-canada.ca\/index.php?rest_route=\/wp\/v2\/users\/1"}],"replies":[{"embeddable":true,"href":"https:\/\/maroc-canada.ca\/index.php?rest_route=%2Fwp%2Fv2%2Fcomments&post=3409"}],"version-history":[{"count":5,"href":"https:\/\/maroc-canada.ca\/index.php?rest_route=\/wp\/v2\/posts\/3409\/revisions"}],"predecessor-version":[{"id":3415,"href":"https:\/\/maroc-canada.ca\/index.php?rest_route=\/wp\/v2\/posts\/3409\/revisions\/3415"}],"wp:featuredmedia":[{"embeddable":true,"href":"https:\/\/maroc-canada.ca\/index.php?rest_route=\/wp\/v2\/media\/3362"}],"wp:attachment":[{"href":"https:\/\/maroc-canada.ca\/index.php?rest_route=%2Fwp%2Fv2%2Fmedia&parent=3409"}],"wp:term":[{"taxonomy":"category","embeddable":true,"href":"https:\/\/maroc-canada.ca\/index.php?rest_route=%2Fwp%2Fv2%2Fcategories&post=3409"},{"taxonomy":"post_tag","embeddable":true,"href":"https:\/\/maroc-canada.ca\/index.php?rest_route=%2Fwp%2Fv2%2Ftags&post=3409"}],"curies":[{"name":"wp","href":"https:\/\/api.w.org\/{rel}","templated":true}]}}