{"id":3416,"date":"2017-03-01T16:35:37","date_gmt":"2017-03-01T21:35:37","guid":{"rendered":"http:\/\/maghreb-canada.ca\/?p=3416"},"modified":"2017-03-01T16:35:37","modified_gmt":"2017-03-01T21:35:37","slug":"reaction-a-lattentat-de-quebec-mais-ou-est-passe-le-quebec-de-robert-bourassa-et-de-rene-levesque","status":"publish","type":"post","link":"https:\/\/maroc-canada.ca\/?p=3416","title":{"rendered":"R\u00e9action \u00e0 l\u2019attentat de Qu\u00e9bec : Mais o\u00f9 est pass\u00e9 le Qu\u00e9bec de Robert Bourassa et de Ren\u00e9 Levesque ?"},"content":{"rendered":"<p style=\"text-align: justify;\"><b><i>Par Youssef Nacef, <\/i><\/b><i>Retrait\u00e9,<\/i><i>Pr\u00e9sident- Fondateur de l\u2019Amicale des Tunisiens au Canada<\/i><\/p>\n<p style=\"text-align: justify;\"><a href=\"http:\/\/maroc-canada.ca\/wp-content\/uploads\/2013\/11\/youssef-Nacef.jpg\"><img loading=\"lazy\" decoding=\"async\" class=\"alignleft size-medium wp-image-1351\" src=\"http:\/\/maroc-canada.ca\/wp-content\/uploads\/2013\/11\/youssef-Nacef-225x300.jpg\" alt=\"youssef Nacef\" width=\"225\" height=\"300\" srcset=\"https:\/\/maroc-canada.ca\/wp-content\/uploads\/2013\/11\/youssef-Nacef-225x300.jpg 225w, https:\/\/maroc-canada.ca\/wp-content\/uploads\/2013\/11\/youssef-Nacef-112x150.jpg 112w, https:\/\/maroc-canada.ca\/wp-content\/uploads\/2013\/11\/youssef-Nacef.jpg 240w\" sizes=\"auto, (max-width: 225px) 100vw, 225px\" \/><\/a>Suite \u00e0 l\u2019attentat terroriste ignoble, barbare et l\u00e2che, d\u2019Alexandre Bissonnette qui avait cibl\u00e9 la grande mosqu\u00e9e de la ville de Qu\u00e9bec, j\u2019aimerais bien tout d\u2019abord pr\u00e9senter mes sinc\u00e8res condol\u00e9ances aux familles des victimes et que Dieu ait leur \u00e2me.<\/p>\n<p style=\"text-align: justify;\">Cette attaque meurtri\u00e8re de Qu\u00e9bec fin janvier 2017, nous a fait r\u00e9aliser que le Qu\u00e9bec n\u2019est pas immunis\u00e9 contre l&rsquo;horreur, contre l&rsquo;incompr\u00e9hensible, contre la haine ou contre la rage d&rsquo;un homme qui s&rsquo;attaque \u00e0 ses semblables. Toutes ces trag\u00e9dies du genre (tuerie \u00e0 l&rsquo;Assembl\u00e9e nationale, \u00e0 l&rsquo;\u00c9cole Polytechnique, au coll\u00e8ge Dawson, \u00e0 Saint-Jean) ont \u00e9t\u00e9 l\u2019\u0153uvre de \u00ab\u00a0Qu\u00e9b\u00e9cois de souche\u00a0\u00bb contre leurs concitoyens de toute confession \u00e0 l\u2019exception de cette derni\u00e8re qui a cibl\u00e9 uniquement les nouveaux Qu\u00e9b\u00e9cois de confession musulmane.<\/p>\n<p style=\"text-align: justify;\">Force est d\u2019admettre que la radicalisation d\u2019une minorit\u00e9 de Qu\u00e9b\u00e9cois de souche \u00ab\u00a0blancs catholiques\u00a0\u00bb s\u2019est d\u00e9velopp\u00e9e \u00e0 partir de 2007, quand \u00e7a commen\u00e7ait les accommodements raisonnables. Puis, venue la commission Bouchard-Taylor qui a mis plut\u00f4t une tribune aux islamophobes pour cracher leur venin sur les n\u00e9o-qu\u00e9b\u00e9cois et enfin, la charte qu\u00e9b\u00e9coise qui vise exclusivement la femme musulmane.<\/p>\n<p style=\"text-align: justify;\">Il faut le dire, la Presse \u00e9crite comme la Presse \u00e9lectronique (pas toute), les r\u00e9seaux sociaux, les sites antimusulmans ont tous largement contribu\u00e9 petit \u00e0 petit \u00e0 la peur de l\u2019autre, \u00e0 la diabolisation de l\u2019autre, au petit racisme quotidien, \u00e0 l\u2019intol\u00e9rance, \u00e0 l\u2019islamophobie, \u00e0 la haine, \u00e0 l\u2019agression orale, parfois physique et finalement\u00a0 \u00e0\u00a0 l\u2019\u00e9limination des personnes physiques par cet effet de mart\u00e8lement quotidien et quasiment incessant.<\/p>\n<p style=\"text-align: justify;\">Malheureusement, et il faut l\u2019admettre, le racisme existe au Qu\u00e9bec avec une islamophobie montante.\u00a0 Le racisme est devenu d\u00e9complex\u00e9 et l\u00e9gitim\u00e9 en quelque sorte dans la mesure o\u00f9 on n\u2019a plus honte de le dire et on l\u2019assume comme on en voit sur les plateformes des r\u00e9seaux sociaux.<\/p>\n<p style=\"text-align: justify;\">Ces voyous antimusulmans, des \u00e9nergum\u00e8nes qui ont une haine visc\u00e9rale anti-arabe, des f\u00eal\u00e9s sur les r\u00e9seaux sociaux qui persistent et signent dans leurs attaques contre tous les musulmans. Des propos d\u2019une gravit\u00e9 \u00e0 vous faire dresser les cheveux sur la t\u00eate.<\/p>\n<p style=\"text-align: justify;\">Il est temps que les auteurs de discours d\u2019exclusion et de rabaissement qu\u2019ils soient politiciens, animateurs ou autres personnalit\u00e9s publiques ou non, se rendent compte du tort que leurs mots peuvent causer.<\/p>\n<p style=\"text-align: justify;\">Il faut aussi le dire, les musulmans ont beaucoup souffert des accusations venant de toute part, ils ont peur aujourd\u2019hui pas seulement des attaques physiques mais surtout des attaques verbales, des menaces \u00e0 ne plus en finir, car comme disait Philippe Couillard, \u00ab\u00a0Les mots prononc\u00e9s, les mots \u00e9crits aussi ne sont pas anodins. A nous de les formuler. A nous de les choisir. Ils peuvent unir,\u00a0 gu\u00e9rir ou diviser et blesser\u00a0\u00bb.<\/p>\n<p style=\"text-align: justify;\">Moi, qui suis au Qu\u00e9bec et fr\u00e9quente les Qu\u00e9b\u00e9cois de souche depuis 45 ans. Je n\u2019ai jamais vu un tel changement d\u2019attitude vis-\u00e0-vis les \u00e9trangers en g\u00e9n\u00e9ral et les musulmans en particulier que pendant ces dix derni\u00e8res ann\u00e9es. Une mont\u00e9e vertigineuse de l\u2019islamophobie, soit par ignorance, soit par peur de l\u2019autre, aliment\u00e9e par certains animateurs ou chroniqueurs qui n\u2019ont jamais cess\u00e9 leur tapage quotidien sur l\u2019islam et les musulmans d\u2019une mani\u00e8re n\u00e9gative. ET \u00e7a aussi, il faut le dire.<\/p>\n<p style=\"text-align: justify;\">Paradoxalement, je refuse de croire que les Qu\u00e9b\u00e9cois sont racistes, intol\u00e9rants\u00a0 et x\u00e9nophobes. O\u00f9 est-il donc pass\u00e9 le Qu\u00e9bec de Robert Bourassa et de Ren\u00e9 Levesque que j\u2019ai connu, aim\u00e9 et adopt\u00e9 il y a 45 ans\u00a0?<\/p>\n<p style=\"text-align: justify;\">Est-ce qu\u2019on est capable comme soci\u00e9t\u00e9, d\u2019admettre que des propos et des comportements de certains individus ont un potentiel malsains, voire dangereux\u00a0?<\/p>\n<p style=\"text-align: justify;\">Est-ce que la soci\u00e9t\u00e9 qu\u00e9b\u00e9coise est assez mature, de faire un examen de conscience collectivement, de voir la r\u00e9alit\u00e9 en face, de s&rsquo;avouer nos travers (Qu\u00e9b\u00e9cois de souche ou d&rsquo;adoption),\u00a0 de s\u2019auto critiquer et d\u2019adopter le vivre ensemble afin d\u2019\u00e9viter, autant que faire se peut, la r\u00e9p\u00e9tition d\u2019actes haineux et funestes\u00a0?<\/p>\n<p style=\"text-align: justify;\">D\u00e9j\u00e0, des d\u00e9sirs de changements s&rsquo;expriment des deux c\u00f4t\u00e9s. Au lieu de se replier sur elle-m\u00eame apr\u00e8s la perte de six de ses membres, la communaut\u00e9 musulmane d\u2019une part, dit vouloir ouvrir davantage ses mosqu\u00e9es et son c\u0153ur pour se faire mieux conna\u00eetre. Dans ce drame, je trouve que la communaut\u00e9 musulmane s\u2019est comport\u00e9e d\u2019une mani\u00e8re exemplaire. Pas d\u2019insultes, pas d\u2019amalgame, pas de r\u00e9primande et m\u00eame, elle accorde son pardon au pr\u00e9sum\u00e9 meurtrier par la bouche de son Imam, allant jusqu\u2019\u00e0 le consid\u00e9rer\u00a0 comme la septi\u00e8me victime de l\u2019attentat. Aussi, l\u2019ambassadeur guin\u00e9en au Canada a assur\u00e9 quant \u00e0 lui, \u00ab\u00a0que le pardon est un principe cardinal de la religion musulmane. Le pardon nous est demand\u00e9 m\u00eame pendant les \u00e9preuves les plus difficiles.\u00a0\u00bb<\/p>\n<p style=\"text-align: justify;\">D\u2019autre part, des milliers de Qu\u00e9b\u00e9cois toute confession confondue, se sont rassembl\u00e9s \u00e0 Montr\u00e9al pour honorer lors d\u2019une c\u00e9r\u00e9monie fun\u00e9raire, trois des six victimes innocentes de confession musulmane abattus dans l\u2019enceinte de la grande mosqu\u00e9e de Qu\u00e9bec lors de leur derni\u00e8re pri\u00e8re de la journ\u00e9e.<\/p>\n<p style=\"text-align: justify;\">C\u2019est une marque de solidarit\u00e9 et d\u2019affection de la part de nos concitoyens \u00ab\u00a0qu\u00e9b\u00e9cois\u00a0de souche\u00bb. Il y a quelque chose d\u2019encourageant dans la r\u00e9action de solidarit\u00e9 qui a suivi le drame. Les \u00e9lites politiques ont fait leur mea-culpa d\u2019une certaine mani\u00e8re. Du c\u00f4t\u00e9 de la communaut\u00e9 musulmane, les gens ont montr\u00e9 beaucoup de dignit\u00e9 dans leur malheur. Il n\u2019y a pas eu une once d\u2019agressivit\u00e9 dans leurs d\u00e9clarations et dans leurs r\u00e9actions. C\u2019\u00e9tait au contraire du pardon, de l\u2019amour et une invitation \u00e0 la solidarit\u00e9.<\/p>\n<p style=\"text-align: justify;\">Tout le pays s\u2019est montr\u00e9 solidaire. Les hommes tu\u00e9s dans l\u2019attaque, bien qu\u2019ils nous aient quitt\u00e9s, nous ont permis de nous rassembler. Ils ont, par leur mort, ralli\u00e9 des personnes de diff\u00e9rentes nationalit\u00e9s, couleur, races et religions. Ils ont r\u00e9ussi \u00e0 unir le Qu\u00e9bec. Il faut apprendre \u00e0 se connaitre, \u00e0 se respecter les uns des autres malgr\u00e9 nos diff\u00e9rences.<\/p>\n<p style=\"text-align: justify;\">On peut facilement conclure que cet acte de violence est une cons\u00e9quence directe de l\u2019islamophobie qui a pris plus d\u2019importance au Qu\u00e9bec depuis quelques ann\u00e9es, surtout \u00e0 partir de 2007 quand les accommodements raisonnables faisaient rage, instrumentalis\u00e9es par certains politiciens pour faire plaisir aux extr\u00e9mistes de droite ou encore par certains chroniqueurs et animateurs populistes afin d\u2019augmenter leurs cotes d\u2019\u00e9coute.<\/p>\n<p style=\"text-align: justify;\">Et ce n\u2019est pas pour rien, ni un pur hasard que ces radios poubelles sont tr\u00e8s populaires ayant la c\u00f4te d\u2019\u00e9coute la plus\u00a0 \u00e9lev\u00e9e dans la vieille capitale. Par cons\u00e9quent, ils ont envenim\u00e9 le climat social dans la belle Province. Il faut donc \u00eatre tr\u00e8s vigilant et informer la population du danger de ces informations, car sous-estimer le ph\u00e9nom\u00e8ne de haine souterraine \u00e0 l\u2019\u00e9gard des musulmans serait une grave erreur.<\/p>\n<p style=\"text-align: justify;\">La communaut\u00e9 musulmane quant \u00e0 elle, ne demande pas d\u2019\u00eatre mise sur un pi\u00e9destal. Elle ne demande que de vivre en paix, de reconnaitre ses comp\u00e9tences et qu\u2019elle ne soit pas discrimin\u00e9e pour l\u2019emploi afin de contribuer pleinement au d\u00e9veloppement \u00e9conomique et social du Qu\u00e9bec.<\/p>\n<h2 style=\"text-align: justify;\">Non \u00e0 l\u2019amalgame<\/h2>\n<p style=\"text-align: justify;\">M\u00eame si l\u2019auteur de cet attentat est un \u00ab\u00a0Qu\u00e9b\u00e9cois de souche\u00a0\u00bb, Il n\u2019en demeure pas moins que le Canada, la Belle Province et Qu\u00e9bec City en particulier, sont des endroits les plus s\u00e9curitaires au monde. Pourquoi ? Parce que tout le monde ici fait bien son job : La police, les gouvernants et la population qui est, soit dit en passant la plus pacifique, la plus ouverte, la plus tol\u00e9rante et accueillante au monde, m\u00eame s\u2019il y a encore au Qu\u00e9bec des marginaux individus plut\u00f4t frustr\u00e9s et complex\u00e9s de la vie qui sont x\u00e9nophobes et islamophobes au plus haut point, qui tiennent encore des propos haineux, vraiment horribles, tel que \u00ab bon d\u00e9barras \u00bb, ou encore \u00ab il \u00e9tait temps que \u00e7a leur arrive \u00bb. Ils se r\u00e9jouissent du drame qui a frapp\u00e9 la communaut\u00e9 musulmane au Qu\u00e9bec.\u00a0 Mais ces individus ne repr\u00e9sentent tout de m\u00eame qu\u2019une infime minorit\u00e9 de qu\u00e9b\u00e9cois et qu\u2019il ne faut jamais faire d\u2019amalgame.<\/p>\n<h2 style=\"text-align: justify;\">Un grand peuple<\/h2>\n<p style=\"text-align: justify;\">Le peuple canadien\/qu\u00e9b\u00e9cois est un grand peuple. Il a un r\u00f4le majeur \u00e0 jouer au sein de notre soci\u00e9t\u00e9 pour lutter contre la discrimination, l\u2019injustice et la x\u00e9nophobie. On n\u2019a qu\u2019\u00e0 voir la grande vigile, une marre humaine organis\u00e9e \u00e0 la m\u00e9moire des victimes \u00e0 Montr\u00e9al, Qu\u00e9bec et plusieurs autres villes.\u00a0Et c\u2019est en ce moment-l\u00e0 que je reconnais la grandeur de ma Belle Province.<\/p>\n<p><b><i>Par Youssef Nacef<\/i><\/b><i>, <\/i>Maghreb Canada Express, Page N\u00b08, <i>Vol. XV, N\u00b0 03, MARS 2017 .<br \/>\n<\/i><\/p>\n<p>Pour lire l\u2019\u00c9dition de Mars 2017, cliquer sur l\u2019image :<\/p>\n<p><center><\/p>\n<div class=\"column\">\n<div><a href=\"http:\/\/www.maghreb-canada.ca\/journal\/2017\/MCE165-03-2017.pdf\" target=\"_blank\" rel=\"nofollow\"><img loading=\"lazy\" decoding=\"async\" class=\"book-picture alignleft\" src=\"http:\/\/www.maghreb-canada.ca\/journal\/2017\/n165.jpg\" alt=\"\" width=\"200\" height=\"280\" \/><\/a><\/div>\n<\/div>\n<p><\/center>&nbsp;<\/p>\n","protected":false},"excerpt":{"rendered":"<p>Par Youssef Nacef, Retrait\u00e9,Pr\u00e9sident- Fondateur de l\u2019Amicale des Tunisiens au Canada Suite \u00e0 l\u2019attentat terroriste ignoble, barbare et l\u00e2che, d\u2019Alexandre Bissonnette qui avait cibl\u00e9 la grande mosqu\u00e9e de la ville de Qu\u00e9bec, j\u2019aimerais bien tout d\u2019abord pr\u00e9senter mes sinc\u00e8res condol\u00e9ances aux familles des victimes et que Dieu ait leur \u00e2me. Cette attaque meurtri\u00e8re de Qu\u00e9bec [&hellip;]<\/p>\n","protected":false},"author":1,"featured_media":1351,"comment_status":"closed","ping_status":"closed","sticky":false,"template":"","format":"standard","meta":{"footnotes":""},"categories":[4,5,8],"tags":[],"class_list":["post-3416","post","type-post","status-publish","format-standard","has-post-thumbnail","hentry","category-canada","category-immigration","category-numero-du-mois"],"_links":{"self":[{"href":"https:\/\/maroc-canada.ca\/index.php?rest_route=\/wp\/v2\/posts\/3416","targetHints":{"allow":["GET"]}}],"collection":[{"href":"https:\/\/maroc-canada.ca\/index.php?rest_route=\/wp\/v2\/posts"}],"about":[{"href":"https:\/\/maroc-canada.ca\/index.php?rest_route=\/wp\/v2\/types\/post"}],"author":[{"embeddable":true,"href":"https:\/\/maroc-canada.ca\/index.php?rest_route=\/wp\/v2\/users\/1"}],"replies":[{"embeddable":true,"href":"https:\/\/maroc-canada.ca\/index.php?rest_route=%2Fwp%2Fv2%2Fcomments&post=3416"}],"version-history":[{"count":1,"href":"https:\/\/maroc-canada.ca\/index.php?rest_route=\/wp\/v2\/posts\/3416\/revisions"}],"predecessor-version":[{"id":3417,"href":"https:\/\/maroc-canada.ca\/index.php?rest_route=\/wp\/v2\/posts\/3416\/revisions\/3417"}],"wp:featuredmedia":[{"embeddable":true,"href":"https:\/\/maroc-canada.ca\/index.php?rest_route=\/wp\/v2\/media\/1351"}],"wp:attachment":[{"href":"https:\/\/maroc-canada.ca\/index.php?rest_route=%2Fwp%2Fv2%2Fmedia&parent=3416"}],"wp:term":[{"taxonomy":"category","embeddable":true,"href":"https:\/\/maroc-canada.ca\/index.php?rest_route=%2Fwp%2Fv2%2Fcategories&post=3416"},{"taxonomy":"post_tag","embeddable":true,"href":"https:\/\/maroc-canada.ca\/index.php?rest_route=%2Fwp%2Fv2%2Ftags&post=3416"}],"curies":[{"name":"wp","href":"https:\/\/api.w.org\/{rel}","templated":true}]}}