{"id":3418,"date":"2017-03-01T16:40:07","date_gmt":"2017-03-01T21:40:07","guid":{"rendered":"http:\/\/maghreb-canada.ca\/?p=3418"},"modified":"2017-03-01T16:40:07","modified_gmt":"2017-03-01T21:40:07","slug":"limmigre-la-baleine-et-le-raciste-le-choc-des-valeurs","status":"publish","type":"post","link":"https:\/\/maroc-canada.ca\/?p=3418","title":{"rendered":"L\u2019Immigr\u00e9, la Baleine et le Raciste : le choc des valeurs"},"content":{"rendered":"<p><em><b>Par <\/b><b>Mraizika Mohammed <\/b>(Docteur en Sciences Sociales, Consultant en Ing\u00e9nierie Culturelle\u2026)<\/em><\/p>\n<p style=\"text-align: justify;\"><a href=\"http:\/\/maroc-canada.ca\/wp-content\/uploads\/2013\/09\/MRAIZIKA.jpg\"><img loading=\"lazy\" decoding=\"async\" class=\"alignleft size-full wp-image-1106\" src=\"http:\/\/maroc-canada.ca\/wp-content\/uploads\/2013\/09\/MRAIZIKA.jpg\" alt=\"MRAIZIKA\" width=\"160\" height=\"138\" srcset=\"https:\/\/maroc-canada.ca\/wp-content\/uploads\/2013\/09\/MRAIZIKA.jpg 160w, https:\/\/maroc-canada.ca\/wp-content\/uploads\/2013\/09\/MRAIZIKA-150x129.jpg 150w\" sizes=\"auto, (max-width: 160px) 100vw, 160px\" \/><\/a>Des centaines de volontaires se sont mobilis\u00e9s pour sauver des Baleines-pilotes \u00e9chou\u00e9es (le 10 f\u00e9vrier dernier au matin) sur une plage (Farewell Spit) de la Nouvelle-Z\u00e9lande.<\/p>\n<p style=\"text-align: justify;\">Au m\u00eame moment une chasse \u00e0 l\u2019Immigr\u00e9 est d\u00e9clar\u00e9e aux \u00c9tats Unis sur ordre du pr\u00e9sident Trump. Ces deux faits donnent \u00e0 r\u00e9fl\u00e9chir non pas sur la dimension m\u00e9taphysique de la cr\u00e9ation et des cr\u00e9atures, mais sur ce que l\u2019Immigr\u00e9 est devenu aujourd\u2019hui.<\/p>\n<p style=\"text-align: justify;\">Certes, \u00ab\u00a0Comparaison n\u2019est pas raison\u00a0\u00bb dit un vieux (1610) proverbe hollandais (Janus Gruter).<\/p>\n<p style=\"text-align: justify;\">Mais lorsque les valeurs se croisent et les images s\u2019entrechoquent tout devient confus et permis. L\u2019Homme et l\u2019Animal, la Baleine et l\u2019Immigr\u00e9, la Fraternit\u00e9 et la B\u00eatise humaine, le Raciste et le Patriote, se confondent et deviennent des concepts d\u00e9sincarn\u00e9s. L\u2019Homme est pourchass\u00e9, traqu\u00e9 comme un gibier sauvage alors que la naissance d\u2019un b\u00e9b\u00e9 panda dans un zoo (Pairi Daiza) de Belgique est magnifi\u00e9e et f\u00eat\u00e9e.<\/p>\n<p style=\"text-align: justify;\">Que l\u2019on ne se trompe pas. La pr\u00e9servation des esp\u00e8ces menac\u00e9es est un imp\u00e9ratif et un devoir<\/p>\n<p style=\"text-align: justify;\">L\u2019\u00e9chouage massif \u00e0 mar\u00e9e basse de Baleines (plus de 600) qui viennent mourir sur une plage est un ph\u00e9nom\u00e8ne qui impressionne par son ampleur et inqui\u00e8te les scientifiques par son \u00e9tranget\u00e9.<\/p>\n<p style=\"text-align: justify;\">Mais, au-del\u00e0, ce ph\u00e9nom\u00e8ne doit interpeller la conscience humaine sur la n\u00e9cessit\u00e9 et l\u2019urgence de la pr\u00e9servation des milieux \u00e9cologiques dont d\u00e9pend la survie m\u00eame de l\u2019humanit\u00e9.<\/p>\n<h2 style=\"text-align: justify;\">L\u2019immigr\u00e9 cette esp\u00e8ce en danger<\/h2>\n<p style=\"text-align: justify;\">Dire aujourd\u2019hui que l\u2019Immigr\u00e9 est une esp\u00e8ce en danger n\u2019est pas une banale litote. Il suffit de voir \u00e0 quel point les \u00ab\u00a0r\u00e9fugi\u00e9s climatiques\u00a0\u00bb (plus de 250 millions) sont abandonn\u00e9s \u00e0 leur sort pour en admettre l\u2019hypoth\u00e8se. Il suffit de relever le nombre d\u2019immigr\u00e9s morts en M\u00e9diterran\u00e9e (plus de 10\u00a0000 en 2014 selon l\u2019ONU) pour se rendre compte de l\u2019ampleur du drame humain qui se joue \u00e0 quelques kilom\u00e8tres des c\u00f4tes europ\u00e9ennes.<\/p>\n<p style=\"text-align: justify;\">Autrefois, l\u2019id\u00e9ologie coloniale a reni\u00e9 la qualit\u00e9 humaine \u00e0 l\u2019aborig\u00e8ne australien, \u00e0 l\u2019indien am\u00e9ricain et \u00e0 l\u2019autochtone africain, afin de mieux le domestiquer et l\u2019exploiter. La chasse \u00e0 l\u2019Immigr\u00e9 lanc\u00e9e aujourd\u2019hui en Europe comme aux \u00c9tats Unis n\u2019est pas anodine. Elle est le fruit d\u2019une pens\u00e9e qui respire la vieille anthropologie coloniale du d\u00e9but du XXe si\u00e8cle. Ses promoteurs s\u2019acharnent \u00e0 imposer \u00e0 l\u2019opinion publique occidentale une perception r\u00e9ductrice de l\u2019Immigr\u00e9 envisag\u00e9 comme un \u00eatre asocial, un danger pour la cit\u00e9, un facteur de tension et de d\u00e9sordre. Les arguments les plus ahurissants sont sollicit\u00e9s pour en accr\u00e9diter l\u2019id\u00e9e afin de justifier son rejet, lui d\u00e9nier son humanit\u00e9 et normaliser son humiliation.<\/p>\n<h2 style=\"text-align: justify;\">Ce racisme aux visages multiples<\/h2>\n<p style=\"text-align: justify;\">Cette perception d\u00e9shumanisante trouve aujourd\u2019hui un terreau favorable dans une \u00ab\u00a0fachosph\u00e8re\u00a0\u00bb, lieu de pr\u00e9dilection de complotistes de tous bords, d\u2019antis\u00e9mites et d\u2019islamophobes inv\u00e9t\u00e9r\u00e9s. Elle prosp\u00e8re \u00e0 travers des milliers de pages web gr\u00e2ce \u00e0 des blogs identitaires et politiquement rentabilis\u00e9s par des partis extr\u00e9mistes et x\u00e9nophobes qui annoncent des mesures surr\u00e9alistes cens\u00e9es, de leur point de vue,\u00a0 provoquer le tarissement des sources de l\u2019immigration et assurer l\u2019\u00e9radication de la pr\u00e9sence de l\u2019Immigr\u00e9 sur le sol europ\u00e9en.<\/p>\n<p style=\"text-align: justify;\">Cette conception d\u00e9valorisante de l\u2019Immigr\u00e9, de l\u2019Etranger et de l\u2019Autre en g\u00e9n\u00e9ral, est soutenue par une strat\u00e9gie qui a pour vocation de conduire tout d\u00e9bat sur l\u2019immigration et sur l\u2019Islam en particulier dans des impasses et des pol\u00e9miques st\u00e9riles. Elle a \u00e0 son service des doctrinaires, v\u00e9ritables mercenaires champions de la vente en librairie, qui soufflent sur les braises de la haine pour entretenir la flamme de l\u2019id\u00e9ologie raciste en amalgamant sciemment tout\u00a0: islam-terrorisme, immigration-ins\u00e9curit\u00e9, Immigr\u00e9-menace, lieu de culte-lieu de la radicalit\u00e9 religieuse.<\/p>\n<p style=\"text-align: justify;\">Aux \u00c9tats Unis, la chasse \u00e0 l\u2019Immigr\u00e9 et au sans-papier rel\u00e8ve du d\u00e9lire d\u2019un homme qui, pour donner \u00e0 ses partisans un gage de fid\u00e9lit\u00e9 \u00e0 ses engagements \u00e9lectoraux, se lance dans une diatribe anti-refugi\u00e9s qui fr\u00f4le l\u2019ind\u00e9cence. En Europe, ce sont des partis populistes et racistes, qui concourent pour les charges sup\u00e9rieures de l\u2019\u00c9tat, qui portent cette id\u00e9ologie de haine qui constitue r\u00e9ellement une menace pour la paix sociale et la solidarit\u00e9 nationale. Le Hollandais Geert Wilders propose, en guise de programme \u00e9lectoral, de fermer les mosqu\u00e9es, d\u2019interdire le Coran et chasser l\u2019Immigr\u00e9 marocain et musulman des terres bataves. La Fran\u00e7aise Le Pen distille ce d\u00e9lire \u00e0 longueur de meetings et de plateaux de t\u00e9l\u00e9vision.<\/p>\n<p style=\"text-align: justify;\">Faut-il pour autant d\u00e9sesp\u00e9rer\u00a0de la bont\u00e9, de la fraternit\u00e9 et de l\u2019intelligence humaine ?<\/p>\n<p style=\"text-align: justify;\">Faut-il se r\u00e9signer \u00e0 ce que la formule \u00ab\u00a0Libert\u00e9, \u00c9galit\u00e9, Fraternit\u00e9\u00a0\u00bb ne soit plus qu\u2019un vain mot\u00a0?\u00a0 Faut-il enfin admettre que la b\u00eatise humaine surclasse l\u2019humanit\u00e9 m\u00eame\u00a0?<\/p>\n<p style=\"text-align: justify;\">Surtout pas\u00a0!<\/p>\n<p><b>Par <\/b><b>Mraizika Mohamme,\u00a0 <\/b>Maghreb Canada Express, Page N\u00b09, <i>Vol. XV, N\u00b0 03, MARS 2017 .<br \/>\n<\/i><\/p>\n<p>Pour lire l\u2019\u00c9dition de Mars 2017, cliquer sur l\u2019image :<\/p>\n<p><center><\/p>\n<div class=\"column\">\n<div><a href=\"http:\/\/www.maghreb-canada.ca\/journal\/2017\/MCE165-03-2017.pdf\" target=\"_blank\" rel=\"nofollow\"><img loading=\"lazy\" decoding=\"async\" class=\"book-picture alignleft\" src=\"http:\/\/www.maghreb-canada.ca\/journal\/2017\/n165.jpg\" alt=\"\" width=\"200\" height=\"280\" \/><\/a><\/div>\n<\/div>\n<p><\/center>&nbsp;<\/p>\n<p>&nbsp;<\/p>\n","protected":false},"excerpt":{"rendered":"<p>Par Mraizika Mohammed (Docteur en Sciences Sociales, Consultant en Ing\u00e9nierie Culturelle\u2026) Des centaines de volontaires se sont mobilis\u00e9s pour sauver des Baleines-pilotes \u00e9chou\u00e9es (le 10 f\u00e9vrier dernier au matin) sur une plage (Farewell Spit) de la Nouvelle-Z\u00e9lande. Au m\u00eame moment une chasse \u00e0 l\u2019Immigr\u00e9 est d\u00e9clar\u00e9e aux \u00c9tats Unis sur ordre du pr\u00e9sident Trump. Ces [&hellip;]<\/p>\n","protected":false},"author":1,"featured_media":126,"comment_status":"closed","ping_status":"closed","sticky":false,"template":"","format":"standard","meta":{"footnotes":""},"categories":[5,7,8],"tags":[],"class_list":["post-3418","post","type-post","status-publish","format-standard","has-post-thumbnail","hentry","category-immigration","category-monde","category-numero-du-mois"],"_links":{"self":[{"href":"https:\/\/maroc-canada.ca\/index.php?rest_route=\/wp\/v2\/posts\/3418","targetHints":{"allow":["GET"]}}],"collection":[{"href":"https:\/\/maroc-canada.ca\/index.php?rest_route=\/wp\/v2\/posts"}],"about":[{"href":"https:\/\/maroc-canada.ca\/index.php?rest_route=\/wp\/v2\/types\/post"}],"author":[{"embeddable":true,"href":"https:\/\/maroc-canada.ca\/index.php?rest_route=\/wp\/v2\/users\/1"}],"replies":[{"embeddable":true,"href":"https:\/\/maroc-canada.ca\/index.php?rest_route=%2Fwp%2Fv2%2Fcomments&post=3418"}],"version-history":[{"count":1,"href":"https:\/\/maroc-canada.ca\/index.php?rest_route=\/wp\/v2\/posts\/3418\/revisions"}],"predecessor-version":[{"id":3419,"href":"https:\/\/maroc-canada.ca\/index.php?rest_route=\/wp\/v2\/posts\/3418\/revisions\/3419"}],"wp:featuredmedia":[{"embeddable":true,"href":"https:\/\/maroc-canada.ca\/index.php?rest_route=\/wp\/v2\/media\/126"}],"wp:attachment":[{"href":"https:\/\/maroc-canada.ca\/index.php?rest_route=%2Fwp%2Fv2%2Fmedia&parent=3418"}],"wp:term":[{"taxonomy":"category","embeddable":true,"href":"https:\/\/maroc-canada.ca\/index.php?rest_route=%2Fwp%2Fv2%2Fcategories&post=3418"},{"taxonomy":"post_tag","embeddable":true,"href":"https:\/\/maroc-canada.ca\/index.php?rest_route=%2Fwp%2Fv2%2Ftags&post=3418"}],"curies":[{"name":"wp","href":"https:\/\/api.w.org\/{rel}","templated":true}]}}