{"id":3443,"date":"2017-03-31T17:06:20","date_gmt":"2017-03-31T21:06:20","guid":{"rendered":"http:\/\/maghreb-canada.ca\/?p=3443"},"modified":"2017-04-01T16:22:59","modified_gmt":"2017-04-01T20:22:59","slug":"edito-avril-2017-plaidoyer-pour-un-statut-international-de-refugie-pour-les-migrants-climatiques","status":"publish","type":"post","link":"https:\/\/maroc-canada.ca\/?p=3443","title":{"rendered":"\u00c9dito Avril 2017 : Plaidoyer pour un Statut international de r\u00e9fugi\u00e9s pour les migrants climatiques"},"content":{"rendered":"<p style=\"text-align: justify;\">Croyez-le ou non, il ne resterait quasiment plus de \u2018\u2019dinosaures\u2019\u2019\u00a0 \u2018\u2019climato-sceptiques\u2019\u2019 sur Terre&#8230; Encore moins dans les hautes sph\u00e8res d\u00e9cisionnelles \u00e9conomiques et politiques. Et ceux qu\u2019on peut encore qualifier de \u2018\u2019climato-sceptiques\u2019\u2019 m\u00e9riteraient ce qualificatif non pas \u00e0 cause de leur n\u00e9gation (de l\u2019occurrence des changements climatiques), mais \u00e0 cause de leur scepticisme (oh combien justifi\u00e9 dans certains cas !) quant aux retomb\u00e9es n\u00e9gatives de ces m\u00eames changements climatiques sur leurs pays respectifs et leur \u00e9conomie !<\/p>\n<p style=\"text-align: justify;\">Et c\u2019est ainsi que les prises de position au sein d\u2019instances internationales, comme les conf\u00e9rences des Parties (COP) de la convention cadre des Nations Unies sur les changements climatiques (CCNUCC) seraient en train de se faire\u00a0 en fonction des retomb\u00e9es positives potentielles d\u2019un ph\u00e9nom\u00e8nes d\u00e9j\u00e0 en marche et qu\u2019il serait plus sage d\u2019en tirer du profit au lieu de s\u2019ent\u00eater \u00e0 vouloir l\u2019arr\u00eater&#8230; Car autant essayer de freiner un poids lourd (ayant perdu ses freins et d\u00e9gringolant sur une pente) avec la seule force de frottement des semelles du chauffeur sur l\u2019asphalte !<\/p>\n<p style=\"text-align: justify;\">Et comme dirait Michael Corleone (Dans \u2018\u2019le Parrain\u2019\u2019) \u2018<i>\u2019Cela n&rsquo;a rien de personnel, c&rsquo;est seulement les affaires\u2019\u2019<\/i>, Ces affaires qui promettent d\u2019\u00eatre bonnes pour des poids-lourds de l\u2019H\u00e9misph\u00e8re-Nord gr\u00e2ce, entre autres, \u00e0 (au) :<\/p>\n<ul style=\"text-align: justify;\">\n<li>La migration des ressources halieutiques vers les pays du Nord;<\/li>\n<li>L\u2019effet fertilisant des gaz \u00e0 effet de serre sur plusieurs cultures ;<\/li>\n<li>L\u2019ouverture d\u2019une voie navigable rentable (par rapport au canal de Panama) entre l\u2019Europe et l\u2019Asie \u00e0 travers le p\u00f4le Nord; D\u2019abord saisonni\u00e8re puis permanente ensuite;<\/li>\n<li>D\u00e9gel du perg\u00e9lisol qui permettra l\u2019exploitation des richesses mini\u00e8res dans le Grand Nord, mais qui pourra h\u00e9las amorcer une bombe climatique\u00a0 !<\/li>\n<\/ul>\n<p style=\"text-align: justify;\">Et ce n\u2019est pas de la science-fiction :\u00a0 Le perg\u00e9lisol de l\u2019Am\u00e9rique et de l\u2019Europe septentrionales serait en train , en se r\u00e9chauffant, de lib\u00e9rer dans l\u2019atmosph\u00e8re une quantit\u00e9 de gaz \u00e0 effet de serre (GES), dont le Co<sub>2<\/sub> et le m\u00e9thane, qui pourraient faire doubler la concentration actuelle de ces gaz dans l\u2019atmosph\u00e8re !<\/p>\n<h2 style=\"text-align: justify;\">Adieu\u00a0 limite de 2\u00b0C pour l\u2019augmentation de la temp\u00e9rature<b> <\/b><\/h2>\n<p style=\"text-align: justify;\">Ces masses de GES qui, soulignons-le, ne sont pas pris en compte dans les politiques d\u2019att\u00e9nuation qu\u2019essaie d\u2019imposer la CCNUCC, ne semblent pas inqui\u00e9ter outre mesure les pays les plus nantis &#8230; Et du coup, il serait l\u00e9gitime de se poser des questions du genre :<\/p>\n<ul style=\"text-align: justify;\">\n<li>Est-ce parce que ces pays ont les moyens de d\u00e9localiser , plus au nord, leurs populations touch\u00e9es par le r\u00e9chauffement de la plan\u00e8te ?<\/li>\n<li>Par cons\u00e9quent, est-ce pour cela que depuis qu\u2019on a commenc\u00e9 \u00e0 reconna\u00eetre l\u2019impact du climat sur la mobilit\u00e9 humaine, ces pays insistent-ils pour g\u00e9rer le ph\u00e9nom\u00e8ne \u00e0 l\u2019int\u00e9rieur des fronti\u00e8res des pays touch\u00e9s ; quitte \u00e0 faire appel de temps \u00e0 autre \u00e0 l\u2019aide internationale ?<\/li>\n<li>Et-ce pour cela que la \u2018\u2019communaut\u00e9 internationale\u2019\u2019 avait tant tard\u00e9 \u00e0 reconna\u00eetre qu\u2019il y a bel et bien une migration climatique ?<\/li>\n<li>Est-ce pour cela qu\u2019apr\u00e8s la timide insertion de cette reconnaissance dans le pr\u00e9ambule de l\u2019accord de Paris sur le climat, en 2015, que la COP21 avait confi\u00e9 ce qui pourrait \u00eatre dor\u00e9navant la plus grande pr\u00e9occupation de l\u2019humanit\u00e9 (la migration climatique) \u00e0 une \u2018\u2019Task Force\u2019\u2019 noy\u00e9e au sein du Comit\u00e9 ex\u00e9cutif du M\u00e9canisme international de Varsovie relatif aux pertes et aux pr\u00e9judices li\u00e9s aux incidences des changements climatiques\u00a0 ? Une Task Force dont la mission est\u00a0 \u2018<i>\u2019d\u2019\u00e9laborer des recommandations relatives \u00e0 des d\u00e9marches int\u00e9gr\u00e9es propres \u00e0 pr\u00e9venir et r\u00e9duire les d\u00e9placements de population li\u00e9s aux effets n\u00e9fastes des changements climatiques et \u00e0 y faire face\u2019\u2019<\/i>\u00a0 !<\/li>\n<\/ul>\n<p style=\"text-align: justify;\">Mission <i>possible <\/i>pour une \u00e9quipe de 13 personnes ? Tout est-il qu\u2019une premi\u00e8re recommandation fut d\u00e9j\u00e0 faite pour la COP22, en novembre 2016 et dont voici la teneur :<\/p>\n<p style=\"text-align: justify;\">\u2018<i>\u2019Encourager les Parties \u00e0 pr\u00e9voir ou \u00e0 continuer de pr\u00e9voir, dans la planification et les actions pertinentes, l\u2019examen des ph\u00e9nom\u00e8nes extr\u00eames ou qui se manifestent lentement, des pertes autres qu\u2019\u00e9conomiques, des d\u00e9placements, des migrations et de la mobilit\u00e9 des \u00eatres humains, ainsi que de la gestion globale des risques (\u2026) et encourager les organismes bilat\u00e9raux et multilat\u00e9raux \u00e0 soutenir de tels efforts\u2019\u2019. Bref&#8230; <\/i>Langage diplomatique onusien typique o\u00f9 on a l\u2019impression qu\u2019on est en train d\u2019agir comme ce pompier perdant son temps \u00e0 se poser des questions sur \u2018\u2019comment le feu a pris\u2019\u2019 au lieu de proc\u00e9der \u00e0 l\u2019\u00e9vacuation des sinistr\u00e9s et \u00e0 l\u2019extinction du feu! Au fait, de quels <i>ph\u00e9nom\u00e8nes <\/i>qui \u2018\u2019<i>se manifestent <\/i><b><i>lentement\u2019\u2019 <\/i><\/b>parle-t-on ? Les changements climatiques ont fait en quelques mois (cas de la banquise) ce qu\u2019ils devraient faire en une cinquantaine d\u2019ann\u00e9es et pourraient d\u00e9truire en quelques d\u00e9cennies une biodiversit\u00e9 qui a fait des millions d\u2019ann\u00e9es \u00e0 pouvoir se constituer ? (&#8230;) De gr\u00e2ce !<\/p>\n<h2 style=\"text-align: justify;\">Reconna\u00eetre aux migrants climatiques le statut de r\u00e9fugi\u00e9<\/h2>\n<p style=\"text-align: justify;\">Il serait donc temps pour les pays les plus touch\u00e9s de passer \u00e0 l\u2019action pour donner un coup de main \u00e0 cette Task force sur la mobilit\u00e9 humaine pour qu\u2019elle puisse mener \u00e0 bien sa mission . ET les pays africains sont concern\u00e9s plus que jamais. En effet :<\/p>\n<ul style=\"text-align: justify;\">\n<li>La population africaine pourrait doubler d\u2019ici 2050;<\/li>\n<li>2\/3 des terres arables africaines seraient perdues juste d\u2019ci 2025 (en raison de la d\u00e9sertification) et 80 \u00e0 100 millions d\u2019africains seront en situation de stress hydrique ;<\/li>\n<li>65 % de la population africaine serait d\u00e9j\u00e0 touch\u00e9e par les impacts (n\u00e9gatifs) des changements climatiques et le continent compterait d\u00e9j\u00e0 plus de 10 millions de r\u00e9fugi\u00e9s climatiques\u2026<\/li>\n<\/ul>\n<p style=\"text-align: justify;\">Il serait donc temps de mettre sur pied une <b>initiative africaine<\/b>, en collaboration avec d\u2019autres pays amis , en vue de faire reconnaitre internationalement le Statut de refugi\u00e9 aux d\u00e9plac\u00e9s \u2018\u2019permanents\u2019\u2019 suite au r\u00e9chauffement de la plan\u00e8te.<\/p>\n<p style=\"text-align: justify;\">La conjoncture serait d\u2019autant plus favorable que :<\/p>\n<p style=\"text-align: justify;\">* La Task-force des d\u00e9placements des populations est encore \u00e0 ses d\u00e9buts ;<\/p>\n<p style=\"text-align: justify;\">* La pr\u00e9sidence de la COP22 durant l\u2019ann\u00e9e 2017 est assur\u00e9e par un pays africain (Le Maroc ) ;<\/p>\n<p style=\"text-align: justify;\">* L\u2019Union Africaine vient de confier au Souverain Marocain son programme de l\u2019immigration .<\/p>\n<p>Par A. El Fouladi, Maghreb Canada Express, Page 3, <i>Vol. XV, N\u00b0 04, AVRIL 2017 <\/i><\/p>\n<p><strong>Pour lire l\u2019\u00e9dition du mois d\u2019avril 2017, cliquer sur l\u2019image<\/strong> :<\/p>\n<div class=\"textwidget\"><center><\/p>\n<div class=\"column\">\n<div><a href=\"http:\/\/www.maghreb-canada.ca\/journal\/2017\/MCE166-04-2017.pdf\" target=\"_blank\" rel=\"nofollow\"> <img loading=\"lazy\" decoding=\"async\" class=\"book-picture alignleft\" src=\"http:\/\/www.maghreb-canada.ca\/journal\/2017\/n166.jpg\" alt=\"\" width=\"200\" height=\"280\" \/><\/a><\/div>\n<\/div>\n<p><\/center><\/div>\n<p>&nbsp;<\/p>\n","protected":false},"excerpt":{"rendered":"<p>Croyez-le ou non, il ne resterait quasiment plus de \u2018\u2019dinosaures\u2019\u2019\u00a0 \u2018\u2019climato-sceptiques\u2019\u2019 sur Terre&#8230; Encore moins dans les hautes sph\u00e8res d\u00e9cisionnelles \u00e9conomiques et politiques. Et ceux qu\u2019on peut encore qualifier de \u2018\u2019climato-sceptiques\u2019\u2019 m\u00e9riteraient ce qualificatif non pas \u00e0 cause de leur n\u00e9gation (de l\u2019occurrence des changements climatiques), mais \u00e0 cause de leur scepticisme (oh combien justifi\u00e9 [&hellip;]<\/p>\n","protected":false},"author":1,"featured_media":3444,"comment_status":"closed","ping_status":"closed","sticky":false,"template":"","format":"standard","meta":{"footnotes":""},"categories":[5,6,7,8],"tags":[],"class_list":["post-3443","post","type-post","status-publish","format-standard","has-post-thumbnail","hentry","category-immigration","category-maghreb","category-monde","category-numero-du-mois"],"_links":{"self":[{"href":"https:\/\/maroc-canada.ca\/index.php?rest_route=\/wp\/v2\/posts\/3443","targetHints":{"allow":["GET"]}}],"collection":[{"href":"https:\/\/maroc-canada.ca\/index.php?rest_route=\/wp\/v2\/posts"}],"about":[{"href":"https:\/\/maroc-canada.ca\/index.php?rest_route=\/wp\/v2\/types\/post"}],"author":[{"embeddable":true,"href":"https:\/\/maroc-canada.ca\/index.php?rest_route=\/wp\/v2\/users\/1"}],"replies":[{"embeddable":true,"href":"https:\/\/maroc-canada.ca\/index.php?rest_route=%2Fwp%2Fv2%2Fcomments&post=3443"}],"version-history":[{"count":5,"href":"https:\/\/maroc-canada.ca\/index.php?rest_route=\/wp\/v2\/posts\/3443\/revisions"}],"predecessor-version":[{"id":3454,"href":"https:\/\/maroc-canada.ca\/index.php?rest_route=\/wp\/v2\/posts\/3443\/revisions\/3454"}],"wp:featuredmedia":[{"embeddable":true,"href":"https:\/\/maroc-canada.ca\/index.php?rest_route=\/wp\/v2\/media\/3444"}],"wp:attachment":[{"href":"https:\/\/maroc-canada.ca\/index.php?rest_route=%2Fwp%2Fv2%2Fmedia&parent=3443"}],"wp:term":[{"taxonomy":"category","embeddable":true,"href":"https:\/\/maroc-canada.ca\/index.php?rest_route=%2Fwp%2Fv2%2Fcategories&post=3443"},{"taxonomy":"post_tag","embeddable":true,"href":"https:\/\/maroc-canada.ca\/index.php?rest_route=%2Fwp%2Fv2%2Ftags&post=3443"}],"curies":[{"name":"wp","href":"https:\/\/api.w.org\/{rel}","templated":true}]}}