{"id":3520,"date":"2017-06-08T19:44:11","date_gmt":"2017-06-08T23:44:11","guid":{"rendered":"http:\/\/maghreb-canada.ca\/?p=3520"},"modified":"2017-06-08T20:35:58","modified_gmt":"2017-06-09T00:35:58","slug":"3520","status":"publish","type":"post","link":"https:\/\/maroc-canada.ca\/?p=3520","title":{"rendered":"Les climato-profiteurs, le Qatar et les iftars du dialogue"},"content":{"rendered":"<p style=\"text-align: justify;\">Trois sujets suscitent notre int\u00e9r\u00eat au moment o\u00f9 nous nous appr\u00eatons \u00e0 boucler cette \u00e9dition : 1) L\u2019abandon de l\u2019accord de Paris par le Pr\u00e9sident Trump, 2) la mise \u00e0 l\u2019index du Qatar par ses voisins arabes et 3) les iftars collectifs au sein des diasporas musulmanes ici au Canada.<\/p>\n<h2 style=\"text-align: justify;\"><b>Trump, un climato-profiteur ?<\/b><\/h2>\n<p style=\"text-align: justify;\">En tout cas, il serait tout sauf climato sceptique ! Le dernier des dinosaures de cette esp\u00e8ce serait \u00e9teint avec M. Bush fils ! Et il n\u2019y aurait maintenant que des climato-correcteurs (ceux et celles qui s\u2019accrochent \u00e0 l\u2019espoir de corriger la b\u00eatise humaine; c\u00f4t\u00e9 climat) et les climato-profiteurs (qui jouent aux ignorants ou qui crient \u00e0 l\u2019injustice pour faire trainer les choses; afin\u00a0 que la plan\u00e8te se r\u00e9chauffe juste assez pour qu\u2019ils puissent faire de bonnes affaires); un jeu (tr\u00e8s) dangereux, soulignons-le, sachant que la plan\u00e8te n\u2019a pas de thermostat qu\u2019on fixe \u00e0 sa guise sur la temp\u00e9rature d\u00e9sir\u00e9e et&#8230; Ainsi soit-il .<\/p>\n<p style=\"text-align: justify;\">On ne le r\u00e9p\u00e9tera jamais assez : Cette nouvelle esp\u00e8ce d\u2019emp\u00eacheurs de tourner en rond ont au moins 6 raisons pour se soustraire \u00e0 l\u2019effort international visant la r\u00e9duction des effets pervers du r\u00e9chauffement global :<\/p>\n<ol style=\"text-align: justify;\">\n<li>Les changements climatiques n\u2019ont pas que des c\u00f4t\u00e9s n\u00e9gatifs;<\/li>\n<li>Parmi les c\u00f4t\u00e9s positifs de ces changements, citons l\u2019effet fertilisant du dioxyde de carbone (principal gaz \u00e0 effet de serre) sur certaines cultures c\u00e9r\u00e9ali\u00e8res dont les \u00c9tats-Unis sont de grands producteurs;<\/li>\n<li>Ajouter \u00e0 cela la fonte de la banquise qui ouvrira une route maritime (quasi permanente entre l\u2019Europe et l\u2019Asie) au nord de l\u2019Alaska (et du Canada) plus rentable que le Canal de Panama ;<\/li>\n<li>Ceci sans oublier les migrations forc\u00e9es des esp\u00e8ces p\u00e9lagiques des tropiques vers le nord (donc vers les USA aussi);<\/li>\n<li>Ni d\u2019oublier que le reste du monde n\u2019a d\u2019autre choix que de continuer l\u2019effort de r\u00e9duire les gaz \u00e0 effet de serre (servant ainsi de soupape de s\u00e9curit\u00e9). Car c\u2019est ce reste du monde qui commence d\u00e9j\u00e0 \u00e0 \u00e9coper des effets n\u00e9gatifs des changements climatiques (diminution des ressources hydriques, chute des productions agricoles, hausse du niveau moyen de la mer&#8230;)<\/li>\n<li>Et pour conclure la punition divine (voire la disparition en tout ou en partie) de certains pays touch\u00e9s par ces effets n\u00e9gatifs et qui se trouvent (comme par hasard) producteurs de terroristes selon la d\u00e9finition am\u00e9ricaine. La guerre au terrorisme par climat interpos\u00e9 serait-elle d\u00e9j\u00e0 d\u00e9clar\u00e9e en catimini ?<\/li>\n<\/ol>\n<h2 style=\"text-align: justify;\"><b>Le vilain petit Qatar<\/b><\/h2>\n<p style=\"text-align: justify;\">Sautons de Trump, le climato-profiteur pr\u00e9sum\u00e9, au Trump le pr\u00e9sident qui, \u00e0 peine avait-il quitt\u00e9 l\u2019Arabie saoudite (avec quelques centaines de milliards de dollars et laissant les pays du golf avec leurs chicanes), qu\u2019une coalition, dirig\u00e9e par l\u2019Arabie Saoudite, se forma contre le vilain petit Qatar !<\/p>\n<p style=\"text-align: justify;\">Il est vrai que lors de sa visite, M. Trump avait insist\u00e9 sur le fait que les arabes doivent combattre le terrorisme et, bien-s\u00fbr, qu\u2019ils peuvent compter sur l\u2019aide am\u00e9ricaine d\u00e9j\u00e0 acquise; (milliards saoudiens obligent; selon les mauvaises langues). Il serait aussi vrai que le Qatar finance le terrorisme international (juste pour rire ou sous la pression d\u2019un ou de plusieurs \u00c9tats tiers). Mais le commun-des-mortels n\u2019est pas dans le secret des agences de renseignements. Et ce m\u00eame commun-des-mortels ne conna\u00eet du Qatar que ce \u2018\u2019rassemblement\u2019\u2019 de terroristes internationaux (figurant dans le communiqu\u00e9 d\u00e9nonciateur) et appel\u00e9 Aljazeera .<\/p>\n<p style=\"text-align: justify;\">Ce groupe de journalo-terroristes serait-il si dangereux pour des pays o\u00f9 le verbe de la libre expression marche au pas cadenc\u00e9 rythm\u00e9 par les notes des minist\u00e8res de l\u2019information ? Ce groupe serait-il si dangereux que les pays du Conseil du golf seraient tent\u00e9s d\u2019essayer les armes am\u00e9ricaines, nouvellement promises, sur le vilain petit Qatar ? Le proche avenir nous dira si le petit Qatar sera toujours vivant et&#8230; Volera toujours librement apr\u00e8s cette peau de \u2018\u2019banane\u2019\u2019. Bref, passons !<\/p>\n<h2 style=\"text-align: justify;\"><b>Diaspora et iftars du dialogue<\/b><\/h2>\n<p style=\"text-align: justify;\">Ce sont des iftars collectifs organis\u00e9s sans arri\u00e8re pens\u00e9e de prendre le Ramadan en otage, pour en faire une vache \u00e0 lait p\u00e9riodique, remettant aux autres 11 mois de l\u2019ann\u00e9e toute activit\u00e9\u00a0 \u00e0 but lucratif, ludique ou politico-propagandiste et se concentrant sur le seul but d\u2019aller vers l\u2019autre, partager avec lui, au cours d\u2019un repas, la volont\u00e9 de vivre ensemble, en paix et en Amour , et ce, au-del\u00e0 de toutes les diff\u00e9rences.<\/p>\n<p style=\"text-align: justify;\">Ces iftars commencent \u00e0 se multiplier et \u00e0 conna\u00eetre de plus en plus l\u2019affluence de chr\u00e9tiens, de juifs et de sans-confession, venant tous pour partager le repas de rupture de je\u00fbne de musulmans qui, de leur c\u00f4t\u00e9, n\u2019ont d\u2019autre souci que celui de partager sans rien prendre \u00e0 l\u2019autre.. Comme le recommanda la sourate en d\u2019autres circonstances : \u2018<i>\u2019la nouridou minkoum jaza\u2019en wala choukoura<\/i>n\u2019\u2019 \u2018\u2019Nous n\u2019attendons de vous ni merci, ni cadeau\u2019\u2019&#8230; Serait-ce un cadeau d\u2019anniversaire (NDLR)<\/p>\n<p style=\"text-align: justify;\">Saluons parmi toutes les initiatives, de cette ann\u00e9e, celle (toute r\u00e9cente) du Forum de comp\u00e9tences canado-marocaines (FCCM) sous le th\u00e8me \u2019\u2019\u00c0<i> la rencontre de l\u2019Autre: un Ramadan inclusif \u00bb <\/i>qui vise (selon un communiqu\u00e9 de ce forum) <i>\u2018\u2019\u00e0 permettre aux Qu\u00e9becois-es de confession musulmane et aux Qu\u00e9becois-es non musulmanes de se r\u00e9unir et de discuter dans un cadre convivial<\/i>\u2019\u2019. Et d\u2019ajouter que \u2018<i>\u2019Cette activit\u00e9 cherche, de fa\u00e7on plus globale, \u00e0 rendre nos villes plus inclusives et ouvertes \u00e0 l&rsquo;autre <\/i>\u2018\u2019<\/p>\n<p style=\"text-align: justify;\">Certes, ces nouvelles initiatives manquent de temps cette ann\u00e9e, mais une chose est quasiment sure : Il ne faudrait pas s\u2019\u00e9tonner de voir des \u00e9glises et (ou) des synagogues ouvrir leurs portes, ici au Canada (et sp\u00e9cialement au Qu\u00e9bec), pour l\u2019organisation d\u2019iftars du Dialogue d\u00e9sint\u00e9ress\u00e9 et de ce Vivre-ensemble dont parle tout chacun.<\/p>\n<p style=\"text-align: justify;\">Par Abderrahman El Fouladi, Maghreb Canada Express, Vol.xv, N\u00b0 06, 10 juin &#8211; 09 juillet 2017<\/p>\n<p style=\"text-align: justify;\">Pour l&rsquo;\u00e9dition (format PDF), cliquer sur l&rsquo;image :<\/p>\n<div class=\"column\" style=\"text-align: justify;\">\n<div><a href=\"http:\/\/www.maghreb-canada.ca\/journal\/2017\/MCE168-06-2017.pdf\" target=\"_blank\" rel=\"nofollow\"><img loading=\"lazy\" decoding=\"async\" class=\"book-picture alignleft\" src=\"http:\/\/www.maghreb-canada.ca\/journal\/2017\/n168.jpg\" alt=\"\" width=\"200\" height=\"280\" \/><\/a><\/div>\n<\/div>\n","protected":false},"excerpt":{"rendered":"<p>Trois sujets suscitent notre int\u00e9r\u00eat au moment o\u00f9 nous nous appr\u00eatons \u00e0 boucler cette \u00e9dition : 1) L\u2019abandon de l\u2019accord de Paris par le Pr\u00e9sident Trump, 2) la mise \u00e0 l\u2019index du Qatar par ses voisins arabes et 3) les iftars collectifs au sein des diasporas musulmanes ici au Canada. Trump, un climato-profiteur ? En [&hellip;]<\/p>\n","protected":false},"author":1,"featured_media":3525,"comment_status":"closed","ping_status":"closed","sticky":false,"template":"","format":"standard","meta":{"footnotes":""},"categories":[4,5,6,7,8,13],"tags":[],"class_list":["post-3520","post","type-post","status-publish","format-standard","has-post-thumbnail","hentry","category-canada","category-immigration","category-maghreb","category-monde","category-numero-du-mois","category-tribune-libre"],"_links":{"self":[{"href":"https:\/\/maroc-canada.ca\/index.php?rest_route=\/wp\/v2\/posts\/3520","targetHints":{"allow":["GET"]}}],"collection":[{"href":"https:\/\/maroc-canada.ca\/index.php?rest_route=\/wp\/v2\/posts"}],"about":[{"href":"https:\/\/maroc-canada.ca\/index.php?rest_route=\/wp\/v2\/types\/post"}],"author":[{"embeddable":true,"href":"https:\/\/maroc-canada.ca\/index.php?rest_route=\/wp\/v2\/users\/1"}],"replies":[{"embeddable":true,"href":"https:\/\/maroc-canada.ca\/index.php?rest_route=%2Fwp%2Fv2%2Fcomments&post=3520"}],"version-history":[{"count":4,"href":"https:\/\/maroc-canada.ca\/index.php?rest_route=\/wp\/v2\/posts\/3520\/revisions"}],"predecessor-version":[{"id":3524,"href":"https:\/\/maroc-canada.ca\/index.php?rest_route=\/wp\/v2\/posts\/3520\/revisions\/3524"}],"wp:featuredmedia":[{"embeddable":true,"href":"https:\/\/maroc-canada.ca\/index.php?rest_route=\/wp\/v2\/media\/3525"}],"wp:attachment":[{"href":"https:\/\/maroc-canada.ca\/index.php?rest_route=%2Fwp%2Fv2%2Fmedia&parent=3520"}],"wp:term":[{"taxonomy":"category","embeddable":true,"href":"https:\/\/maroc-canada.ca\/index.php?rest_route=%2Fwp%2Fv2%2Fcategories&post=3520"},{"taxonomy":"post_tag","embeddable":true,"href":"https:\/\/maroc-canada.ca\/index.php?rest_route=%2Fwp%2Fv2%2Ftags&post=3520"}],"curies":[{"name":"wp","href":"https:\/\/api.w.org\/{rel}","templated":true}]}}