{"id":3533,"date":"2017-06-14T09:16:28","date_gmt":"2017-06-14T13:16:28","guid":{"rendered":"http:\/\/maghreb-canada.ca\/?p=3533"},"modified":"2017-06-15T09:16:47","modified_gmt":"2017-06-15T13:16:47","slug":"signature-dune-convention-de-partenariat-entre-le-ministere-et-lagence-nationale-de-la-conservation-fonciere-du-cadastre-et-de-la-cartographie","status":"publish","type":"post","link":"https:\/\/maroc-canada.ca\/?p=3533","title":{"rendered":"Signature d&rsquo;une convention de partenariat entre le Minist\u00e8re et l\u2019Agence Nationale de la Conservation Fonci\u00e8re, du Cadastre et de la Cartographie"},"content":{"rendered":"<p style=\"text-align: justify;\">Une convention de partenariat a \u00e9t\u00e9 sign\u00e9e, jeudi \u00e0 Rabat, entre l&rsquo;Agence nationale de la conservation fonci\u00e8re, du cadastre et de la cartographie (ANCFCC) et le minist\u00e8re d\u00e9l\u00e9gu\u00e9 charg\u00e9 des Marocains r\u00e9sidant \u00e0 l&rsquo;\u00e9tranger (MRE) et des Affaires de la migration, avec pour objectif d&rsquo;asseoir les m\u00e9canismes de coop\u00e9ration et de concertation mutuelle pour un traitement rationnel des dol\u00e9ances des MRE aff\u00e9rentes aux proc\u00e9dures d\u2019immatriculation fonci\u00e8re.<\/p>\n<p style=\"text-align: justify;\">Paraph\u00e9e par le directeur g\u00e9n\u00e9ral de l&rsquo;ANCFCC, Karim Tajmouati et le ministre d\u00e9l\u00e9gu\u00e9 charg\u00e9 des MRE et des Affaires de la migration, Abdelkrim Benatiq, cette convention de partenariat s\u2019inscrit dans le cadre de mise en application de la strat\u00e9gie du minist\u00e8re, visant la protection des droits et des acquis des MRE et le renforcement et l\u2019am\u00e9lioration des services publics qui leur sont destin\u00e9s.<\/p>\n<p style=\"text-align: justify;\">Outre la cr\u00e9ation d\u2019un espace d\u2019accueil et l\u2019acc\u00e9l\u00e9ration du traitement des dol\u00e9ances des MRE, elle vise aussi \u00e0 faciliter les proc\u00e9dures administratives et garantir le suivi \u00e0 distance de la situation des biens immobiliers immatricul\u00e9s.<\/p>\n<p style=\"text-align: justify;\">Cette convention se veut un cadre r\u00e9f\u00e9rentiel de partenariat, permettra aux parties signataires d\u2019\u00e9changer les donn\u00e9es, les rapports et les \u00e9tudes \u00e9labor\u00e9es par leur soins et portant sur les attentes des MRE, et d\u2019organiser conjointement en leur faveur des campagnes de sensibilisation et de communication, aussi bien au Maroc qu\u2019aux pays d\u2019accueil.<\/p>\n<p style=\"text-align: justify;\">Dans une d\u00e9claration \u00e0 la presse, Karim Tajmouati a indiqu\u00e9 que cette convention porte sur l\u2019accompagnement des MRE aussi bien au Maroc que dans les pays d\u2019accueil en vue de r\u00e9gler de mani\u00e8re rapide et fluide leurs dossiers au niveau de l\u2019ANCFCC.<\/p>\n<p style=\"text-align: justify;\">Il a \u00e9galement fait savoir qu&rsquo;un nouveau service gratuit permettant la notification par SMS est accessible sur la nouvelle plateforme \u00e9lectronique de l\u2019ANCFCC qui permet \u00e0 toute personne d\u2019\u00eatre alert\u00e9e d\u00e8s lors que l\u2019op\u00e9ration, de quelque nature que ce soit, s\u2019effectue sur le titre foncier qui lui appartient.<\/p>\n<p style=\"text-align: justify;\">Pour sa part, Abdelkrim Benatiq a soulign\u00e9 que l\u2019ANCFCC s\u2019est inscrite dans un nouveau dynamisme visant la num\u00e9risation des services de l\u2019Agence, en vue de soutenir toutes les initiatives et les mesures prises en faveur des MRE et de prendre en consid\u00e9ration l\u2019am\u00e9lioration continue des services rendus aux Marocains r\u00e9sidant \u00e0 l\u2019\u00e9tranger.<\/p>\n<p style=\"text-align: justify;\">En vertu de cette convention, conclue pour une dur\u00e9e de deux ans et renouvelable par tacite reconduction, l\u2019ANCFCC s\u2019engage \u00e0 mettre en place un registre foncier \u00e9lectronique et assurer la continuit\u00e9 des mesures prises au profit des MRE pendant la p\u00e9riode estivale, notamment \u00e0 travers un guichet d\u00e9di\u00e9 au sein des services ext\u00e9rieurs de l\u2019Agence, une permanence au profit des MRE, des supports d\u2019information en plusieurs langues, un num\u00e9ro vert d\u00e9di\u00e9 aux MRE et un espace d\u2019accueil des MRE au sein de l\u2019administration centrale de l\u2019Agence.<\/p>\n<p style=\"text-align: justify;\">De m\u00eame, l\u2019ANCFCC s\u2019engage \u00e0 transmettre au minist\u00e8re un rapport annuel relatif aux donn\u00e9es statistiques sur les services rendus aux Marocains r\u00e9sidant \u00e0 l\u2019\u00e9tranger.<br \/>\nPar ailleurs, le minist\u00e8re d\u00e9l\u00e9gu\u00e9 charg\u00e9 des MRE et des Affaires de la migration s\u2019engage \u00e0 associer l&rsquo;Agence aux comit\u00e9s mixtes cr\u00e9\u00e9s pendant la p\u00e9riode de retour des MRE, impliquer l\u2019Agence dans les campagnes de sensibilisation et de communication et \u00e9changer les donn\u00e9es, les rapports, les publications et les \u00e9tudes men\u00e9es sur les MRE.<\/p>\n<p style=\"text-align: justify;\"><i>Source : http:\/\/www.libe.ma<\/i><\/p>\n<p>Maghreb Canada Express, Vol.xv, N\u00b0 06, 10 juin \u2013 09 juillet 2017<\/p>\n<p>Pour l\u2019\u00e9dition (format PDF), cliquer sur l\u2019image :<\/p>\n<div class=\"column\">\n<div><a href=\"http:\/\/www.maghreb-canada.ca\/journal\/2017\/MCE168-06-2017.pdf\" target=\"_blank\" rel=\"nofollow\"><img loading=\"lazy\" decoding=\"async\" class=\"book-picture alignleft\" src=\"http:\/\/www.maghreb-canada.ca\/journal\/2017\/n168.jpg\" alt=\"\" width=\"200\" height=\"280\" \/><\/a><\/div>\n<\/div>\n<p>&nbsp;<\/p>\n","protected":false},"excerpt":{"rendered":"<p>Une convention de partenariat a \u00e9t\u00e9 sign\u00e9e, jeudi \u00e0 Rabat, entre l&rsquo;Agence nationale de la conservation fonci\u00e8re, du cadastre et de la cartographie (ANCFCC) et le minist\u00e8re d\u00e9l\u00e9gu\u00e9 charg\u00e9 des Marocains r\u00e9sidant \u00e0 l&rsquo;\u00e9tranger (MRE) et des Affaires de la migration, avec pour objectif d&rsquo;asseoir les m\u00e9canismes de coop\u00e9ration et de concertation mutuelle pour un [&hellip;]<\/p>\n","protected":false},"author":1,"featured_media":3534,"comment_status":"closed","ping_status":"closed","sticky":false,"template":"","format":"standard","meta":{"footnotes":""},"categories":[4,5,6,8],"tags":[],"class_list":["post-3533","post","type-post","status-publish","format-standard","has-post-thumbnail","hentry","category-canada","category-immigration","category-maghreb","category-numero-du-mois"],"_links":{"self":[{"href":"https:\/\/maroc-canada.ca\/index.php?rest_route=\/wp\/v2\/posts\/3533","targetHints":{"allow":["GET"]}}],"collection":[{"href":"https:\/\/maroc-canada.ca\/index.php?rest_route=\/wp\/v2\/posts"}],"about":[{"href":"https:\/\/maroc-canada.ca\/index.php?rest_route=\/wp\/v2\/types\/post"}],"author":[{"embeddable":true,"href":"https:\/\/maroc-canada.ca\/index.php?rest_route=\/wp\/v2\/users\/1"}],"replies":[{"embeddable":true,"href":"https:\/\/maroc-canada.ca\/index.php?rest_route=%2Fwp%2Fv2%2Fcomments&post=3533"}],"version-history":[{"count":2,"href":"https:\/\/maroc-canada.ca\/index.php?rest_route=\/wp\/v2\/posts\/3533\/revisions"}],"predecessor-version":[{"id":3536,"href":"https:\/\/maroc-canada.ca\/index.php?rest_route=\/wp\/v2\/posts\/3533\/revisions\/3536"}],"wp:featuredmedia":[{"embeddable":true,"href":"https:\/\/maroc-canada.ca\/index.php?rest_route=\/wp\/v2\/media\/3534"}],"wp:attachment":[{"href":"https:\/\/maroc-canada.ca\/index.php?rest_route=%2Fwp%2Fv2%2Fmedia&parent=3533"}],"wp:term":[{"taxonomy":"category","embeddable":true,"href":"https:\/\/maroc-canada.ca\/index.php?rest_route=%2Fwp%2Fv2%2Fcategories&post=3533"},{"taxonomy":"post_tag","embeddable":true,"href":"https:\/\/maroc-canada.ca\/index.php?rest_route=%2Fwp%2Fv2%2Ftags&post=3533"}],"curies":[{"name":"wp","href":"https:\/\/api.w.org\/{rel}","templated":true}]}}