{"id":3539,"date":"2017-06-13T09:29:32","date_gmt":"2017-06-13T13:29:32","guid":{"rendered":"http:\/\/maghreb-canada.ca\/?p=3539"},"modified":"2017-06-15T09:30:45","modified_gmt":"2017-06-15T13:30:45","slug":"evenements-dal-hoceima-les-deux-faces-du-miroir-suivi-par-le-grain-de-sable","status":"publish","type":"post","link":"https:\/\/maroc-canada.ca\/?p=3539","title":{"rendered":"\u00c9v\u00e9nements d\u2019Al Hoceima : Les deux faces du Miroir . Suivi par : Le grain de sable"},"content":{"rendered":"<p style=\"text-align: justify;\">Quand dans un cas m\u00e9dical, le m\u00e9decin ne dispose pas de toutes les donn\u00e9es fiables sur la nature de la maladie, il a de fortes chances de se tromper de diagnostic. C\u2019est ce qui arrive \u00e0 la d\u00e9l\u00e9gation minist\u00e9rielle d\u00e9p\u00each\u00e9e le mois dernier sur Al Hoceima, et par ricochet au gouvernement. D\u2019embl\u00e9e, les deux bottent en touche.<\/p>\n<p style=\"text-align: justify;\">Certes l\u2019autorit\u00e9 de l\u2019\u00c9tat doit pr\u00e9valoir; mais il est parfois sage que celui-ci ne s\u2019ent\u00eate pas ; ce qui ne semble pas le cas, \u00e0 entendre les deux voix les plus autoris\u00e9es, Mr El Othmani et Mr El Khalfi p\u00e9rorer en sens contraire. Rien d\u2019\u00e9tonnant de la part d\u2019un gouvernement dont la r\u00e9partition partisane &#8211; \u00e0 quelques exceptions pr\u00e8s- n\u2019est en fait que la reproduction et le prolongement de l\u2019Ex\u00e9cutif pr\u00e9c\u00e9dent, de Mr Benkirane- avec quelques rafistolages de surface &#8211; dont la responsabilit\u00e9 personnelle et institutionnelle est totale dans l\u2019affaire, ayant pass\u00e9 ces mois de crise \u00e0, plut\u00f4t, man\u0153uvrer pour se raccrocher, finalement vainement, au si\u00e8ge. Ce qui n\u2019exclut pas non plus celle directe de quelques membres de la d\u00e9l\u00e9gation en question qui portaient d\u00e9j\u00e0 individuellement la responsabilit\u00e9 de la d\u00e9t\u00e9rioration de la situation, chacun dans le cadre de son d\u00e9partement.<\/p>\n<h2 style=\"text-align: justify;\">Mais il faut rendre \u00e0 C\u00e9sar ce qui appartient \u00e0 C\u00e9sar !<\/h2>\n<p style=\"text-align: justify;\">Que pourrait-on attendre, d\u2019une institution qui depuis des lustres a toujours \u00e9t\u00e9 r\u00e9duite \u00e0 la gestion et non au strat\u00e9gique. Auquel s\u2019ajoute malheureusement un \u00e9chiquier politique dans son ensemble lamin\u00e9 qui passe son temps \u00e0 pr\u00e9parer des congr\u00e8s bidons et \u00e0 s\u2019\u00e9triper pour des raisons de propagande, de strapontins, et \u00e0 l\u2019arri\u00e8re plan, de pr\u00e9bende.<\/p>\n<p style=\"text-align: justify;\">Les provinces d\u2019Al Hoceima et Nador- qu\u2019il faut forc\u00e9ment inclure dans le canevas- souffrent d\u2019un hiatus administratif qui gr\u00e8ve l\u2019harmonie de ces deux entit\u00e9s. Ces derni\u00e8res ont toujours \u00e9t\u00e9 ethniquement, linguistiquement, matrimonialement, socialement et commercialement comme deux s\u0153urs jumelles sinon siamoises. Leur rattachement, l\u2019une \u00e0 la r\u00e9gion de Tanger et l\u2019autre \u00e0 celle d\u2019Oujda est per\u00e7ue comme une sorte de c\u00e9sarienne, une violation d\u2019un tissu social originellement homog\u00e8ne fond\u00e9 sur une communion mentale ancestrale et sur une r\u00e9ciprocit\u00e9 d\u2019int\u00e9r\u00eats ob\u00e9issant \u00e0 des r\u00e8gles et comportements souvent familiaux et tacites.<\/p>\n<p style=\"text-align: justify;\">Une r\u00e9vision de l\u2019assiette territoriale en vue d\u2019une r\u00e9int\u00e9gration de ces deux entit\u00e9s en une communaut\u00e9 r\u00e9gionale homog\u00e8ne pour que tant Al Hoceima que Nador n\u2019apparaissent pas comme de simples bouts d\u2019une omelette- pour reprendre la c\u00e9l\u00e8bre expression d\u2019Alain Jupp\u00e9- dans laquelle ces deux provinces ne se reconnaissent pas socialement. Il leur semble que le Rif est, au mieux, inaudible \u00e0 Rabat, sinon comme un mal aim\u00e9, c\u2019est \u00e0 dire pas totalement int\u00e9gr\u00e9 politiquement et sentimentalement comme composante essentielle de l\u2019ensemble national.<\/p>\n<p style=\"text-align: justify;\">La Fronde, de son c\u00f4t\u00e9, doit recadrer son discours qui charrie un ressentiment aberrant, assimilant l\u2019existence de la zone militaire d\u2019Al Hoceima et le d\u00e9ploiement des troupes qui y stationnent \u00e0 une sorte d\u2019\u00e9p\u00e9e de Damocl\u00e8s sur la r\u00e9gion pour les raisons que j\u2019ai invoqu\u00e9es dans la 1\u00e8re partie de cet article. Elle traduit, en fait sur ce plan, un manque de discernement et une ignorance d\u2019un fait g\u00e9n\u00e9ralis\u00e9 dans les quatre coins du monde o\u00f9 les d\u00e9ploiements militaires se superposent souvent \u00e0 l\u2019assiette territoriale administrative selon les imp\u00e9ratifs de l\u2019agenda militaire.<\/p>\n<p style=\"text-align: justify;\">Ces d\u00e9ploiements sont au contraire toujours accueillis favorablement- et souvent m\u00eame r\u00e9clam\u00e9s par les populations- parce qu\u2019ils participent, pour le moins, \u00e0 l\u2019essor \u00e9conomique, dont Al Hoceima a grandement besoin. Pour rester \u00e0 domicile, l\u2019exemple de la Zone Sud \u00e0 Agadir est patent. L\u2019\u00e9rection d\u2019un espace militaire n\u2019est pas significatif d\u2019\u00e9tat de si\u00e8ge, mais ob\u00e9it \u00e0 un canevas strat\u00e9gique relevant de la souverainet\u00e9, par cons\u00e9quent du ressort exclusif du Roi, et \u00e9chappant, donc, constitutionnellement, \u00e0 toute ing\u00e9rence et encore plus \u00e0 la contestation.<\/p>\n<p style=\"text-align: justify;\">Pour solder le compte d\u00e9finitivement de cette fronde, il faut que la d\u00e9marche \u00e0 envisager emprunte une voie in\u00e9dite et s\u2019exprime par une voix en mesure de transcender les st\u00e9r\u00e9otypes d\u2019usage. Il ne faut, donc, pas se tromper de diagnostic dans cette affaire, et surtout ne pas la laisser trainer en longueur ni la confier \u00e0 des mains qui ne sont pas, pour le moins, \u00e0 la hauteur de l\u2019enjeu. Elle n\u00e9cessite la nomination d&rsquo;un \u2018 Procureur sp\u00e9cial\u2019 relevant directement du Roi pour qu\u2019il puisse agir en toute libert\u00e9 et s\u00e9r\u00e9nit\u00e9, sans crainte ni complaisance, et pouvoir mener une enqu\u00eate sereine et objective en mesure d\u2019informer honn\u00eatement le souverain sur les v\u00e9ritables tenants et aboutissants. La balle est \u00e0 ce niveau. La d\u00e9vier dans toute autre trajectoire reviendrait \u00e0 \u00e9teindre provisoirement la flamme en n\u00e9gligeant les braises.<\/p>\n<p style=\"text-align: justify;\">________________________________________________<\/p>\n<h1 style=\"text-align: justify;\"><strong>LE GRAIN DE SABLE<\/strong><\/h1>\n<p style=\"text-align: justify;\">La fronde d\u2019Al Hoceima peut \u00e0 juste titre \u00eatre consid\u00e9r\u00e9e comme la premi\u00e8re confrontation ouverte avec le nouveau r\u00e8gne. \u00c0 c\u00f4t\u00e9, le Feb 2O de 2O11 parait une simple kermesse, bon enfant. Si l\u2019\u00e9v\u00e9nement a \u00e9t\u00e9 mouvement\u00e9 dans une certaine mesure dans cette ville, il a fait, aussi, vibrer au niveau national un sentiment de solidarit\u00e9. Pour la premi\u00e8re fois un mouvement du genre est parvenu \u00e0 se doter d\u2019une structure d\u2019expression hors des traditionnelles banderoles r\u00e9criminatoires sans consistance, exprimant des slogans somme toute assez consomm\u00e9s au fil du temps.<\/p>\n<p style=\"text-align: justify;\">Il a, \u00e9galement, donn\u00e9 par certains c\u00f4t\u00e9s l\u2019impression, \u00e0 d\u00e9faut de vouloir en d\u00e9coudre avec le Pouvoir, de lui tenir la drag\u00e9e haute. Il s\u2019est caract\u00e9ris\u00e9, en effet, par trois faits marquants assimilables \u00e0 un diktat : il a trop dur\u00e9, au-del\u00e0 de toute pr\u00e9vision. Il a donn\u00e9 lieu \u00e0 l\u2019\u00e9mergence d\u2019un leader, en la personne d\u2019un illustre inconnu, Nasser Zafzafi. Il a emprunt\u00e9 une expression aux relents particularistes, ethnique- embl\u00e8me amazigh- et nostalgique- embl\u00e8me et r\u00e9f\u00e9rence \u00e0 l\u2019\u00e9pop\u00e9e rifaine de Abdelkrim El Khattabi. L\u2019intention \u00e9tait indubitablement significative ; \u00e0 d\u00e9faut de couper les ponts avec le Pouvoir, lui faire craindre le pire, soit une radicalisation aux allures insurrectionnelles et aux cons\u00e9quences im(pr\u00e9visibles).<\/p>\n<p style=\"text-align: justify;\">En face, quatre faits qui, eux, ont, plut\u00f4t, caract\u00e9ris\u00e9 le Pouvoir n\u00e9gativement: une administration prise en porte-\u00e0-faux de vigilance, une absence de structure officielle et efficiente de communication, une indigence de relais de m\u00e9diation entre la base et le sommet, et enfin un gouvernement que l\u2019on sait aux bottes du Pouvoir, qui, pour une fois qu\u2019il crut pouvoir emboiter le pas \u00e0 ce dernier et ouvrir \u2018 son bec\u2019 \u00e0 vif, a, malheureusement, vers\u00e9 dans l\u2019irrationnel, avant de se voir oblig\u00e9 d\u2019op\u00e9rer un virage \u00e0 18O degr\u00e9s en moins de vingt-quatre-heures, sans pour autant arriver \u00e0 gommer sa gaffe. Mieux encore, dans une deuxi\u00e8me incoh\u00e9rence il prit le contre-pied de sa position initiale, s\u2019attirant, en sus, des railleries de toutes parts.<\/p>\n<p style=\"text-align: justify;\">Ces quatre carences ont permis \u00e0 la fronde de se maintenir, de se d\u00e9velopper et de hisser le seuil des revendications au-del\u00e0 du correctement politique et du rationnellement tol\u00e9rable par le Pouvoir. Celui-ci a-t-il pr\u00e9f\u00e9r\u00e9 faire sienne la maxime \u2018 see and wait\u2019, comptant sur l\u2019usure du temps ? Cette tergiversation a-t-elle \u00e9t\u00e9 dict\u00e9e par un souci de prudence et de temp\u00e9rance pour ne pas amplifier un \u00e9v\u00e9nement jusqu\u2019alors circonscrit localement, pr\u00eater du coup le flanc aux ing\u00e9rences \u00e9trang\u00e8res et ternir une image de marque qui a n\u00e9cessit\u00e9 plus d\u2019une d\u00e9cennie d\u2019efforts pour la restaurer ? Ou attendait-il tout simplement qu\u2019un grain de sable vienne enrayer la m\u00e9canique frondeuse. Il semble que c\u2019en fut le cas. Ce grain de sable a \u00e9t\u00e9 offert sur un plateau d\u2019argent par celui-l\u00e0 m\u00eame sur lequel comptait son camp pour mener la fronde \u00e0 bon port, et dont on craignait, dans le camp oppos\u00e9, un d\u00e9rapage regrettable.<\/p>\n<p style=\"text-align: justify;\">En bon novice politique, emball\u00e9 par les effluves d\u2019une victoire qui lui paraissait \u00e0 port\u00e9e de main, et qui lui ont tourn\u00e9 la t\u00eate, Nasser Zafzafi finit par tomber dans le pi\u00e8ge. Imbu d\u2019une aura inattendue, il enveloppa son discours d\u2019un ton d\u2019o\u00f9 suintait petit \u00e0 petit un \u00e9go surdimensionn\u00e9. Il crut le moment venu de pousser le bouchon un peu plus loin : braver tout simplement l\u2019\u00c9tat et d\u00e9fier le principe s\u00e9curitaire, deux fautes impardonnables. Cette \u00e9volution le poussa \u00e0 d\u00e9placer le champ d\u2019action hors de son contexte, dans des conditions de temps et d\u2019espace inappropri\u00e9es, en plein pr\u00eache dans une mosqu\u00e9e ; se pla\u00e7ant d\u2019embl\u00e9e, probablement sans trop y r\u00e9fl\u00e9chir, victime de sa propre vanit\u00e9, dans une posture difficilement excusable et d\u00e9fendable. La m\u00eame attitude, les m\u00eames propos seraient s\u00fbrement pass\u00e9s plus indulgemment \u00e0 quelques m\u00e8tres seulement hors de cette enceinte.<\/p>\n<p style=\"text-align: justify;\">L\u2019arrestation de Nasser Zafzafi, le 29 mai, a-t-elle \u00e9radiqu\u00e9 d\u00e9finitivement une contestation, qui se serait r\u00e9v\u00e9l\u00e9e, tout compte fait, un simple feu de paille qui aura simplement un peu trop dur\u00e9, ou a-t-elle uniquement estomp\u00e9 un \u00e9pisode qui mal agenc\u00e9 semble se retourner contre ses auteurs ? Le communiqu\u00e9, de ce jour, du Parquet g\u00e9n\u00e9ral de la Cour d\u2019Appel de Casablanca, en charge du suivi de l\u2019affaire, est lourd d\u2019accusations et de sens.<\/p>\n<p style=\"text-align: justify;\">Affaire \u00e0 suivre<\/p>\n<p style=\"text-align: justify;\"><i>Par Mohamed Mellouki, Colonel \u00e0 la retraite.<br \/>\n<\/i><\/p>\n<p style=\"text-align: justify;\">Maghreb Canada Express, Vol.xv, N\u00b0 06, 10 juin \u2013 09 juillet 2017<\/p>\n<p style=\"text-align: justify;\">Pour l\u2019\u00e9dition (format PDF), cliquer sur l\u2019image :<\/p>\n<div class=\"column\" style=\"text-align: justify;\">\n<div><a href=\"http:\/\/www.maghreb-canada.ca\/journal\/2017\/MCE168-06-2017.pdf\" target=\"_blank\" rel=\"nofollow\"><img loading=\"lazy\" decoding=\"async\" class=\"book-picture alignleft\" src=\"http:\/\/www.maghreb-canada.ca\/journal\/2017\/n168.jpg\" alt=\"\" width=\"200\" height=\"280\" \/><\/a><\/div>\n<\/div>\n<p>&nbsp;<\/p>\n","protected":false},"excerpt":{"rendered":"<p>Quand dans un cas m\u00e9dical, le m\u00e9decin ne dispose pas de toutes les donn\u00e9es fiables sur la nature de la maladie, il a de fortes chances de se tromper de diagnostic. C\u2019est ce qui arrive \u00e0 la d\u00e9l\u00e9gation minist\u00e9rielle d\u00e9p\u00each\u00e9e le mois dernier sur Al Hoceima, et par ricochet au gouvernement. D\u2019embl\u00e9e, les deux bottent [&hellip;]<\/p>\n","protected":false},"author":1,"featured_media":3540,"comment_status":"closed","ping_status":"closed","sticky":false,"template":"","format":"standard","meta":{"footnotes":""},"categories":[6,7,8],"tags":[],"class_list":["post-3539","post","type-post","status-publish","format-standard","has-post-thumbnail","hentry","category-maghreb","category-monde","category-numero-du-mois"],"_links":{"self":[{"href":"https:\/\/maroc-canada.ca\/index.php?rest_route=\/wp\/v2\/posts\/3539","targetHints":{"allow":["GET"]}}],"collection":[{"href":"https:\/\/maroc-canada.ca\/index.php?rest_route=\/wp\/v2\/posts"}],"about":[{"href":"https:\/\/maroc-canada.ca\/index.php?rest_route=\/wp\/v2\/types\/post"}],"author":[{"embeddable":true,"href":"https:\/\/maroc-canada.ca\/index.php?rest_route=\/wp\/v2\/users\/1"}],"replies":[{"embeddable":true,"href":"https:\/\/maroc-canada.ca\/index.php?rest_route=%2Fwp%2Fv2%2Fcomments&post=3539"}],"version-history":[{"count":3,"href":"https:\/\/maroc-canada.ca\/index.php?rest_route=\/wp\/v2\/posts\/3539\/revisions"}],"predecessor-version":[{"id":3543,"href":"https:\/\/maroc-canada.ca\/index.php?rest_route=\/wp\/v2\/posts\/3539\/revisions\/3543"}],"wp:featuredmedia":[{"embeddable":true,"href":"https:\/\/maroc-canada.ca\/index.php?rest_route=\/wp\/v2\/media\/3540"}],"wp:attachment":[{"href":"https:\/\/maroc-canada.ca\/index.php?rest_route=%2Fwp%2Fv2%2Fmedia&parent=3539"}],"wp:term":[{"taxonomy":"category","embeddable":true,"href":"https:\/\/maroc-canada.ca\/index.php?rest_route=%2Fwp%2Fv2%2Fcategories&post=3539"},{"taxonomy":"post_tag","embeddable":true,"href":"https:\/\/maroc-canada.ca\/index.php?rest_route=%2Fwp%2Fv2%2Ftags&post=3539"}],"curies":[{"name":"wp","href":"https:\/\/api.w.org\/{rel}","templated":true}]}}