{"id":3544,"date":"2017-06-13T09:33:29","date_gmt":"2017-06-13T13:33:29","guid":{"rendered":"http:\/\/maghreb-canada.ca\/?p=3544"},"modified":"2017-06-15T09:40:32","modified_gmt":"2017-06-15T13:40:32","slug":"a-propos-des-evenements-dal-hoceima-en-bref","status":"publish","type":"post","link":"https:\/\/maroc-canada.ca\/?p=3544","title":{"rendered":"A PROPOS DES \u00c9V\u00c9NEMENTS D&rsquo;AL HOCEIMA EN BREF"},"content":{"rendered":"<p style=\"text-align: justify;\">La chose soul\u00e8ve les passions et serait en train de diviser le pays entre les Pour, les Contre, les \u00a0\u00bbil n&rsquo;y a qu&rsquo;\u00e0\u00a0\u00bb, les \u00a0\u00bbil faut que\u00a0\u00bb et un groupuscule de neutres. Je choisis mon camp parmi ces derniers. Car, \u00e0 mon humble avis, pour donner un avis \u00e9clair\u00e9 sur cet accident de parcours que vit actuellement le Maroc, il faut poss\u00e9der toutes les donn\u00e9es du probl\u00e8me; Ce que je ne poss\u00e8de pas d&rsquo;ici, en pays de r\u00e9sidence \u00e0 l&rsquo;\u00e9tranger.<br \/>\nCependant, et \u00e0 premi\u00e8re vue, i<span class=\"text_exposed_show\">l semblerait que les habitants d&rsquo;Al Hoceima ont exprim\u00e9 tout haut ce que plusieurs villes et villages du pays expriment tout bas.<\/span><\/p>\n<h2 style=\"text-align: justify;\"><span class=\"text_exposed_show\">Une solution GLOBALE serait donc n\u00e9cessaire.<\/span><\/h2>\n<p style=\"text-align: justify;\"><span class=\"text_exposed_show\">Mais le plus urgent serait surtout d&rsquo;\u00e9teindre rapidement le feu et non de se demander par qui, par quoi ou comment il fut allum\u00e9. Le Maroc aurait, plus que jamais, besoin d&rsquo;un (tr\u00e8s) bon pompier. Une fois le feu \u00e9teint et le calme revenu, il faudrait donner sa chance au dialogue et s&rsquo;y mettre tous ensemble pour laver le linge sale en famille. <\/span><\/p>\n<p style=\"text-align: justify;\"><span class=\"text_exposed_show\">Ceci dit, je souhaiterais ne pas passer pour un donneur de le\u00e7on car mon avis risque d&rsquo;\u00eatre biais\u00e9 par 26 ans de vie \u00e0 l&rsquo;ext\u00e9rieur du pays.<\/span><\/p>\n<p>Par Abderrahman El Fouladi, Maghreb Canada Express, Vol.xv, N\u00b0 06, 10 juin \u2013 09 juillet 2017<\/p>\n<p>Pour l\u2019\u00e9dition (format PDF), cliquer sur l\u2019image :<\/p>\n<div class=\"column\">\n<div><a href=\"http:\/\/www.maghreb-canada.ca\/journal\/2017\/MCE168-06-2017.pdf\" target=\"_blank\" rel=\"nofollow\"><img loading=\"lazy\" decoding=\"async\" class=\"book-picture alignleft\" src=\"http:\/\/www.maghreb-canada.ca\/journal\/2017\/n168.jpg\" alt=\"\" width=\"200\" height=\"280\" \/><\/a><\/div>\n<\/div>\n","protected":false},"excerpt":{"rendered":"<p>La chose soul\u00e8ve les passions et serait en train de diviser le pays entre les Pour, les Contre, les \u00a0\u00bbil n&rsquo;y a qu&rsquo;\u00e0\u00a0\u00bb, les \u00a0\u00bbil faut que\u00a0\u00bb et un groupuscule de neutres. Je choisis mon camp parmi ces derniers. Car, \u00e0 mon humble avis, pour donner un avis \u00e9clair\u00e9 sur cet accident de parcours que [&hellip;]<\/p>\n","protected":false},"author":1,"featured_media":3362,"comment_status":"closed","ping_status":"closed","sticky":false,"template":"","format":"standard","meta":{"footnotes":""},"categories":[6,8,13,1],"tags":[],"class_list":["post-3544","post","type-post","status-publish","format-standard","has-post-thumbnail","hentry","category-maghreb","category-numero-du-mois","category-tribune-libre","category-uncategorized"],"_links":{"self":[{"href":"https:\/\/maroc-canada.ca\/index.php?rest_route=\/wp\/v2\/posts\/3544","targetHints":{"allow":["GET"]}}],"collection":[{"href":"https:\/\/maroc-canada.ca\/index.php?rest_route=\/wp\/v2\/posts"}],"about":[{"href":"https:\/\/maroc-canada.ca\/index.php?rest_route=\/wp\/v2\/types\/post"}],"author":[{"embeddable":true,"href":"https:\/\/maroc-canada.ca\/index.php?rest_route=\/wp\/v2\/users\/1"}],"replies":[{"embeddable":true,"href":"https:\/\/maroc-canada.ca\/index.php?rest_route=%2Fwp%2Fv2%2Fcomments&post=3544"}],"version-history":[{"count":3,"href":"https:\/\/maroc-canada.ca\/index.php?rest_route=\/wp\/v2\/posts\/3544\/revisions"}],"predecessor-version":[{"id":3547,"href":"https:\/\/maroc-canada.ca\/index.php?rest_route=\/wp\/v2\/posts\/3544\/revisions\/3547"}],"wp:featuredmedia":[{"embeddable":true,"href":"https:\/\/maroc-canada.ca\/index.php?rest_route=\/wp\/v2\/media\/3362"}],"wp:attachment":[{"href":"https:\/\/maroc-canada.ca\/index.php?rest_route=%2Fwp%2Fv2%2Fmedia&parent=3544"}],"wp:term":[{"taxonomy":"category","embeddable":true,"href":"https:\/\/maroc-canada.ca\/index.php?rest_route=%2Fwp%2Fv2%2Fcategories&post=3544"},{"taxonomy":"post_tag","embeddable":true,"href":"https:\/\/maroc-canada.ca\/index.php?rest_route=%2Fwp%2Fv2%2Ftags&post=3544"}],"curies":[{"name":"wp","href":"https:\/\/api.w.org\/{rel}","templated":true}]}}