{"id":3621,"date":"2017-08-23T22:34:36","date_gmt":"2017-08-24T02:34:36","guid":{"rendered":"http:\/\/maghreb-canada.ca\/?p=3621"},"modified":"2017-08-23T22:34:36","modified_gmt":"2017-08-24T02:34:36","slug":"entre-cousins-maghrebins-et-siciliens","status":"publish","type":"post","link":"https:\/\/maroc-canada.ca\/?p=3621","title":{"rendered":"Entre cousins Maghr\u00e9bins et Siciliens"},"content":{"rendered":"<p style=\"text-align: justify;\">Cet \u00e9t\u00e9,\u00a0 j\u2019ai r\u00e9ussi enfin \u00e0 m\u2019organiser pour passer mes vacances en Sicile. Cette \u00eele carrefour des civilisations, la plus grande \u00eele de la M\u00e9diterran\u00e9e qui s\u2019est forg\u00e9e un cadre bien \u00e0 elle o\u00f9, sous un m\u00eame soleil, se retrouvent de fabuleux temples grecs, de ch\u00e2teaux et des cath\u00e9drales \u00e9rig\u00e9s par les Normands dans un style empruntant \u00e0 la fois au roman, aux byzantins et aux Arabes, des jardins orientaux semblant tout droit sortis de la lampe d\u2019Aladin, des palais et des \u00e9glises au baroque tardif hispanisant.<\/p>\n<p style=\"text-align: justify;\">J\u2019ai r\u00e9serv\u00e9 dans un club situ\u00e9 dans une ville qui se pr\u00e9nomme Polina \u00e0 quelques kilom\u00e8tres de Palerme, car pour \u00e9chapper au probl\u00e8me du logement dans le sud de l\u2019Italie, il n\u2019y a pas mieux que de r\u00e9sider dans un club et faire des excursions \u00e0 sa guise.<\/p>\n<p style=\"text-align: justify;\">Ma premi\u00e8re excursion \u00e9tait la visite de Palerme, mon billet en poche, j\u2019ai pris mon petit d\u00e9jeuner tr\u00e8s t\u00f4t le matin, car le car qui doit nous embarquer \u00e0 Palerme part \u00e0 7h du matin.<\/p>\n<p style=\"text-align: justify;\">Nous \u00e9tions une trentaine de touristes dans le bus et bizarrement j\u2019\u00e9tais le seul \u00ab\u00a0Arabe\u00a0\u00bb parmi une vingtaine de fran\u00e7ais et quelques allemands.<\/p>\n<p style=\"text-align: justify;\">Avant le d\u00e9part, un homme d\u2019une quarantaine d\u2019ann\u00e9es aux yeux verts se pr\u00e9senta \u00e0 nous avec un micro \u00e0 la main. Il parlait un fran\u00e7ais parfait sans un accent, et aussi l\u2019anglais.<\/p>\n<p style=\"text-align: justify;\">Il avait la d\u00e9gaine d\u2019un professeur de facult\u00e9, le genre de professeur s\u00e9ducteur qui a eu une histoire avec des jeunes \u00e9tudiantes, et qui a quitt\u00e9 l\u2019enseignement pour endosser le costume de guide.<\/p>\n<p style=\"text-align: justify;\">D\u2019embl\u00e9e, il nous a narr\u00e9 l\u2019histoire des Arabes qui ont enrichi la Sicile de leurs connaissances scientifiques, comme la microchirurgie, la philosophie, la biologie, l\u2019architecture, les math\u00e9matiques et l\u2019astronomie.<\/p>\n<p style=\"text-align: justify;\">Il nous a appris que le pape avait demand\u00e9 l\u2019aide des Normands pour d\u00e9barrasser la Sicile des Arabes. En effet, les Normands \u00e9taient de grands cavaliers gr\u00e2ce \u00e0 leurs physiques, ils mesuraient plus de 2 m\u00e8tres, et quand ils chevauchaient leurs chevaux, c\u2019\u00e9tait une force de la nature. Apr\u00e8s avoir battu les Arabes, ils se sont rendu compte que parmi ces derniers, il y avait des scientifiques et des savants. Alors, pourquoi les expulser de la Sicile\u00a0? Ils ont besoin de leurs savoirs.<\/p>\n<p style=\"text-align: justify;\">Au centre du Palais Royal, \u00e0 quelques centim\u00e8tres du guide, j\u2019\u00e9tais sur une autre plan\u00e8te, toute cette beaut\u00e9 et cette architecture, c\u2019\u00e9tait l\u2019\u0153uvre de mes anc\u00eatres, car les Arabes qui vivaient en Sicile venaient du Maghreb, de mon pays d\u2019origine. Le guide aussi \u00e9tait fascin\u00e9 par ces Arabes, car chaque fois qu\u2019il les citait, il disait toujours\u00a0: \u00ab\u00a0nos cousins les arabes.\u00a0\u00bb Ce qui \u00e9nervait les Fran\u00e7ais qui \u00e9taient pour la plupart d\u2019origine normande. Je ne sais pas si le guide le faisait expr\u00e8s, car \u00e0 la sortie du Palais Royal, il a dit\u00a0: \u00ab\u00a0pour r\u00e9sumer notre visite, on peut dire que les Normands, c\u2019\u00e9tait les bras, et les Arabes, le cerveau.\u00a0\u00bb<\/p>\n<p style=\"text-align: justify;\">Cette phrase \u00e9tait la go\u00fbte d\u2019eau qui a fait d\u00e9border le vase, car les touristes fran\u00e7ais ont tout d\u2019un coup abandonn\u00e9 le guide pour mon bonheur, et le bonheur de quelques allemands qui peuvent maintenant poser des questions au charmant guide, des questions qu\u2019ils n\u2019avaient pas pu poser avant.<\/p>\n<p style=\"text-align: justify;\">Quant \u00e0 moi, apr\u00e8s avoir bomb\u00e9 le torse pendant plus d\u2019une heure, je me suis command\u00e9 un caf\u00e9 italien dans une terrasse, et je suis rest\u00e9 des heures \u00e0 admirer ce chef d\u2019\u0153uvre qui est le Palais Royal. Ce dernier \u00e9tait encore plus beau que la Chapelle Sixtine que j\u2019ai vue \u00e0 Rome, et sans me rendre compte, j\u2019ai eu les larmes aux yeux. La charmante serveuse qui me ramenait l\u2019addition a vu mes larmes, et m\u2019a dit avec un fran\u00e7ais approximatif\u00a0: \u00ab\u00a0Monsieur, \u00e7a va\u00a0? Vous allez bien\u00a0?\u00a0\u00bb Je lui ai r\u00e9pondu\u00a0: \u00ab\u00a0oui, je viens juste de retrouver mon identit\u00e9 devant ce chef d\u2019\u0153uvre.\u00a0\u00bb Elle m\u2019a souri et m\u2019a dit\u00a0: \u00ab\u00a0je vous offre un autre caf\u00e9\u00a0?\u00a0\u00bb<\/p>\n<p>Par Mustapha Bouhaddar, Maghreb Canada Express, Vol.xv, N\u00b0 08, page o6, ao\u00fbt 2017<\/p>\n<p>Pour l\u2019\u00e9dition (format PDF), cliquer sur l\u2019image :<\/p>\n<div class=\"textwidget\"><center><\/p>\n<div class=\"column\">\n<div><a href=\"http:\/\/www.maghreb-canada.ca\/journal\/2017\/MCE170-08-2017.pdf\" target=\"_blank\" rel=\"nofollow\"> <img loading=\"lazy\" decoding=\"async\" class=\"book-picture alignleft\" src=\"http:\/\/www.maghreb-canada.ca\/journal\/2017\/n170.jpg\" alt=\"\" width=\"200\" height=\"280\" \/><\/a><\/div>\n<\/div>\n<p><\/center><\/div>\n<p>&nbsp;<\/p>\n","protected":false},"excerpt":{"rendered":"<p>Cet \u00e9t\u00e9,\u00a0 j\u2019ai r\u00e9ussi enfin \u00e0 m\u2019organiser pour passer mes vacances en Sicile. Cette \u00eele carrefour des civilisations, la plus grande \u00eele de la M\u00e9diterran\u00e9e qui s\u2019est forg\u00e9e un cadre bien \u00e0 elle o\u00f9, sous un m\u00eame soleil, se retrouvent de fabuleux temples grecs, de ch\u00e2teaux et des cath\u00e9drales \u00e9rig\u00e9s par les Normands dans un [&hellip;]<\/p>\n","protected":false},"author":1,"featured_media":3622,"comment_status":"closed","ping_status":"closed","sticky":false,"template":"","format":"standard","meta":{"footnotes":""},"categories":[5,6,7,8],"tags":[],"class_list":["post-3621","post","type-post","status-publish","format-standard","has-post-thumbnail","hentry","category-immigration","category-maghreb","category-monde","category-numero-du-mois"],"_links":{"self":[{"href":"https:\/\/maroc-canada.ca\/index.php?rest_route=\/wp\/v2\/posts\/3621","targetHints":{"allow":["GET"]}}],"collection":[{"href":"https:\/\/maroc-canada.ca\/index.php?rest_route=\/wp\/v2\/posts"}],"about":[{"href":"https:\/\/maroc-canada.ca\/index.php?rest_route=\/wp\/v2\/types\/post"}],"author":[{"embeddable":true,"href":"https:\/\/maroc-canada.ca\/index.php?rest_route=\/wp\/v2\/users\/1"}],"replies":[{"embeddable":true,"href":"https:\/\/maroc-canada.ca\/index.php?rest_route=%2Fwp%2Fv2%2Fcomments&post=3621"}],"version-history":[{"count":1,"href":"https:\/\/maroc-canada.ca\/index.php?rest_route=\/wp\/v2\/posts\/3621\/revisions"}],"predecessor-version":[{"id":3623,"href":"https:\/\/maroc-canada.ca\/index.php?rest_route=\/wp\/v2\/posts\/3621\/revisions\/3623"}],"wp:featuredmedia":[{"embeddable":true,"href":"https:\/\/maroc-canada.ca\/index.php?rest_route=\/wp\/v2\/media\/3622"}],"wp:attachment":[{"href":"https:\/\/maroc-canada.ca\/index.php?rest_route=%2Fwp%2Fv2%2Fmedia&parent=3621"}],"wp:term":[{"taxonomy":"category","embeddable":true,"href":"https:\/\/maroc-canada.ca\/index.php?rest_route=%2Fwp%2Fv2%2Fcategories&post=3621"},{"taxonomy":"post_tag","embeddable":true,"href":"https:\/\/maroc-canada.ca\/index.php?rest_route=%2Fwp%2Fv2%2Ftags&post=3621"}],"curies":[{"name":"wp","href":"https:\/\/api.w.org\/{rel}","templated":true}]}}