{"id":3642,"date":"2017-10-13T01:25:49","date_gmt":"2017-10-13T05:25:49","guid":{"rendered":"http:\/\/maghreb-canada.ca\/?p=3642"},"modified":"2017-10-13T01:27:25","modified_gmt":"2017-10-13T05:27:25","slug":"3642","status":"publish","type":"post","link":"https:\/\/maroc-canada.ca\/?p=3642","title":{"rendered":"Mobilit\u00e9 Humaine : Le Maroc face \u00e0 la d\u00e9ferlante migratoire"},"content":{"rendered":"<p style=\"text-align: justify;\">Les relations Nord-sud ne sont jamais faites de sentiments, et probablement elles ne se le feront jamais ainsi. C\u2019est l\u2019int\u00e9r\u00eat et le profit qui m\u00e8nent la danse. Et les discours politiques \u00e0 saveur philanthropique ne sont, n\u2019ont jamais \u00e9t\u00e9 et ne seront probablement jamais que l\u2019enveloppe sucr\u00e9 qui cacherait l\u2019amertume du poison !<br \/>\nTout est perdu ? Certainement pas quand on mise le tout pour le tout sur la bont\u00e9 et la grandeur d\u2019\u00e2me de ceux et de celles qui font (et qui ont le pouvoir de d\u00e9faire) ces politiciens menant le Monde en bateau : Monsieur et Madame tout le monde ; ces \u00e9ternels dindons de la farce politico-politicienne qui, souvent aiguisent , sans le savoir, le couteau m\u00eame pouvant, \u00e0 tout moment, les faire saigner!<br \/>\nLe probl\u00e8me ? C\u2019est qu\u2019on a tendance, par les temps qui courent, \u00e0 aller plus vite que la musique. Et c\u2019est ce qui est en train d\u2019arriver \u00e0 votre serviteur, m\u00e9zigue, qui est en voie de conclure cet \u00e9dito avant m\u00eame de l\u2019avoir commenc\u00e9 !<br \/>\nRecorrigeons le tir : Bon nombre de pays ont recours \u00e0 l\u2019immigration quand ils ont une carence soit en main d\u2019\u0153uvre soit carr\u00e9ment en population. Et parmi ces pays, il y en a ceux qui appellent un chat un chat; qui annoncent la couleur et qui optent pour l\u2019immigration s\u00e9lective. Et il y a ces pays qui agissent comme des loups criant \u2018\u2019au loup!\u2019\u2019 et comme des pickpockets criant \u2018\u2019au voleur\u2019\u2019.<br \/>\nNous nous abstiendrons de citer des noms. Mais il n\u2019est pas difficile d\u2019identifier ces pays qui ferment les yeux sur une immigration suppos\u00e9ment clandestine, mais que tout chacun connait, pour la simple raison qu\u2019elle accepte ces travaux dont personne ne veut \u00e0 l\u2019int\u00e9rieur, par exemple, des saunas des serres et des parfums des pesticides.<br \/>\nEt c\u2019est ainsi que le Maroc a perdu ses ouvriers agricoles les plus qualifi\u00e9s au d\u00e9triment d\u2019un pays, l\u2019Espagne pour ne pas le nommer, qui pas plus loin des ann\u00e9es 1980, arrosait les tomates marocaines de p\u00e9trole, pour tuer la concurrence lors du transit vers le march\u00e9 europ\u00e9en. Depuis, il n\u2019a plus \u00e0 le faire car il d\u00e9tient, en otages \u00e9conomiques, sur son territoire, ceux m\u00eame qui cr\u00e9aient cette concurrence et qui contribuent maintenant \u00e0 la cr\u00e9ation de sa propre richesse.<br \/>\nS\u2019il est relativement ais\u00e9 de cerner les motivations de pays comme l\u2019Espagne (raflant les ouvriers agricoles du concurrent imm\u00e9diat en agrumes et en produits maraichers de la rive sud de la m\u00e9diterran\u00e9e ) ou de pays comme le Canada, qui encouragent des \u00e9tudiants \u00e9trangers \u00e0 demander la r\u00e9sidence permanente, \u00e0 la veille de l\u2019obtention de leurs dipl\u00f4mes (\u00e9conomisant ainsi des frais de la maternelle aux \u00e9tudes sup\u00e9rieures), il est plus difficile, surtout pour un occidental, de cerner les motivations d\u2019un pays comme le Maroc qui ouvre ses fronti\u00e8res \u00e0 l\u2019immigration; une immigration qu\u2019il subit beaucoup plus qu\u2019il ne souhaite ni qu\u2019il planifie et dont il n\u2019a absolument pas besoin; vu sa situation \u00e9conomique et surtout celle d\u00e9mographique !<br \/>\nEt pourtant les faits sont l\u00e0: Au moment o\u00f9 certains voisins accompagnent manu militari les candidats (subsahariens et arabes) \u00e0 l\u2019immigration hors de leurs fronti\u00e8res, le Maroc pousse plus loin le paradoxe en adoptant une politique migratoire et d\u2019asile qui fait de lui, non plus un pays de migration, mais un pays de transit et de destination.<br \/>\nAussi, s\u2019il est plus que probable que le Maroc ne peut \u00e0 lui tout seul soulager toute la mis\u00e8re de l\u2019Afrique, et du Moyen-Orient, une chose est sure : Le pays est d\u00e9cid\u00e9 plus que jamais \u00e0 partager la mis\u00e8re de ces r\u00e9gions. Et qu\u2019importe les raisons dont on ne cernera peut-\u00eatre jamais les catalyseurs, les faits sont l\u00e0.<br \/>\nEt ce qui est aussi l\u00e0, c\u2019est cette pression qui va en augmentant sur les poumons \u00e9conomiques du pays concentr\u00e9s dans certaines villes et davantage tout au long du littoral. Et de ce fait, cette immigration galopante, mal g\u00e9r\u00e9e pourrait \u00e0 moyen terme asphyxier compl\u00e8tement le pays.<br \/>\nIl serait donc urgent de bien r\u00e9partir cette immigration et de la canaliser l\u00e0 o\u00f9 il faut afin d\u2019\u00e9viter que le Maroc ne bascule sous ce poids d\u00e9mographique qui est en tain de peser sur les zones c\u00f4ti\u00e8res vers un certain chaos plus ou moins annonc\u00e9.<br \/>\nCertaines r\u00e9gions en effet peuvent absorber une partie du flux en attendant des solutions plus globales. En effet, pas plus loin que le mois denier, les Ait Bouguemez faisaient face \u00e0 une p\u00e9nurie de main d\u2019\u0153uvre pour cueillir les pommes . Or \u00e0 quelques 250 kilom\u00e8tres \u00e0 vol d\u2019oiseau, des migrants subsahariens et syriens participent all\u00e9grement \u00e0 gonfler les rangs des mendiants et \u00e0 transformer les trottoirs des villes, comme Rabat et Casablanca, en souks!<br \/>\nPr\u00e9server les droits des immigrants et des demandeurs d\u2019asile s\u2019est noble de la part du pays d\u2019accueil; Mais il ne faut pas que la noblesse du droit fasse ombrage \u00e0 celle du Devoir au point de cr\u00e9er un froid et des courants d\u2019air pouvant se transformer en temp\u00eates.<br \/>\nDes efforts seraient n\u00e9cessaires pour pr\u00e9server l\u2019\u00e9quilibre en attendant une solution globale \u00e0 travers un Pacte mondial pour des migrations s\u00fbres, ordonn\u00e9es et r\u00e9guli\u00e8res, pacte auquel le Maroc travaille de concert au sein de l\u2019Union africaine, avec l\u2019Allemagne au sein du Forum mondial pour la migration et le d\u00e9veloppement et Au sein d\u2019autres instances des nations Unies.<\/p>\n<p>Par Abderrahman El Fouladi, Maghreb Canada Express, Vol.xv, N\u00b0 10, page 03, Octobre 2017<\/p>\n<p>Pour l\u2019\u00e9dition (format PDF), cliquer sur l\u2019image :<\/p>\n<div class=\"column\">\n<div><a href=\"http:\/\/www.maghreb-canada.ca\/journal\/2017\/MCE172-10-2017.pdf\" target=\"_blank\" rel=\"nofollow\"><img loading=\"lazy\" decoding=\"async\" class=\"book-picture alignleft\" src=\"http:\/\/www.maghreb-canada.ca\/journal\/2017\/n172.jpg\" alt=\"\" width=\"200\" height=\"280\" \/><\/a><\/div>\n<\/div>\n<p>&nbsp;<\/p>\n","protected":false},"excerpt":{"rendered":"<p>Les relations Nord-sud ne sont jamais faites de sentiments, et probablement elles ne se le feront jamais ainsi. C\u2019est l\u2019int\u00e9r\u00eat et le profit qui m\u00e8nent la danse. Et les discours politiques \u00e0 saveur philanthropique ne sont, n\u2019ont jamais \u00e9t\u00e9 et ne seront probablement jamais que l\u2019enveloppe sucr\u00e9 qui cacherait l\u2019amertume du poison ! Tout est [&hellip;]<\/p>\n","protected":false},"author":1,"featured_media":3362,"comment_status":"closed","ping_status":"closed","sticky":false,"template":"","format":"standard","meta":{"footnotes":""},"categories":[4,5,6,7,8,13],"tags":[],"class_list":["post-3642","post","type-post","status-publish","format-standard","has-post-thumbnail","hentry","category-canada","category-immigration","category-maghreb","category-monde","category-numero-du-mois","category-tribune-libre"],"_links":{"self":[{"href":"https:\/\/maroc-canada.ca\/index.php?rest_route=\/wp\/v2\/posts\/3642","targetHints":{"allow":["GET"]}}],"collection":[{"href":"https:\/\/maroc-canada.ca\/index.php?rest_route=\/wp\/v2\/posts"}],"about":[{"href":"https:\/\/maroc-canada.ca\/index.php?rest_route=\/wp\/v2\/types\/post"}],"author":[{"embeddable":true,"href":"https:\/\/maroc-canada.ca\/index.php?rest_route=\/wp\/v2\/users\/1"}],"replies":[{"embeddable":true,"href":"https:\/\/maroc-canada.ca\/index.php?rest_route=%2Fwp%2Fv2%2Fcomments&post=3642"}],"version-history":[{"count":4,"href":"https:\/\/maroc-canada.ca\/index.php?rest_route=\/wp\/v2\/posts\/3642\/revisions"}],"predecessor-version":[{"id":3646,"href":"https:\/\/maroc-canada.ca\/index.php?rest_route=\/wp\/v2\/posts\/3642\/revisions\/3646"}],"wp:featuredmedia":[{"embeddable":true,"href":"https:\/\/maroc-canada.ca\/index.php?rest_route=\/wp\/v2\/media\/3362"}],"wp:attachment":[{"href":"https:\/\/maroc-canada.ca\/index.php?rest_route=%2Fwp%2Fv2%2Fmedia&parent=3642"}],"wp:term":[{"taxonomy":"category","embeddable":true,"href":"https:\/\/maroc-canada.ca\/index.php?rest_route=%2Fwp%2Fv2%2Fcategories&post=3642"},{"taxonomy":"post_tag","embeddable":true,"href":"https:\/\/maroc-canada.ca\/index.php?rest_route=%2Fwp%2Fv2%2Ftags&post=3642"}],"curies":[{"name":"wp","href":"https:\/\/api.w.org\/{rel}","templated":true}]}}