{"id":3679,"date":"2017-11-09T21:54:11","date_gmt":"2017-11-10T02:54:11","guid":{"rendered":"http:\/\/maghreb-canada.ca\/?p=3679"},"modified":"2017-11-09T21:54:11","modified_gmt":"2017-11-10T02:54:11","slug":"rendre-a-coderre-ce-qui-revient-a-coderre","status":"publish","type":"post","link":"https:\/\/maroc-canada.ca\/?p=3679","title":{"rendered":"Rendre \u00e0 Coderre ce qui revient \u00e0 Coderre"},"content":{"rendered":"<p style=\"text-align: justify;\"><a href=\"http:\/\/maroc-canada.ca\/wp-content\/uploads\/2017\/11\/Capture-1-e1510282233526.jpg\"><img loading=\"lazy\" decoding=\"async\" class=\"alignleft  wp-image-3680\" src=\"http:\/\/maroc-canada.ca\/wp-content\/uploads\/2017\/11\/Capture-1-e1510282233526.jpg\" alt=\"Capture\" width=\"304\" height=\"234\" \/><\/a>Mais que c\u2019est-il pass\u00e9 ce 5 novembre pour que celui qui croyait avoir redonn\u00e9 \u2018\u2019sa dignit\u00e9\u2019\u2019 \u00e0 toute une m\u00e9tropole subisse une d\u00e9faite aussi cuisante ?<\/p>\n<p style=\"text-align: justify;\">Tous sont tomb\u00e9s des nus . Et plus que l\u2019int\u00e9ress\u00e9 , les adversaires, les alli\u00e9s de toujours, les girouettes et&#8230; Surtout ceux qui ont affich\u00e9 leur all\u00e9geance \u00e0 la derni\u00e8re minute; tellement la victoire semblait \u00eatre acquise !<\/p>\n<p style=\"text-align: justify;\">Certes le peuple avait parl\u00e9. Mais avait-il besoin de crier si fort comme disait l\u2019autre ?<\/p>\n<p style=\"text-align: justify;\">Alors&#8230; Est-ce l\u2019attitude de M. Coderre que certains trouvaient arrogante ? Sur ce point le maire sortant d\u00e9clara \u00e0 la presse quelques jours avant le scrutin : \u00ab\u00a0<i>Vous m&rsquo;avez comme je suis: Avec mes qualit\u00e9s et mes d\u00e9fauts&#8230; Mais vous avez quelqu&rsquo;un en moi qui, pendant les quatre derni\u00e8res ann\u00e9es, prenait des d\u00e9cisions, prend des d\u00e9cisions et les assume\u00a0<\/i>\u00bb<\/p>\n<p style=\"text-align: justify;\">Arrogant ? Il serait plut\u00f4t d\u00e9termin\u00e9 comme il le souligne lui-m\u00eame. Et de la d\u00e9termination, il l\u2019avait sem\u00e9 \u00e0 tout vent : Dans son bras-de-fer avec les policiers et les pompiers ou dans le lancement de chantiers de construction tout azimut au point de donner \u00e0 la m\u00e9tropole un visage de ville en \u00e9tat de si\u00e8ge !<\/p>\n<p style=\"text-align: justify;\">Mais contre les inconv\u00e9nients de tout ce remue-m\u00e9nage \u00e0 grande \u00e9chelle, Le maire semble faire confiance au bon sens de l\u2019\u00e9lectorat ; bon sens qui finira par faire d\u00e9couvrir aux montr\u00e9alais et montr\u00e9alaises tout le bien \u00e0 court et moyen terme de ces grands travaux. Et, semble-t-il avec tous les points marqu\u00e9s aupr\u00e8s des gouvernements provincial et f\u00e9d\u00e9ral ainsi que sur la sc\u00e8ne internationale, les d\u00e9sagr\u00e9ments caus\u00e9s par les chantiers de construction ne seraient qu\u2019un lointain mauvais souvenir.<\/p>\n<p style=\"text-align: justify;\">En effet, selon Radio Canada, Denis Coderre aurait ramen\u00e9 l&rsquo;int\u00e9grit\u00e9 \u00e0 l&rsquo;H\u00f4tel de Ville, \u00ab\u00a0avait r\u00e9ussi \u00e0 faire adopter par Qu\u00e9bec la loi sur le statut de m\u00e9tropole (la veille du d\u00e9clenchement des \u00e9lections) et avait n\u00e9goci\u00e9 des projets qui verront le jour bient\u00f4t, \u00e0 commencer par le R\u00e9seau \u00e9lectrique m\u00e9tropolitain (REM) de la Caisse de d\u00e9p\u00f4t et placement du Qu\u00e9bec, dont le projet de loi a \u00e9t\u00e9 adopt\u00e9 en pleine campagne \u00e9lectorale\u00a0\u00bb.<\/p>\n<p style=\"text-align: justify;\">Tout semble donc indiquer que Coderre avait remis Montr\u00e9al sur les rails. Et selon le journaliste Michel C. Auger, \u00ab\u00a0<i>Montr\u00e9al s\u2019est remise \u00e0 fonctionner comme une administration publique normale apr\u00e8s des ann\u00e9es d\u2019errance et de corruption\u00bb. <\/i>Et le journaliste d\u2019ajouter <i>\u00ab\u00a0Certaines des initiatives de M. Coderre, comme la cr\u00e9ation du Bureau de l\u2019inspecteur g\u00e9n\u00e9ral, ont \u00e9t\u00e9 de grandes r\u00e9ussites et doivent \u00eatre conserv\u00e9es\u00a0<\/i>\u00bb<\/p>\n<p style=\"text-align: justify;\">Le message semble donc clair et compr\u00e9hensible par tous : le Maire est en train de faire bouger les choses aussi bien dans la m\u00e9tropole que pour la m\u00e9tropole aupr\u00e8s de villes-partenaires, des deux autres paliers de gouvernement qu\u2019\u00e0 travers le r\u00e9seau mondial des maires.<\/p>\n<p style=\"text-align: justify;\">Concernant ce dernier point, Coderre avait renforc\u00e9 la position de Montr\u00e9al dans ce qu\u2019on peut qualifier de diplomatie urbaine qui se ramifie au-del\u00e0 des fronti\u00e8res nationales pour influencer les grandes d\u00e9cisions aux sein de la communaut\u00e9 internationale. Il faudrait voir M. Coderre \u00e9voluer parmi les maires du Monde lors du XIIe Congr\u00e8s mondial de Metropolis \u2013\u00a0 \u00e0 Montr\u00e9al en juin dernier, cherchant \u00e0 unifier des positions pour envoyer des messages forts quant aux grands enjeux de la plan\u00e8te dont le changement climatique n\u2019est pas le moindre ! Est-ce ce dernier enjeu qui le motiva pour s\u2019accrocher \u00e0 la formule E et pour faire d\u2019elle une r\u00e9ussite \u00e0 tout prix ? sachant ses retomb\u00e9es positives sur la ville de Montr\u00e9al qui passera dans l\u2019Histoire comme la Ville Verte ayant fait la promotion des \u00e9nergies propres \u00e0 travers un sport ?<\/p>\n<p style=\"text-align: justify;\">On ne le saura sans doute jamais vu ce c\u00f4t\u00e9 compact, voire secret, de l\u2019individu&#8230; Et il faut se rendre maintenant \u00e0 l\u2019\u00e9vidence que M. et Mme tout le monde ont fait fi de ce bilan concret de M. Coderre, de sa vision future et futuriste, et ce, pour caresser un r\u00eave \u00e0 un avenir meilleur pour la m\u00e9tropole selon la vision de l\u2019\u00e9quipe\u00a0 Val\u00e9rie Plante.<\/p>\n<p style=\"text-align: justify;\">Sans doute le manque de transparence, ajout\u00e9 \u00e0 des chantiers de construction qui ne finissent pas de finir; transformant le quotidien des usagers de la route en enfer, auraient pouss\u00e9 l\u2019\u00e9lectorat \u00e0 opter pour un r\u00eave en plus de 400 promesses \u00e9lectorales dont la plus importante est sans doute la fameuse ligne rose du m\u00e9tro . Viennent ensuite les 300 bus hybrides d&rsquo;ici 2020, les 12\u00a0000 logements sociaux en 4\u00a0ans, le remboursement des droits de mutation immobili\u00e8re, ou \u00ab\u00a0taxe de bienvenue\u00a0\u00bb, \u00e0 quelque 5000\u00a0familles , l\u2019instauration d\u2019un tarif social pour les usagers du transport en commun \u00e0 faible revenu etc&#8230; Etc. !<\/p>\n<p style=\"text-align: justify;\">Or pour que l\u2019\u00e9quipe de la Mairesse, Mme Val\u00e9rie Plante, vienne \u00e0 bout de toutes ses promesses \u00e9lectorales, il lui faudrait en exaucer environ 10 par mois ! Ceci sans oublier les al\u00e9as h\u00e9rit\u00e9s de l\u2019administration Coderre dont les chantiers de construction (toujours l\u00e0) ne sont pas les moindres&#8230; De quoi rendre la victoire aussi indigeste que la d\u00e9faite. Mais nous avons devant nous quatre ann\u00e9es pour d\u00e9chanter ou pour applaudir chaudement la Premi\u00e8re mairesse de l\u2019Histoire de Montr\u00e9al.<\/p>\n<p style=\"text-align: justify;\">Par A. El Fouladi, Maghreb Canada Express, Vol XV, N\u00b011, Novembre 2017<\/p>\n<p style=\"text-align: justify;\">Cliquer sur l&rsquo;image pour l&rsquo;\u00e9dition de novembre 2017<\/p>\n<p><center><\/p>\n<div class=\"column\">\n<div><a href=\"http:\/\/www.maghreb-canada.ca\/journal\/2017\/MCE173-11-2017.pdf\" target=\"_blank\" rel=\"nofollow\"><img loading=\"lazy\" decoding=\"async\" class=\"book-picture alignleft\" src=\"http:\/\/www.maghreb-canada.ca\/journal\/2017\/n173.jpg\" alt=\"\" width=\"200\" height=\"280\" \/><\/a><\/div>\n<\/div>\n<p><\/center>&nbsp;<\/p>\n","protected":false},"excerpt":{"rendered":"<p>Mais que c\u2019est-il pass\u00e9 ce 5 novembre pour que celui qui croyait avoir redonn\u00e9 \u2018\u2019sa dignit\u00e9\u2019\u2019 \u00e0 toute une m\u00e9tropole subisse une d\u00e9faite aussi cuisante ? Tous sont tomb\u00e9s des nus . Et plus que l\u2019int\u00e9ress\u00e9 , les adversaires, les alli\u00e9s de toujours, les girouettes et&#8230; Surtout ceux qui ont affich\u00e9 leur all\u00e9geance \u00e0 la [&hellip;]<\/p>\n","protected":false},"author":1,"featured_media":3680,"comment_status":"closed","ping_status":"closed","sticky":false,"template":"","format":"standard","meta":{"footnotes":""},"categories":[4,7,8],"tags":[],"class_list":["post-3679","post","type-post","status-publish","format-standard","has-post-thumbnail","hentry","category-canada","category-monde","category-numero-du-mois"],"_links":{"self":[{"href":"https:\/\/maroc-canada.ca\/index.php?rest_route=\/wp\/v2\/posts\/3679","targetHints":{"allow":["GET"]}}],"collection":[{"href":"https:\/\/maroc-canada.ca\/index.php?rest_route=\/wp\/v2\/posts"}],"about":[{"href":"https:\/\/maroc-canada.ca\/index.php?rest_route=\/wp\/v2\/types\/post"}],"author":[{"embeddable":true,"href":"https:\/\/maroc-canada.ca\/index.php?rest_route=\/wp\/v2\/users\/1"}],"replies":[{"embeddable":true,"href":"https:\/\/maroc-canada.ca\/index.php?rest_route=%2Fwp%2Fv2%2Fcomments&post=3679"}],"version-history":[{"count":1,"href":"https:\/\/maroc-canada.ca\/index.php?rest_route=\/wp\/v2\/posts\/3679\/revisions"}],"predecessor-version":[{"id":3681,"href":"https:\/\/maroc-canada.ca\/index.php?rest_route=\/wp\/v2\/posts\/3679\/revisions\/3681"}],"wp:featuredmedia":[{"embeddable":true,"href":"https:\/\/maroc-canada.ca\/index.php?rest_route=\/wp\/v2\/media\/3680"}],"wp:attachment":[{"href":"https:\/\/maroc-canada.ca\/index.php?rest_route=%2Fwp%2Fv2%2Fmedia&parent=3679"}],"wp:term":[{"taxonomy":"category","embeddable":true,"href":"https:\/\/maroc-canada.ca\/index.php?rest_route=%2Fwp%2Fv2%2Fcategories&post=3679"},{"taxonomy":"post_tag","embeddable":true,"href":"https:\/\/maroc-canada.ca\/index.php?rest_route=%2Fwp%2Fv2%2Ftags&post=3679"}],"curies":[{"name":"wp","href":"https:\/\/api.w.org\/{rel}","templated":true}]}}