{"id":3701,"date":"2017-11-20T14:34:13","date_gmt":"2017-11-20T19:34:13","guid":{"rendered":"http:\/\/maghreb-canada.ca\/?p=3701"},"modified":"2017-11-20T15:02:36","modified_gmt":"2017-11-20T20:02:36","slug":"maroc-quand-une-operation-de-distribution-daide-alimentaire-tourne-au-drame","status":"publish","type":"post","link":"https:\/\/maroc-canada.ca\/?p=3701","title":{"rendered":"Maroc : Quand une op\u00e9ration de distribution d\u2019aide alimentaire tourne au drame"},"content":{"rendered":"<p style=\"text-align: justify;\">Le dimanche 19 novembre 2017, des informations lugubres provenant de la petite localit\u00e9 rurale de Sidi Boulaalam, situ\u00e9e \u00e0 quelques kilom\u00e8tres de la ville d\u2019Essaouira, font \u00e9tat de la mort tragique de 15 femmes suite \u00e0 une bousculade survenue lors d\u2019une op\u00e9ration de distribution de paniers d\u2019une valeur unitaire ne d\u00e9passant pas la somme de 150 DH (14 Euros) contenant quelques denr\u00e9es alimentaires de base, dont notamment la farine de bl\u00e9.<\/p>\n<p style=\"text-align: justify;\">Parmi les femmes d\u00e9c\u00e9d\u00e9es, figurent 8 femmes mari\u00e9es et 7 femmes veuves qui ont laiss\u00e9 plus de 45 orphelins et orphelines. Le bilan macabre enregistr\u00e9 jusqu\u2019\u00e0 pr\u00e9sent risque d\u2019\u00eatre alourdi davantage puisque, outre ces femmes innocentes qui ont p\u00e9ri sur place, 5 autres femmes qui y ont \u00e9t\u00e9 bless\u00e9es se trouveraient dans un \u00e9tat critique.<\/p>\n<p style=\"text-align: justify;\">\u00c9videmment, et conform\u00e9ment \u00e0 la r\u00e8gle et l\u2019usage adopt\u00e9s dans des situations similaires, les autorit\u00e9s marocaines comp\u00e9tentes ont diffus\u00e9 un communiqu\u00e9 dans lequel on annonce l\u2019ouverture d\u2019une double enqu\u00eate, l\u2019une judiciaire sous la supervision du Parquet en vue de d\u00e9terminer les circonstances de l\u2019incident et d\u2019\u00e9tablir les responsabilit\u00e9s et l\u2019autre administrative qui devrait \u00eatre supervis\u00e9e par une cellule du minist\u00e8re de l\u2019Int\u00e9rieur.<\/p>\n<p style=\"text-align: justify;\">Comme tout marocain et tout \u00eatre humain, je suis de tout c\u0153ur avec les proches et les amis des victimes. Je n\u2019ai pas de mots pour qualifier l\u2019impact et le choc ressenti suite \u00e0 cette catastrophe. A l\u2019instar de tout \u00eatre humain qui ressent la douleur des autres, je suis profond\u00e9ment afflig\u00e9 et je m\u2019associe \u00e0 toutes et \u00e0 tous ceux qui prennent part \u00e0 l\u2019affliction des membres des familles frapp\u00e9s par ce deuil inattendu avec lesquels je partage la m\u00eame douleur et la m\u00eame peine.<\/p>\n<p style=\"text-align: justify;\">\u00a0La mort a la particularit\u00e9 d\u2019\u00eatre juste. Elle ne choisit pas ses candidats. Le riche, le jeune, le vieillard, la femme, l\u2019homme comme l\u2019enfant sont tous trait\u00e9s sur un m\u00eame pied d\u2019\u00e9galit\u00e9. Mais, le fait d\u2019accepter la d\u00e9ch\u00e9ance et la mort ne doit pas nous obliger \u00e0 fermer les yeux et nous taire. Les circonstances et les causes de la mort doivent \u00eatre \u00e9lucid\u00e9es pour \u00e9viter les erreurs humaines qui contribuent \u00e0 la disparition tragique d\u2019un groupe de personnes. Dans un drame comme celui de la localit\u00e9 de Boulaalam, certes il y aurait la fatalit\u00e9, le sort et le destin, mais il y a aussi la pauvret\u00e9 et la pr\u00e9carit\u00e9, l\u2019\u00e9go\u00efsme, la mentalit\u00e9 et la culture de l\u2019assist\u00e9, l\u2019insouciance, l\u2019erreur humaine, l\u2019obscurantisme et les objectifs non avou\u00e9s ainsi que le manque d\u2019encadrement d\u2019une foule devenue soudain incontr\u00f4lable \u2026\u2026<\/p>\n<p style=\"text-align: justify;\">Pour toutes ces raisons et autres, le drame survenu \u00e0 Sidi Boulaalam doit nous interpeller tous&#8230; sans aucune exception. Il doit \u00eatre analys\u00e9, d\u2019une fa\u00e7on sereine, profonde et objective pour en tirer les le\u00e7ons et les enseignements qui peuvent aider les responsables marocains \u00e0 faire de notre pays, une terre pour tous o\u00f9 l\u2019\u00eatre humain ne meurt pas pi\u00e9tin\u00e9, \u00e0 cause d\u2019un panier de denr\u00e9es alimentaires.<\/p>\n<p style=\"text-align: justify;\">Consid\u00e9rer la trag\u00e9die de Sidi Boulaalam comme un fait banal, qui peut se produire \u00e0 n\u2019importe quel moment et dans n\u2019importe quel pays de la plan\u00e8te, <span style=\"text-decoration: underline;\">serait une fuite<\/span> <span style=\"text-decoration: underline;\">en avant<\/span> dangereuse et irresponsable, qui risquerait de faire du Maroc un pays de paradoxes et d\u2019aberrations.<\/p>\n<p style=\"text-align: justify;\">Le 8 novembre dernier, un satellite marocain de l\u2019observation de la terre a \u00e9t\u00e9 mis en orbite. En 2018, le TGV- Maroc entrera en service. Depuis quelques ann\u00e9es, le Maroc cherche \u00e0 se positionner parmi les pays industrialis\u00e9s du monde en misant sur le d\u00e9veloppement de certaines industries qui font appel \u00e0 une technologie de pointe telles que l\u2019automobile, l\u2019a\u00e9ronautique et l\u2019\u00e9lectronique\u00a0\u2026<\/p>\n<p style=\"text-align: justify;\">Le dimanche 19 novembre 2017, le Maroc a v\u00e9cu une catastrophe \u00ab\u00a0<em>qui risque de le tirer vers le bas<\/em>\u00a0\u00bb et alt\u00e9rer l\u2019image de marque dont il jouit dans le monde. C\u2019\u00e9tait un vrai drame de pauvret\u00e9, sans rapport avec le Maroc dont nous r\u00eavons. Quinze femmes, issues des milieux les plus pauvres et des couches les plus d\u00e9favoris\u00e9es de la r\u00e9gion d\u2019Essaouira et m\u00eame d\u2019Agadir, ont fait l\u2019objet d\u2019une mort tragique et cruelle, en allant chercher des paniers de denr\u00e9es alimentaires, que distribue annuellement un m\u00e9c\u00e8ne issu de la r\u00e9gion. Selon un t\u00e9moin oculaire,\u00a0m\u00eame lorsqu\u2019il y avait des personnes allong\u00e9es sur terre, les gens continuaient de se disputer et de se bousculer pour r\u00e9cup\u00e9rer les denr\u00e9es promises. La pauvret\u00e9 fait perdre \u00e0 l\u2019Homme sa fibre humaine et ses nobles sentiments. Et, c\u2019est un fait malheureux et grave qu\u2019il ne faut absolument pas ignorer ou occulter. Par ailleurs, selon certaines d\u00e9clarations faites par des gens de la r\u00e9gion, la foule ne cherchait pas seulement \u00e0 r\u00e9cup\u00e9rer des denr\u00e9es alimentaires mais surtout \u00ab\u00a0<em>l\u2019aura <\/em>du cheikh\u00a0\u00bb que devrait v\u00e9hiculer le panier.<\/p>\n<p style=\"text-align: justify;\">Mourir pour quelques kilos de farine de bl\u00e9 dans un pays o\u00f9 le d\u00e9veloppement agricole a toujours figur\u00e9 parmi les priorit\u00e9s nationales, un pays qui produit, annuellement, une quantit\u00e9 importante de produits alimentaires, un pays qui a toujours cherch\u00e9 \u00e0 se mettre \u00e0 l\u2019abri des famines meurtri\u00e8res et d\u00e9sastreuses, est un fait inadmissible qui exige une nouvelle strat\u00e9gie \u00e9conomico-sociale pour corriger, ou du moins att\u00e9nuer, les effets n\u00e9fastes d\u2019une r\u00e9partition des richesses qui laisse beaucoup \u00e0 d\u00e9sirer.<\/p>\n<p style=\"text-align: justify;\">Driss Basri, l&rsquo;ex puissant ministre de l\u2019Int\u00e9rieur sous le r\u00e8gne de Feu Hassan II, avait qualifi\u00e9 de \u00ab<em>martyrs del Koumira<\/em>\u00bb (martyrs de la baguette de pain), les victimes des \u00e9meutes sanglantes qu\u2019a connues la ville de Casablanca le 20 juin 1981. Aujourd\u2019hui, et 36 plus tard, 15 femmes ont \u00e9t\u00e9 cruellement pi\u00e9tin\u00e9es en allant chercher de la farine. \u00c9videmment, les circonstances, le contexte et l\u2019objectif ne nous autorisent pas \u00e0 faire une comparaison acceptable et responsable entre les deux drames, mais ceci ne nous dispense pas du Devoir de plaider en faveur d\u2019une ferme volont\u00e9 politique devant se traduire par des actions gouvernementales concr\u00e8tes et s\u00e9rieuses pour arr\u00eater l\u2019h\u00e9morragie et pour qu\u2019il n\u2019y ait plus d\u2019autres \u00ab\u00a0martyrs\u00a0\u00bb \u00e0 d\u00e9plorer, \u00e0 cause de la pauvret\u00e9 autant qu\u2019\u00e0 cause de la \u00ab\u00a0guerre des routes\u00a0\u00bb.<\/p>\n<p style=\"text-align: right;\">Par Ahmed Saber pour Maghreb Canada Express<\/p>\n<p><strong><em>Lire l\u2019\u00c9dition papier du mois de novembre 2017\u00a0 :<\/em><\/strong><\/p>\n<p><a href=\"http:\/\/www.maghreb-canada.ca\/journal\/2017\/MCE173-11-2017.pdf\" target=\"_blank\" rel=\"nofollow\"><img loading=\"lazy\" decoding=\"async\" class=\"book-picture\" src=\"http:\/\/www.maghreb-canada.ca\/journal\/2017\/n173.jpg\" alt=\"\" width=\"200\" height=\"280\" \/><\/a><\/p>\n","protected":false},"excerpt":{"rendered":"<p>Le dimanche 19 novembre 2017, des informations lugubres provenant de la petite localit\u00e9 rurale de Sidi Boulaalam, situ\u00e9e \u00e0 quelques kilom\u00e8tres de la ville d\u2019Essaouira, font \u00e9tat de la mort tragique de 15 femmes suite \u00e0 une bousculade survenue lors d\u2019une op\u00e9ration de distribution de paniers d\u2019une valeur unitaire ne d\u00e9passant pas la somme de [&hellip;]<\/p>\n","protected":false},"author":1,"featured_media":3702,"comment_status":"closed","ping_status":"closed","sticky":false,"template":"","format":"standard","meta":{"footnotes":""},"categories":[1],"tags":[],"class_list":["post-3701","post","type-post","status-publish","format-standard","has-post-thumbnail","hentry","category-uncategorized"],"_links":{"self":[{"href":"https:\/\/maroc-canada.ca\/index.php?rest_route=\/wp\/v2\/posts\/3701","targetHints":{"allow":["GET"]}}],"collection":[{"href":"https:\/\/maroc-canada.ca\/index.php?rest_route=\/wp\/v2\/posts"}],"about":[{"href":"https:\/\/maroc-canada.ca\/index.php?rest_route=\/wp\/v2\/types\/post"}],"author":[{"embeddable":true,"href":"https:\/\/maroc-canada.ca\/index.php?rest_route=\/wp\/v2\/users\/1"}],"replies":[{"embeddable":true,"href":"https:\/\/maroc-canada.ca\/index.php?rest_route=%2Fwp%2Fv2%2Fcomments&post=3701"}],"version-history":[{"count":6,"href":"https:\/\/maroc-canada.ca\/index.php?rest_route=\/wp\/v2\/posts\/3701\/revisions"}],"predecessor-version":[{"id":3708,"href":"https:\/\/maroc-canada.ca\/index.php?rest_route=\/wp\/v2\/posts\/3701\/revisions\/3708"}],"wp:featuredmedia":[{"embeddable":true,"href":"https:\/\/maroc-canada.ca\/index.php?rest_route=\/wp\/v2\/media\/3702"}],"wp:attachment":[{"href":"https:\/\/maroc-canada.ca\/index.php?rest_route=%2Fwp%2Fv2%2Fmedia&parent=3701"}],"wp:term":[{"taxonomy":"category","embeddable":true,"href":"https:\/\/maroc-canada.ca\/index.php?rest_route=%2Fwp%2Fv2%2Fcategories&post=3701"},{"taxonomy":"post_tag","embeddable":true,"href":"https:\/\/maroc-canada.ca\/index.php?rest_route=%2Fwp%2Fv2%2Ftags&post=3701"}],"curies":[{"name":"wp","href":"https:\/\/api.w.org\/{rel}","templated":true}]}}