{"id":3735,"date":"2017-11-30T14:00:29","date_gmt":"2017-11-30T19:00:29","guid":{"rendered":"http:\/\/maghreb-canada.ca\/?p=3735"},"modified":"2017-11-30T14:00:29","modified_gmt":"2017-11-30T19:00:29","slug":"5eme-sommet-union-africaine-union-europeenne-le-maroc-rayonne-a-abidjan","status":"publish","type":"post","link":"https:\/\/maroc-canada.ca\/?p=3735","title":{"rendered":"5\u00e8me Sommet Union Africaine &#8211; Union Europ\u00e9enne : Le Maroc rayonne \u00e0 Abidjan"},"content":{"rendered":"<p style=\"text-align: justify;\"><a href=\"http:\/\/maroc-canada.ca\/wp-content\/uploads\/2017\/11\/M6-sommet-UA-UE-5-e1512068367273.jpg\"><img loading=\"lazy\" decoding=\"async\" class=\"alignleft size-full wp-image-3736\" src=\"http:\/\/maroc-canada.ca\/wp-content\/uploads\/2017\/11\/M6-sommet-UA-UE-5-e1512068367273.jpg\" alt=\"M6-sommet UA-UE 5\" width=\"350\" height=\"245\" \/><\/a>Le 29 Novembre 2017 acte le v\u00e9ritable retour du Maroc au sein de l\u2019Union Africaine (UA). Gr\u00e2ce au Leadership proactif et \u00e0 la clairvoyance de SM le Roi Mohammed VI, le \u00ab\u00a0panafricaniste\u00a0\u00bb selon l&rsquo;expression utilis\u00e9e par Alpha Cond\u00e9, Pr\u00e9sident en exercice de l\u2019UA, le Royaume du Maroc, gagnant, d\u00e9complex\u00e9 et constructif, a rayonn\u00e9 de toute sa splendeur \u00e0 Abidjan ! \u00ab\u00a0D\u00e9sormais, le temps n\u2019est plus au diagnostic, ni aux pol\u00e9miques d\u2019arri\u00e8re-garde. Le temps est \u00e0 l\u2019action\u00a0\u00bb. SM le Roi Mohammed VI, dans Son Message adress\u00e9 au 5eme Sommet UA-Union Europ\u00e9enne (UE), a joint la parole aux actes ! Cette journ\u00e9e a effectivement \u00e9t\u00e9 marqu\u00e9e par la pr\u00e9sence active du Souverain lors de ce Sommet.<\/p>\n<p style=\"text-align: justify;\">Au-del\u00e0 des \u00e9gards protocolaires habituels dont est l\u2019objet un Monarque dans ce genre de manifestation, on retiendra la place centrale occup\u00e9e par le Maroc tout au long du Sommet, mais surtout l\u2019attractivit\u00e9 exceptionnelle suscit\u00e9e par le Souverain aupr\u00e8s de ses pairs africains et europ\u00e9ens. Cet attrait s\u2019explique \u00e9videmment par la cr\u00e9dibilit\u00e9 du Maroc qui, sous l\u2019impulsion de SM le Roi Mohammed VI, est, aujourd\u2019hui, le seul pays africain \u00e0 connaitre parfaitement l\u2019Afrique et ses d\u00e9fis mais \u00e9galement l\u2019Europe et sa complexit\u00e9. Le Royaume, qui a fait \u00e9voluer ces derni\u00e8res ann\u00e9es, du Nord vers le Sud, ses priorit\u00e9s strat\u00e9giques, est donc capable de jouer le r\u00f4le de relais permanent et de courroie de transmission entre l\u2019Afrique et l\u2019Europe. Le Maroc, en premi\u00e8re ligne, est ind\u00e9niablement la cl\u00e9 de voute de la refonte du Partenariat euro-africain, appel\u00e9 \u00e0 \u00e9voluer vers une coop\u00e9ration plus \u00e9quilibr\u00e9e et mutuellement b\u00e9n\u00e9fique.<\/p>\n<p style=\"text-align: justify;\">En faisant r\u00e9f\u00e9rence \u00ab\u00a0aux pol\u00e9miques d\u2019arri\u00e8re-garde\u00a0\u00bb, le Souverain, dont l\u2019approche est constructive, balaie d\u2019un revers de la main, les tentatives d\u00e9sesp\u00e9r\u00e9es de nos adversaires d\u2019instrumentaliser, \u00e0 des fins de propagande d\u2019un autre temps, la participation du Royaume \u00e0 ce Sommet. Les vieux r\u00e9flexes de certains persistent, mais pourtant les faits sont t\u00eatus. Il ne faut pas s\u2019y m\u2019\u00e9prendre, ceux qui ont pr\u00e9tendu que la pr\u00e9sence du Maroc, au plus Haut niveau, \u00e0 Abidjan \u00e0 l\u2019occasion du Sommet UA-UE, signifierait une quelconque reconnaissance de la pseudo \u00ab rasd \u00bb se sont lourdement tromp\u00e9s.<\/p>\n<p style=\"text-align: justify;\">D\u2019abord, comment oser mettre sur le m\u00eame pied d\u2019\u00e9galit\u00e9 une Nation africaine ancestrale, profond\u00e9ment enracin\u00e9e au sein de son continent d\u2019appartenance, avec une entit\u00e9 fantoche, non reconnue par l\u2019ONU et ne poss\u00e9dant aucun attribut d\u2019un Etat souverain au regard du Droit International ? Ensuite, il faut \u00e0 avoir \u00e0 l\u2019esprit que la \u00ab pr\u00e9sence \u00bb de la pseudo \u00ab rasd \u00bb au sein de l\u2019UA est un \u00e9tat de fait depuis 1984, que le retour du Royaume \u00e0 l\u2019UA vise \u00e0 bouleverser, \u00e0 travers une d\u00e9marche pragmatique et volontariste, initi\u00e9e par SM le Roi Mohammed VI, rompant totalement avec la politique de la \u00ab chaise vide \u00bb, symbolique, certes, mais peu concluante sur le plan strat\u00e9gique. Enfin, alors que la position traditionnelle de l\u2019UE &#8211; et de l\u2019ensemble des pays europ\u00e9ens &#8211; a \u00e9t\u00e9 une nouvelle fois r\u00e9affirm\u00e9e (aucune forme de reconnaissance de la pseudo \u00ab rasd \u00bb et le rappel que le conflit du Sahara est du ressort exclusif du Conseil de S\u00e9curit\u00e9 (CS) de l\u2019ONU), le Maroc partenaire incontournable et essentiel, \u00e0 la fois pour l\u2019Afrique et pour l\u2019Europe, fort d\u2019une Vision Royale proactive, innove, propose, investi, d\u00e9veloppe, co-construit et rassemble. C\u2019est dans ce cadre que SM le Roi Mohammed VI, \u00ab Leader \u00bb de l\u2019UA sur les questions de la migration, a \u00e9t\u00e9 l\u2019un des quatre Chefs d\u2019Etats africains invit\u00e9s \u00e0 prendre la parole lors de ce Sommet.<\/p>\n<p style=\"text-align: justify;\">Loin de toute forme de pol\u00e9mique, donc, et de volont\u00e9 de diviser la famille africaine sur des sujets subalternes, il faut comprendre que le Royaume a chang\u00e9 son fusil d\u2019\u00e9paule. Le Maroc, dont la politique \u00e9trang\u00e8re n\u2019est pas fig\u00e9e, a fait \u00e9voluer le sch\u00e9ma directeur de sa doctrine. En effet, en retrouvant l\u2019UA, sa \u00ab famille institutionnelle \u00bb, le Maroc a fait sereinement le choix de combattre les adversaires de notre int\u00e9grit\u00e9 territoriale de l\u2019int\u00e9rieur. Le Royaume, \u00e0 travers ses acquis et sa place centrale au sein du continent, sa future adh\u00e9sion \u00e0 la CEDEAO, son ouverture vers l\u2019Afrique de l\u2019Est et l\u2019Afrique anglo-saxonne, ses projets africains structurants, sa cr\u00e9dibilit\u00e9 politique et ses r\u00e9formes engag\u00e9es au Sahara, salu\u00e9es par l\u2019ensemble des r\u00e9solutions du CS de l\u2019ONU depuis 2007, sans oublier la dynamique positive de retrait des reconnaissances de la pseudo \u00ab rasd \u00bb (aujourd\u2019hui pr\u00e8s du quart des membres de l\u2019UA seulement contre plus de la moiti\u00e9 il y a 18 ans), est totalement \u00ab d\u00e9complex\u00e9 \u00bb vis-\u00e0-vis de la \u00ab pr\u00e9sence \u00bb au sein de l\u2019UA d\u2019une entit\u00e9 s\u00e9paratiste, ne repr\u00e9sentant qu\u2019elle-m\u00eame et dont les principaux soutiens s\u2019essoufflent au gr\u00e9 du temps. Si la \u00ab\u00a0rasd\u00a0\u00bb, est effectivement \u00ab\u00a0invisible pour le Maroc\u00a0\u00bb au sein de l\u2019UA, se sont les termes de Nasser Bourita, elle l\u2019a, tout autant, \u00e9t\u00e9 \u00e0 Abidjan pour une \u00e9crasante majorit\u00e9 de pays africains et pour l\u2019ensemble des europ\u00e9ens.<\/p>\n<p style=\"text-align: justify;\">Le temps, justement, joue en faveur d\u2019un Maroc fort et confiant. Les r\u00e9alit\u00e9s et les dynamiques politiques le d\u00e9montrent. Alors que nos adversaires, en incapacit\u00e9 d\u2019agir positivement en faveur de l\u2019organisation, ne sont vou\u00e9s, en attendant, \u00e0 moyen terme, leur suspension in\u00e9luctable de l\u2019UA, \u00e0 ne faire que dans la simple et pure figuration, le Royaume dicte le tempo et ma\u00eetrise son agenda. Les rencontres, en marge du Sommet d\u2019Abidjan, entre SM le Roi Mohammed VI et les Pr\u00e9sidents de l\u2019Angola et de l\u2019Afrique du Sud, jadis soutiens z\u00e9l\u00e9s du Polisario et opposants farouches du Maroc, augurent d\u2019une nouvelle phase de normalisation et d\u2019apaisement des relations politiques et diplomatiques entre le Royaume et ces deux importants pays africains.<\/p>\n<p style=\"text-align: justify;\">Plus qu\u2019un simple slogan dogmatique, le Maroc est effectivement dans son Sahara et le Sahara est incontestablement dans son Maroc. N\u2019en d\u00e9plaise \u00e0 nos adversaires, il suffit d\u2019aller \u00e0 Laayoune ou \u00e0 Dakhla pour constater cette r\u00e9alit\u00e9 implacable ! Ce n\u2019est pas un petit fanion dans un fond de salle de conf\u00e9rence, auquel personne, ou presque, ne pr\u00eate attention, qui changera la donne.<\/p>\n<p><strong>Brahim Fassi Fihri<\/strong><\/p>\n<p><em><strong>Pr\u00e9sident fondateur de l\u2019Institut Amadeus<\/strong><\/em><\/p>\n","protected":false},"excerpt":{"rendered":"<p>Le 29 Novembre 2017 acte le v\u00e9ritable retour du Maroc au sein de l\u2019Union Africaine (UA). Gr\u00e2ce au Leadership proactif et \u00e0 la clairvoyance de SM le Roi Mohammed VI, le \u00ab\u00a0panafricaniste\u00a0\u00bb selon l&rsquo;expression utilis\u00e9e par Alpha Cond\u00e9, Pr\u00e9sident en exercice de l\u2019UA, le Royaume du Maroc, gagnant, d\u00e9complex\u00e9 et constructif, a rayonn\u00e9 de toute [&hellip;]<\/p>\n","protected":false},"author":1,"featured_media":3215,"comment_status":"closed","ping_status":"closed","sticky":false,"template":"","format":"standard","meta":{"footnotes":""},"categories":[5,6,7,8],"tags":[],"class_list":["post-3735","post","type-post","status-publish","format-standard","has-post-thumbnail","hentry","category-immigration","category-maghreb","category-monde","category-numero-du-mois"],"_links":{"self":[{"href":"https:\/\/maroc-canada.ca\/index.php?rest_route=\/wp\/v2\/posts\/3735","targetHints":{"allow":["GET"]}}],"collection":[{"href":"https:\/\/maroc-canada.ca\/index.php?rest_route=\/wp\/v2\/posts"}],"about":[{"href":"https:\/\/maroc-canada.ca\/index.php?rest_route=\/wp\/v2\/types\/post"}],"author":[{"embeddable":true,"href":"https:\/\/maroc-canada.ca\/index.php?rest_route=\/wp\/v2\/users\/1"}],"replies":[{"embeddable":true,"href":"https:\/\/maroc-canada.ca\/index.php?rest_route=%2Fwp%2Fv2%2Fcomments&post=3735"}],"version-history":[{"count":1,"href":"https:\/\/maroc-canada.ca\/index.php?rest_route=\/wp\/v2\/posts\/3735\/revisions"}],"predecessor-version":[{"id":3737,"href":"https:\/\/maroc-canada.ca\/index.php?rest_route=\/wp\/v2\/posts\/3735\/revisions\/3737"}],"wp:featuredmedia":[{"embeddable":true,"href":"https:\/\/maroc-canada.ca\/index.php?rest_route=\/wp\/v2\/media\/3215"}],"wp:attachment":[{"href":"https:\/\/maroc-canada.ca\/index.php?rest_route=%2Fwp%2Fv2%2Fmedia&parent=3735"}],"wp:term":[{"taxonomy":"category","embeddable":true,"href":"https:\/\/maroc-canada.ca\/index.php?rest_route=%2Fwp%2Fv2%2Fcategories&post=3735"},{"taxonomy":"post_tag","embeddable":true,"href":"https:\/\/maroc-canada.ca\/index.php?rest_route=%2Fwp%2Fv2%2Ftags&post=3735"}],"curies":[{"name":"wp","href":"https:\/\/api.w.org\/{rel}","templated":true}]}}