{"id":3739,"date":"2017-12-07T21:56:59","date_gmt":"2017-12-08T02:56:59","guid":{"rendered":"http:\/\/maghreb-canada.ca\/?p=3739"},"modified":"2017-12-07T21:58:01","modified_gmt":"2017-12-08T02:58:01","slug":"3739","status":"publish","type":"post","link":"https:\/\/maroc-canada.ca\/?p=3739","title":{"rendered":"Moyen-Orient : Et Donald Trump abattit l\u2019arbre qui cachait le bobo !"},"content":{"rendered":"<p style=\"text-align: justify;\">Comme pr\u00e9vu, le Pr\u00e9sident am\u00e9ricain Donald Trump a annonc\u00e9, ce 06 d\u00e9cembre 2017, la reconnaissance officielle par les \u00c9tats-Unis de la ville d&rsquo;Al Qods comme capitale d&rsquo;Isra\u00ebl, rompant avec la politique suivie depuis plus de sept d\u00e9cennies par ses pr\u00e9d\u00e9cesseurs r\u00e9publicains et d\u00e9mocrates sur la question du statut de la Ville Sainte. Cette d\u00e9cision grave, et qui sera lourde de cons\u00e9quences sur la paix et la stabilit\u00e9 r\u00e9gionales, marque une rupture totale et spectaculaire avec des dizaines d&rsquo;ann\u00e9es de diplomatie am\u00e9ricaine et, surtout a soulev\u00e9 un tsunami de condamnations au sein de la communaut\u00e9 internationale dans son ensemble&#8230; except\u00e9 Isra\u00ebl.<\/p>\n<p style=\"text-align: justify;\">Ce choix politico-diplomatique , qui fait craindre un embrasement de la r\u00e9gion et la survenance de troubles un peu partout dans le monde, a suscit\u00e9 une vague de condamnations au sein de la communaut\u00e9 internationale, dont voici les principales r\u00e9actions :<\/p>\n<p style=\"text-align: justify;\">1\/ le Pr\u00e9sident palestinien, Mahmoud Abbas a affirm\u00e9 que les \u00c9tats-Unis ne pouvaient plus jouer leur r\u00f4le historique d&rsquo;interm\u00e9diaire de la paix avec les Isra\u00e9liens et \u00ab\u00a0sapent d\u00e9lib\u00e9r\u00e9ment tous les efforts de paix\u00a0\u00bb;<\/p>\n<p style=\"text-align: justify;\">2\/ le Secr\u00e9taire G\u00e9n\u00e9ral de l&rsquo;Organisation des Nations Unies (ONU), M. Antonio Gutterez, a soulign\u00e9 qu&rsquo;il n&rsquo;y a pas d&rsquo;alternative \u00e0 la solution \u00e0 deux \u00c9tats et que J\u00e9rusalem est une question qui rel\u00e8ve du \u00ab\u00a0statut final\u00a0\u00bb, qui doit \u00eatre r\u00e9solue \u00e0 travers des n\u00e9gociations directes tenant compte des \u00ab\u00a0pr\u00e9occupations des parties palestinienne et isra\u00e9lienne. \u00ab\u00a0Il n&rsquo;y a pas d&rsquo;alternative \u00e0 la solution de deux Etats\u00a0\u00bb avec \u00ab\u00a0J\u00e9rusalem comme capitale d&rsquo;Isra\u00ebl et de la Palestine\u00a0\u00bb, a t&rsquo;il affirm\u00e9;<\/p>\n<p style=\"text-align: justify;\">3\/ le Pape a, pour sa part d\u00e9clar\u00e9, \u00ab\u00a0Je ne peux taire ma profonde inqui\u00e9tude et j&rsquo;adresse un appel vibrant pour que tous s&rsquo;engagent \u00e0 respecter le statu quo de la ville, en conformit\u00e9 avec les r\u00e9solutions pertinentes de l&rsquo;ONU\u00a0\u00bb, tout en exaltant \u00ab\u00a0sagesse et prudence\u00a0\u00bb devant le risque d&rsquo;ajouter aux convulsions mondiales.<br \/>\nA noter que le Pape Fran\u00e7ois, venu \u00e0 J\u00e9rusalem en 2014 lors d&rsquo;une visite charg\u00e9e de symboles, ne peut qu&rsquo;accorder un int\u00e9r\u00eat tout particulier \u00e0 la ville qui abrite les lieux les plus Saints de trois grandes religions monoth\u00e9istes, y compris le Saint-S\u00e9pulcre;<\/p>\n<p style=\"text-align: justify;\">4\/ l&rsquo;Union Europ\u00e9enne, par la voix de sa Cheffe de la diplomatie, Mme Frederica Mogherini, a exprim\u00e9 ses s\u00e9rieuses pr\u00e9occupations au sujet de cette annonce \u00e0 propos de J\u00e9rusalem et des r\u00e9percussions que cela peut avoir sur la perspective paix entre la Palestine et Isra\u00ebl et dans la r\u00e9gion. L&rsquo;UE et ses \u00c9tats membres continueront de respecter le consensus international sur J\u00e9rusalem inscrit, entre autres, dans la r\u00e9solution 478 du Conseil de S\u00e9curit\u00e9 des Nations Unies, y compris sur la localisation de leurs repr\u00e9sentations diplomatiques jusqu&rsquo;\u00e0 r\u00e9solution du statut d\u00e9finitif d&rsquo;Al Qods.<\/p>\n<p style=\"text-align: justify;\">5\/ le Roi Mohammed VI du Maroc, Pr\u00e9sident du Comit\u00e9 Al-Qods issu de l&rsquo;Organisation de la Coop\u00e9ration Islamique, a, pour sa part, adress\u00e9 un message au Secr\u00e9taire G\u00e9n\u00e9ral de l\u2019ONU, Antonio Guterres, dans lequel il fait part de son inqui\u00e9tude et de sa pr\u00e9occupation, suite \u00e0 la d\u00e9cision du Pr\u00e9sident Trump de reconna\u00eetre Al Qods comme capitale d\u2019Isra\u00ebl et d\u2019y transf\u00e9rer son ambassade.<\/p>\n<p style=\"text-align: justify;\">D&rsquo;autres r\u00e9actions ont commenc\u00e9 \u00e0 pleuvoir au moment o\u00f9 nous sommes en train de boucler cette \u00e9dition. Parmi elles on notera celle :<\/p>\n<ul style=\"text-align: justify;\">\n<li>de la Chanceli\u00e8re Allemande, Angela Merkel, qui a d\u00e9clar\u00e9 que son gouvernement ne soutenait pas la d\u00e9cision du Pr\u00e9sident am\u00e9ricain, Donald Trump, de reconna\u00eetre J\u00e9rusalem comme capitale d&rsquo;Isra\u00ebl,<\/li>\n<li>du Pr\u00e9sident fran\u00e7ais, Emmanuel Macron, qui a qualifi\u00e9 de \u00ab\u00a0regrettable\u00a0\u00bb la d\u00e9cision de Trump de reconna\u00eetre J\u00e9rusalem capitale d&rsquo;Isra\u00ebl, et appel\u00e9 \u00e0 \u00ab\u00a0\u00e9viter \u00e0 tout prix les violences\u00a0\u00bb,<\/li>\n<li>de la Premi\u00e8re Ministre britannique, Theresa May, qui a indiqu\u00e9 que le Royaume-Uni n&rsquo;est \u00ab\u00a0pas d&rsquo;accord\u00a0\u00bb avec la d\u00e9cision du Pr\u00e9sident am\u00e9ricain de reconna\u00eetre J\u00e9rusalem comme capitale de l&rsquo;Etat d&rsquo;Isra\u00ebl, qui n&rsquo;est \u00ab\u00a0d&rsquo;aucune aide\u00a0\u00bb pour le processus de paix avec les Palestiniens,<\/li>\n<li>de l&rsquo;Italie pour qui le statut de J\u00e9rusalem doit \u00eatre \u00ab\u00a0d\u00e9fini dans le cadre d&rsquo;un processus de paix\u00a0\u00bb,<\/li>\n<li>du Canada qui appelle \u00ab\u00a0au calme\u00a0\u00bb;<\/li>\n<li>du Liban qui \u00ab\u00a0rejette et d\u00e9nonce cette d\u00e9cision\u00a0\u00bb;<\/li>\n<li>de la Syrie qui soutient \u00ab\u00a0ceux qui sont loyaux \u00e0 la cause palestinienne\u00a0\u00bb;<\/li>\n<li>de la Tunisie qui se d\u00e9clare \u00ab\u00a0profond\u00e9ment pr\u00e9occup\u00e9e et d\u00e9nonce \u00ab\u00a0une atteinte primordiale au statut juridique et historique de la ville et une violation des d\u00e9cisions de l&rsquo; ONU\u00a0\u00bb. \u00ab\u00a0Cette d\u00e9cision pousse \u00e0 plus de tensions et repr\u00e9sente une provocation pour les sentiments des arabes et des musulmans\u00a0\u00bb;<\/li>\n<\/ul>\n<p style=\"text-align: justify;\">(&#8230;) Trump, en proclamant J\u00e9rusalem capitale d&rsquo;Isra\u00ebl aurait donn\u00e9 du tonus aux groupes terroristes qui s\u00e9vissent de par le monde et pourrait ainsi nourrir \u00ab\u00a0le fanatisme et la violence\u00a0\u00bb. Ceci sans oublier que par cette d\u00e9cision irresponsable, le Chef de la Maison Blanche vient de r\u00e9ussir la disqualification de son pays dans le r\u00f4le de m\u00e9diateurs entre la Palestine et Isra\u00ebl.<\/p>\n<p style=\"text-align: right;\"><i>Par Farid Mnebhi<\/i>.<\/p>\n<p style=\"text-align: justify;\"><b>NDLR <\/b>: <i>Il semble que, sur l\u2019\u00e9chiquier politique international, la Russie soit en voie de bien placer ses \u2018\u2019chevaux\u2019\u2019 dans la case syrienne ainsi que ses \u2018\u2019tours\u2019\u2019 dans celle iranienne. Et les gesticulations maladroites d\u2019un \u2018\u2019fou\u2019\u2019 am\u00e9ricain seraient en train de griller les derniers pions des \u00c9tats-Unis dans la r\u00e9gion; provoquant de larges br\u00e8ches par lesquelles M. Poutine pourrait r\u00e9cup\u00e9rer tous les m\u00e9contents. Aussi, si apr\u00e8s la guerre froide, la Russie irait de l\u2019avant avec sa guerre -revanche, apr\u00e8s la chute du Mur de Berlin, elle n\u2019aurait aucune difficult\u00e9 \u00e0 recruter ses soldats.\u00a0 Ceci bien-s\u00fbr sans oublier l\u2019eau chinoise<\/i><i> qui ne dort que d\u2019un \u0153il; l\u2019autre \u0153il couvant de pr\u00e8s leur propre \u2018\u2019fou\u2019\u2019 en train de gesticuler \u00e0 l\u2019autre bout de l\u2019\u00e9chiquier.<\/i><\/p>\n<p style=\"text-align: justify;\"><i>Bonne ann\u00e9e \u00e0 toutes et \u00e0 tous, une ann\u00e9e sans fum\u00e9e de poudre ni \u00e9clats de bombes.; une ann\u00e9e qui nous donnera l\u2019espoir de voir un jour nos petits enfants vivre , enfin, la Paix <\/i><\/p>\n<p><i>Abderrahman El Fouladi<\/i>, Maghreb Canada Express, page 3, <i>Vol. XV, N\u00b0 12, D\u00c9CEMBRE 2017<br \/>\n<\/i><\/p>\n<p>Pour lire l&rsquo;\u00e9dition du mois de d\u00e9cembre 2017, cliquer sur l&rsquo;image:<\/p>\n<p>&nbsp;<\/p>\n<div class=\"column\">\n<div><a href=\"http:\/\/www.maghreb-canada.ca\/journal\/2017\/MCE174-12-2017.pdf\" target=\"_blank\" rel=\"nofollow\"><img loading=\"lazy\" decoding=\"async\" class=\"book-picture alignleft\" src=\"http:\/\/www.maghreb-canada.ca\/journal\/2017\/n174.jpg\" alt=\"\" width=\"200\" height=\"280\" \/><\/a><\/div>\n<\/div>\n<p>&nbsp;<\/p>\n<p>&nbsp;<\/p>\n","protected":false},"excerpt":{"rendered":"<p>Comme pr\u00e9vu, le Pr\u00e9sident am\u00e9ricain Donald Trump a annonc\u00e9, ce 06 d\u00e9cembre 2017, la reconnaissance officielle par les \u00c9tats-Unis de la ville d&rsquo;Al Qods comme capitale d&rsquo;Isra\u00ebl, rompant avec la politique suivie depuis plus de sept d\u00e9cennies par ses pr\u00e9d\u00e9cesseurs r\u00e9publicains et d\u00e9mocrates sur la question du statut de la Ville Sainte. Cette d\u00e9cision grave, [&hellip;]<\/p>\n","protected":false},"author":1,"featured_media":0,"comment_status":"closed","ping_status":"closed","sticky":false,"template":"","format":"standard","meta":{"footnotes":""},"categories":[7,8],"tags":[],"class_list":["post-3739","post","type-post","status-publish","format-standard","hentry","category-monde","category-numero-du-mois"],"_links":{"self":[{"href":"https:\/\/maroc-canada.ca\/index.php?rest_route=\/wp\/v2\/posts\/3739","targetHints":{"allow":["GET"]}}],"collection":[{"href":"https:\/\/maroc-canada.ca\/index.php?rest_route=\/wp\/v2\/posts"}],"about":[{"href":"https:\/\/maroc-canada.ca\/index.php?rest_route=\/wp\/v2\/types\/post"}],"author":[{"embeddable":true,"href":"https:\/\/maroc-canada.ca\/index.php?rest_route=\/wp\/v2\/users\/1"}],"replies":[{"embeddable":true,"href":"https:\/\/maroc-canada.ca\/index.php?rest_route=%2Fwp%2Fv2%2Fcomments&post=3739"}],"version-history":[{"count":2,"href":"https:\/\/maroc-canada.ca\/index.php?rest_route=\/wp\/v2\/posts\/3739\/revisions"}],"predecessor-version":[{"id":3742,"href":"https:\/\/maroc-canada.ca\/index.php?rest_route=\/wp\/v2\/posts\/3739\/revisions\/3742"}],"wp:attachment":[{"href":"https:\/\/maroc-canada.ca\/index.php?rest_route=%2Fwp%2Fv2%2Fmedia&parent=3739"}],"wp:term":[{"taxonomy":"category","embeddable":true,"href":"https:\/\/maroc-canada.ca\/index.php?rest_route=%2Fwp%2Fv2%2Fcategories&post=3739"},{"taxonomy":"post_tag","embeddable":true,"href":"https:\/\/maroc-canada.ca\/index.php?rest_route=%2Fwp%2Fv2%2Ftags&post=3739"}],"curies":[{"name":"wp","href":"https:\/\/api.w.org\/{rel}","templated":true}]}}