{"id":3743,"date":"2017-12-06T22:11:05","date_gmt":"2017-12-07T03:11:05","guid":{"rendered":"http:\/\/maghreb-canada.ca\/?p=3743"},"modified":"2017-12-07T22:17:08","modified_gmt":"2017-12-08T03:17:08","slug":"maghreb-un-autre-canadien-chef-de-la-minurso","status":"publish","type":"post","link":"https:\/\/maroc-canada.ca\/?p=3743","title":{"rendered":"Maghreb : Un (autre) canadien chef de la MINURSO"},"content":{"rendered":"<p style=\"text-align: justify;\"><a href=\"http:\/\/maroc-canada.ca\/wp-content\/uploads\/2017\/12\/stuard.jpg\"><img loading=\"lazy\" decoding=\"async\" class=\"alignleft size-full wp-image-3744\" src=\"http:\/\/maroc-canada.ca\/wp-content\/uploads\/2017\/12\/stuard.jpg\" alt=\"stuard\" width=\"200\" height=\"222\" \/><\/a>Le 1er d\u00e9cembre courant, le Secr\u00e9taire g\u00e9n\u00e9ral de l\u2019Organisation des Nations Unies, M. Ant\u00f3nio Guterres, a nomm\u00e9 officiellement le canadien M. Colin Stewart comme son Repr\u00e9sentant sp\u00e9cial pour le Sahara occidental et Chef de la Mission des Nations Unies pour l\u2019organisation d\u2019un r\u00e9f\u00e9rendum au Sahara Occidental (MINURSO).<\/p>\n<p style=\"text-align: justify;\">Conform\u00e9ment \u00e0 cette d\u00e9cision, la canadienne Mme Kim Bolduc, dont le mandat \u00e0 la t\u00eate de la MINURSO a expir\u00e9 le 22 novembre 2017, est invit\u00e9e \u00e0 c\u00e9der les commandes \u00e0 son compatriote, M Colin Stewart.<\/p>\n<p style=\"text-align: justify;\">Mme Bolduc avait succ\u00e9d\u00e9, en 2014, \u00e0 l\u2019allemand, M Wolfgang Weisbrod-Weber qui \u00e9tait Repr\u00e9sentant sp\u00e9cial du Secr\u00e9taire g\u00e9n\u00e9ral des Nations Unies pour le Sahara occidental et Chef de la MINURSO, de 2012 \u00e0 2014.<\/p>\n<p style=\"text-align: justify;\">N\u00e9 en 1961, M Stewart est un diplomate canadien titulaire d\u2019une licence de l\u2019Universit\u00e9 Laval de la ville de Qu\u00e9bec au Canada. En sa qualit\u00e9 de membre du corps diplomatique canadien (1990-1997), il a assum\u00e9 les fonctions de porte-parole du minist\u00e8re canadien des affaires \u00e9trang\u00e8res. M Stewart a cumul\u00e9 une bonne exp\u00e9rience sur le terrain en tant que consultant ind\u00e9pendant dans le domaine des \u00e9lections et du d\u00e9veloppement d\u00e9mocratique. Ses comp\u00e9tences av\u00e9r\u00e9es, cumul\u00e9es gr\u00e2ce \u00e0 25 ans d\u2019exp\u00e9rience dans le domaine de la paix, de la s\u00e9curit\u00e9 et des affaires internationales lui ont permis d\u2019occuper plusieurs postes de responsabilit\u00e9 au sein de l\u2019Organisation des Nations Unies( ONU)<\/p>\n<p style=\"text-align: justify;\">Ainsi, de 1999 \u00e0 2004, il a travaill\u00e9 \u00e0 la mission de l\u2019ONU au Timor oriental ( MINUTO), \u00e0 l\u2019administration transitoire de l\u2019ONU au Timor oriental (ATNUTO) et \u00e0 la mission d\u2019appui de l\u2019ONU au Timor oriental ( MANUTO). De 2004 \u00e0 2006, M. Stewart a repr\u00e9sent\u00e9 la Fondation Carter( Carter Center) en Cisjordanie et en R\u00e9publique D\u00e9mocratique du Congo ( RDC). De 2007 \u00e0 2009, il a occup\u00e9 le poste de Chef de cabinet par int\u00e9rim et Chef des affaires politiques \u00e0 la mission int\u00e9gr\u00e9e des NU au Timor oriental ( MINUT). Plus r\u00e9cemment, M Stewart a assum\u00e9 les fonctions de Directeur-adjoint et Chef de cabinet du Chef du Bureau des Nations Unies aupr\u00e8s de l\u2019Union Africaine \u00e0 Addis-Abeba (BNUUA).<\/p>\n<p style=\"text-align: justify;\">Il est \u00e0 rappeler que la MINURSO a \u00e9t\u00e9 cr\u00e9\u00e9e par la r\u00e9solution 690 adopt\u00e9e par le Conseil de S\u00e9curit\u00e9, le 29 avril 1991, suite \u00e0 l\u2019acceptation par le Royaume du Maroc et le front \u00ab\u00a0polisario\u00a0\u00bb des propositions de r\u00e8glement, le 30 ao\u00fbt 1988 .Elle figure parmi les 15 missions onusiennes de maintien de paix dans le monde, toujours en cours. Son mandat, qui a \u00e9t\u00e9 bien pr\u00e9cis\u00e9 et d\u00e9fini par la r\u00e9solution susmentionn\u00e9e du Conseil de S\u00e9curit\u00e9, est un mandat classique fond\u00e9 sur le consentement des parties. Domin\u00e9e par la composante militaire, l\u2019\u00e9quipe de la MINURSO est encadr\u00e9e par son Chef qui est aussi le Repr\u00e9sentant sp\u00e9cial du Secr\u00e9taire G\u00e9n\u00e9ral des NU pour le Sahara occidental et le commandant des forces arm\u00e9es de la MINURSO. Au 15 mars 2O17, la composante militaire de la MINURSO comptait 244 membres alors que la composante \u00ab\u00a0police civile\u00a0\u00bb n\u2019\u00e9tait constitu\u00e9e que de deux membres.<\/p>\n<p style=\"text-align: justify;\">Par ailleurs, Il convient de pr\u00e9ciser que le quartier g\u00e9n\u00e9ral de la MINURSO se trouve dans la ville de La\u00e2youne. Depuis le 19 octobre 1988, le poste de Repr\u00e9sentant sp\u00e9cial du SG des NU pour le Sahara occidental a \u00e9t\u00e9 occup\u00e9 par 13 hauts responsables onusiens repr\u00e9sentant 11 nationalit\u00e9s diff\u00e9rentes, dont deux am\u00e9ricains et deux canadiens. La nomination de\u00a0\u00a0 M.Stewart se diff\u00e9rencie de plusieurs nominations ant\u00e9rieures car, c\u2019est la deuxi\u00e8me fois qu\u2019un(e) Repr\u00e9sentant(e) sp\u00e9cial(2) du Secr\u00e9taire g\u00e9n\u00e9ral des NU pour le Sahara occidental c\u00e8de la place \u00e0 un compatriote. Ce cas de figure s\u2019est produit en 2001 lorsque l\u2019am\u00e9ricain M William Lacy Swing a \u00e9t\u00e9 nomm\u00e9 Repr\u00e9sentant sp\u00e9cial du SG pour le Sahara occidental et Chef de la MINURSO \u00e0 la place de son compatriote M William Eagleton, qui a occup\u00e9 ce poste, de 1999 \u00e0 2001.<\/p>\n<p style=\"text-align: justify;\">Avant la nomination de M. Stewart, le Secr\u00e9taire G\u00e9n\u00e9ral des Nations Unies a nomm\u00e9, le 8 ao\u00fbt 2017, l\u2019allemand Horst K\u00f6hler, au poste de l\u2019Envoy\u00e9 personnel du Secr\u00e9taire G\u00e9n\u00e9ral des Nations Unies pour le Sahara occidental, \u00e0 la place du diplomate am\u00e9ricain Christopher Ross qui a remis, quelques mois avant, sa d\u00e9mission de ce poste au terme d\u2019un mandat qui a dur\u00e9 un peu plus de 8 ans ( janvier 2009 \u2013 mars 2O17). M K\u00f6hler est le quatri\u00e8me Envoy\u00e9 personnel du Secr\u00e9taire G\u00e9n\u00e9ral apr\u00e8s les deux am\u00e9ricains, James Baker et Christopher Ross, et le n\u00e9erlandais M. Peter Van Walsum.<\/p>\n<p style=\"text-align: justify;\">2009, Horst K\u00f6hler a \u00e9t\u00e9 \u00e9lu pr\u00e9sident de la R\u00e9publique f\u00e9d\u00e9rale d\u2019Allemagne pour deux mandats successifs au nom du Parti de l\u2019Union chr\u00e9tienne-d\u00e9mocrate &#8211; CDU, dirig\u00e9 par la Chanceli\u00e8re allemande, Mme Angela Merkel. Un premier mandat de cinq ans (2004-2OO9), puis un second mandat (2009-2014), suite \u00e0 sa r\u00e9\u00e9lection le 23 mai 2009. Un deuxi\u00e8me mandat qu\u2019il n\u2019a pas pu terminer \u00e0 cause d\u2019une d\u00e9claration tr\u00e8s controvers\u00e9e qu\u2019il a faite sur l\u2019utilit\u00e9 de l\u2019action militaire de son pays \u00e0 l\u2019\u00e9tranger pour ses int\u00e9r\u00eats \u00e9conomiques. Laquelle d\u00e9claration a d\u00e9clench\u00e9, \u00e0 l\u2019\u00e9poque, un toll\u00e9 g\u00e9n\u00e9ral en Allemagne. Ce qui a oblig\u00e9 M. K\u00f6hler \u00e0 pr\u00e9senter sa d\u00e9mission, le 31 mai 2010. M K\u00f6hler fut aussi Directeur g\u00e9n\u00e9ral du Fonds Mon\u00e9taire International (FMI), de 2000 \u00e0 2004.<\/p>\n<p style=\"text-align: justify;\">Avec le d\u00e9part de M. Ross et de Mme Bolduc, les directions des deux \u00e9quipes onusiennes charg\u00e9es de la m\u00e9diation et de la gestion de la question du Sahara ont \u00e9t\u00e9 renouvel\u00e9es. S\u2019agit-il d\u2019un simple changement de personnes, un changement pour le changement, ou un changement dict\u00e9 par une nouvelle strat\u00e9gie de l\u2019ONU concernant le traitement et la gestion de la question dite du Sahara occidental\u00a0? Une question tr\u00e8s sensible et que le peuple marocain, dans sa totalit\u00e9, consid\u00e8re comme la priorit\u00e9 des priorit\u00e9s et une ligne rouge. Les premi\u00e8res initiatives et les premi\u00e8res d\u00e9cisions qui vont \u00eatre prises par ces deux nouveaux hauts responsables onusiens vont nous permettre de disposer des \u00e9l\u00e9ments que requiert une appr\u00e9ciation objective des objectifs r\u00e9ellement recherch\u00e9s par les strat\u00e8ges de l\u2019Organisation des Nations Unies.<\/p>\n<p style=\"text-align: justify;\">Par A. Saber, Maghreb Canada Express, page 4, <i>Vol. XV, N\u00b0 12, D\u00c9CEMBRE 2017<br \/>\n<\/i><\/p>\n<p style=\"text-align: justify;\">Pour lire l\u2019\u00e9dition du mois de d\u00e9cembre 2017, cliquer sur l\u2019image:<\/p>\n<div class=\"column\" style=\"text-align: justify;\">\n<div><a href=\"http:\/\/www.maghreb-canada.ca\/journal\/2017\/MCE174-12-2017.pdf\" target=\"_blank\" rel=\"nofollow\"><img loading=\"lazy\" decoding=\"async\" class=\"book-picture alignleft\" src=\"http:\/\/www.maghreb-canada.ca\/journal\/2017\/n174.jpg\" alt=\"\" width=\"200\" height=\"280\" \/><\/a><\/div>\n<\/div>\n<p style=\"text-align: justify;\">\n<p>&nbsp;<\/p>\n","protected":false},"excerpt":{"rendered":"<p>Le 1er d\u00e9cembre courant, le Secr\u00e9taire g\u00e9n\u00e9ral de l\u2019Organisation des Nations Unies, M. Ant\u00f3nio Guterres, a nomm\u00e9 officiellement le canadien M. Colin Stewart comme son Repr\u00e9sentant sp\u00e9cial pour le Sahara occidental et Chef de la Mission des Nations Unies pour l\u2019organisation d\u2019un r\u00e9f\u00e9rendum au Sahara Occidental (MINURSO). Conform\u00e9ment \u00e0 cette d\u00e9cision, la canadienne Mme Kim [&hellip;]<\/p>\n","protected":false},"author":1,"featured_media":0,"comment_status":"closed","ping_status":"closed","sticky":false,"template":"","format":"standard","meta":{"footnotes":""},"categories":[4,6,7,13],"tags":[],"class_list":["post-3743","post","type-post","status-publish","format-standard","hentry","category-canada","category-maghreb","category-monde","category-tribune-libre"],"_links":{"self":[{"href":"https:\/\/maroc-canada.ca\/index.php?rest_route=\/wp\/v2\/posts\/3743","targetHints":{"allow":["GET"]}}],"collection":[{"href":"https:\/\/maroc-canada.ca\/index.php?rest_route=\/wp\/v2\/posts"}],"about":[{"href":"https:\/\/maroc-canada.ca\/index.php?rest_route=\/wp\/v2\/types\/post"}],"author":[{"embeddable":true,"href":"https:\/\/maroc-canada.ca\/index.php?rest_route=\/wp\/v2\/users\/1"}],"replies":[{"embeddable":true,"href":"https:\/\/maroc-canada.ca\/index.php?rest_route=%2Fwp%2Fv2%2Fcomments&post=3743"}],"version-history":[{"count":1,"href":"https:\/\/maroc-canada.ca\/index.php?rest_route=\/wp\/v2\/posts\/3743\/revisions"}],"predecessor-version":[{"id":3745,"href":"https:\/\/maroc-canada.ca\/index.php?rest_route=\/wp\/v2\/posts\/3743\/revisions\/3745"}],"wp:attachment":[{"href":"https:\/\/maroc-canada.ca\/index.php?rest_route=%2Fwp%2Fv2%2Fmedia&parent=3743"}],"wp:term":[{"taxonomy":"category","embeddable":true,"href":"https:\/\/maroc-canada.ca\/index.php?rest_route=%2Fwp%2Fv2%2Fcategories&post=3743"},{"taxonomy":"post_tag","embeddable":true,"href":"https:\/\/maroc-canada.ca\/index.php?rest_route=%2Fwp%2Fv2%2Ftags&post=3743"}],"curies":[{"name":"wp","href":"https:\/\/api.w.org\/{rel}","templated":true}]}}