{"id":3746,"date":"2017-12-06T22:23:06","date_gmt":"2017-12-07T03:23:06","guid":{"rendered":"http:\/\/maghreb-canada.ca\/?p=3746"},"modified":"2017-12-07T22:27:04","modified_gmt":"2017-12-08T03:27:04","slug":"maroc-valse-des-chefs-des-partis-politiques-a-qui-le-tour-apres-chabat-et-benkirane","status":"publish","type":"post","link":"https:\/\/maroc-canada.ca\/?p=3746","title":{"rendered":"Maroc : Valse des chefs des partis politiques. \u00c0 qui le tour apr\u00e8s Chabat et Benkirane ?"},"content":{"rendered":"<p style=\"text-align: justify;\">R\u00e9uni \u00e0 Sal\u00e9, les 25 et 26 novembre 2017, le Conseil national du parti de la Justice et du D\u00e9veloppement ( PJD) a vot\u00e9 contre le projet d\u2019amendement de l\u2019article 16 du statut du parti .Le \u00ab\u00a0parlement\u00a0\u00bb du \u00ab\u00a0PJD\u00a0\u00bb a rejet\u00e9 ledit projet par 126 voix, contre 101 voix favorables et quatre (4) bulletins annul\u00e9s. Il faut pr\u00e9ciser que le projet d\u2019amendement de l\u2019article 16 du statut devrait permettre au secr\u00e9taire g\u00e9n\u00e9ral sortant, M Abdelilah Benkirane, de briguer un troisi\u00e8me mandat. Il convient aussi de rappeler que l\u2019article 16, fixe \u00e0 deux, le nombre maximum des mandats d\u2019un secr\u00e9taire g\u00e9n\u00e9ral. Ce qui signifie que Benkirane, dont le deuxi\u00e8me mandat \u00e0 la t\u00eate du \u00ab\u00a0PJD\u00a0\u00bb devait normalement expirer, avant le 16 juillet 2016, puisque le statut du parti limite, \u00e0 4 ans, le mandat du secr\u00e9taire g\u00e9n\u00e9ral. Elu pour un premier mandat, le 20 juillet 2008, Benkirane a \u00e9t\u00e9 r\u00e9\u00e9lu, le 16 juillet 2012, pour un second mandat \u00e0 la t\u00eate du secr\u00e9tariat g\u00e9n\u00e9ral du \u00ab\u00a0PJD\u00a0\u00bb.<\/p>\n<h2 style=\"text-align: justify;\"><b>Un PJD divis\u00e9 ?<br \/>\n<\/b><\/h2>\n<p style=\"text-align: justify;\">\u00a0Le score \u00e9triqu\u00e9 ayant sanctionn\u00e9 le vote du 26 novembre 2017 corrobore l\u2019id\u00e9e, qui circule depuis un bon moment, sur l\u2019existence au sein du \u00ab\u00a0PJD\u00a0\u00bb de deux clans antagoniques \u00e0 savoir le clan de Benkirane et le clan minist\u00e9riel, men\u00e9 par Mustapha Ramid et Aziz Rebbah, respectivement ministre d\u2019Etat charg\u00e9 des droits de l\u2019Homme et ministre de l\u2019\u00e9nergie, des mines et du d\u00e9veloppement durable. Une id\u00e9e que presque tous les membres du parti ont essay\u00e9 vainement de dissimuler.<\/p>\n<p style=\"text-align: justify;\">Lors de la m\u00eame r\u00e9union, le conseil national du \u00ab PJD\u00a0\u00bb a vot\u00e9 contre un projet d\u2019amendement de l\u2019article 37 du statut du parti. Cet amendement avait pour but d\u2019emp\u00eacher les ministres en exercice de si\u00e9ger au secr\u00e9tariat g\u00e9n\u00e9ral. Ainsi, Benkirane et son clan ont essuy\u00e9 deux \u00e9checs cuisants \u00e0 quelques minutes d\u2019intervalle, seulement. Le \u00ab clan minist\u00e9riel\u00a0\u00bb qui a gagn\u00e9 deux batailles, le m\u00eame jour, sera-t-il en mesure de gagner la guerre\u00a0?? Le prochain congr\u00e8s national du parti de la lampe, qui se tiendra les 9 et 10 d\u00e9cembre 2017, pourrait livrer une premi\u00e8re r\u00e9ponse \u00e0 cette question.<\/p>\n<p style=\"text-align: justify;\">Par cons\u00e9quent, en moins de 8 mois, Benkirane a re\u00e7u deux coups de grande envergue. En mars 2017, le Roi a mis fin \u00e0 la mission de Benkirane \u00e0 la t\u00eate de l\u2019Ex\u00e9cutif marocain, apr\u00e8s 5 mois de n\u00e9gociations infructueuses pour la formation du nouveau gouvernement, qui devrait voir le jour apr\u00e8s les \u00e9lections l\u00e9gislatives du 7 octobre 2016, remport\u00e9es par le \u00ab\u00a0PJD\u00a0\u00bb. Le 26 novembre 2017, Abdelilah Benkirane et son clan n\u2019ont pas pu faire passer deux projets d\u2019amendements du statut qui devraient permettre \u00e0 M Benkirane de rempiler pour un troisi\u00e8me mandat et d\u2019emp\u00eacher les ministres en exercice de si\u00e9ger au secr\u00e9tariat g\u00e9n\u00e9ral.<\/p>\n<h2 style=\"text-align: justify;\"><b>Benkirane sacrifi\u00e9 pour sauver le PJD ?<\/b><\/h2>\n<p style=\"text-align: justify;\">Benkirane est certes un dirigeant charismatique, un populiste, un bon communicateur qui utilise un langage simple, un mobilisateur et un des caciques du \u00ab\u00a0PJD\u00a0\u00bb. En m\u00eame temps, c\u2019est une personne qui cherche toujours \u00e0 faire de sa spontan\u00e9it\u00e9 et sa sinc\u00e9rit\u00e9 un \u00ab\u00a0fourre tout\u00a0\u00bb pour justifier ses erreurs, ses b\u00e9vues et ses sorties m\u00e9diatiques, parfois mal calcul\u00e9es. Il a toujours eu une pr\u00e9f\u00e9rence pour la conduite en cavalier seul. Sa culte de personnalit\u00e9 et sa tendance \u00e0 confondre les performances de son parti avec sa propre personne, ainsi que ses alliances contre-nature, seraient parmi les principales causes qui auraient pouss\u00e9 certains membres du \u00ab\u00a0PJD\u00a0\u00bb \u00e0 \u00ab\u00a0tourner la page Benkirane\u00a0\u00bb.<\/p>\n<p style=\"text-align: justify;\">Il parait, aussi, que certains membres influents au sein du mouvement de l\u2019unicit\u00e9 et de la r\u00e9forme( MUR), le bras id\u00e9ologique du \u00ab\u00a0PJD\u00a0\u00bb, ont d\u00e9cid\u00e9 de s\u2019opposer au projet de Benkirane car ils ont estim\u00e9 que l\u2019appui de ce dernier serait un pas dangereux qui pourrait mener vers l\u2019\u00e9clatement du parti et l\u2019\u00e9clatement de la coalition gouvernementale dirig\u00e9e par le \u00ab\u00a0PJD\u00a0\u00bb. A cet \u00e9gard, il faut souligner que le \u00ab\u00a0MUR\u00a0\u00bb est une association \u00e0 caract\u00e8re religieux qui op\u00e8re dans le domaine de la bienfaisance. Elle a \u00e9t\u00e9 cr\u00e9\u00e9e, au milieu des ann\u00e9es 90 du si\u00e8cle dernier, \u00e0 l\u2019initiative d\u2019Abdelilah Benkirane et d\u2019Ahmed Raissouni. Il sied aussi de rappeler que le \u00ab\u00a0PJD\u00a0\u00bb est un parti ultra conservateur qui se revendique du r\u00e9f\u00e9rentiel islamique.<\/p>\n<p style=\"text-align: justify;\">Pour le moment, Abdelilah Benkirane occupe le poste de secr\u00e9taire g\u00e9n\u00e9ral du \u00ab\u00a0PJD\u00a0\u00bb. Le 8\u00e8me congr\u00e8s du parti, pr\u00e9vu pour les 9 et 10 d\u00e9cembre 2017, se penchera sur l\u2019\u00e9lection de son successeur. Selon certains membres du parti, il est fort probable que le prochain congr\u00e8s adopte une recommandation visant la cr\u00e9ation d\u2019un conseil de la pr\u00e9sidence, \u00e0 l\u2019instar d\u2019autres partis, dont la direction sera confi\u00e9e \u00e0 Benkirane.<\/p>\n<p style=\"text-align: justify;\">Le 9 octobre 2016, soit deux jours seulement apr\u00e8s les \u00e9lections l\u00e9gislatives du 7 octobre, M Salaheddine Mezouar, secr\u00e9taire g\u00e9n\u00e9ral du \u00ab\u00a0Rassemblement National des Ind\u00e9pendants( RNI)\u00a0\u00bb a pr\u00e9sent\u00e9 sa d\u00e9mission en pleine r\u00e9union du bureau politique de son parti. Mezouar, qui \u00e9tait, \u00e0 l\u2019\u00e9poque, ministre des affaires \u00e9trang\u00e8res et de la coop\u00e9ration internationale et pr\u00e9sident de la COP 22 dit\u00a0endosser la responsabilit\u00e9 des r\u00e9sultats d\u00e9cevants obtenus lors du scrutin du 7 octobre 2016 et choisir d\u00e9lib\u00e9r\u00e9ment de se retirer en cons\u00e9quence. Le bureau politique du parti de la Colombe a d\u00e9cid\u00e9 de ne pas valider cette d\u00e9mission. Il a pr\u00e9f\u00e9r\u00e9 attendre la nomination par le Roi d\u2019un nouveau chef du gouvernement et l\u2019amorce des tractations pour la formation d\u2019une nouvelle majorit\u00e9 gouvernementale. Il convient de souligner que Mezouar a \u00e9t\u00e9 \u00e9lu secr\u00e9taire g\u00e9n\u00e9ral du \u00ab\u00a0RNI\u00a0\u00bb, le 23 janvier 2010, apr\u00e8s avoir r\u00e9ussi \u00e0 destituer M. Moustapha Mansouri, le successeur d\u2019Ahmed Osman, fondateur du \u00ab\u00a0RNI\u00a0\u00bb. Mansouri qui n\u2019a pu rien faire contre Mezouar et le mouvement r\u00e9formateur qu\u2019il dirigea, a pr\u00e9f\u00e9r\u00e9 s\u2019\u00e9clipser sans trop r\u00e9sister. A cette \u00e9poque, Mezouar occupait le poste de ministre de l\u2019Economie et des Finances sous les couleurs du \u00ab\u00a0RNI\u00a0\u00bb.<\/p>\n<p style=\"text-align: justify;\"><b>RNI : \u2018\u2019Il faut savoir quitter la table&#8230;\u2019\u2019<\/b><\/p>\n<p style=\"text-align: justify;\">Apr\u00e8s presque 6 ann\u00e9es pass\u00e9es \u00e0 la t\u00eate du \u00ab\u00a0RNI\u00a0\u00bb( 2010-2016), Mezouar a pass\u00e9 le t\u00e9moin \u00e0 Aziz Akhannouch sans \u00e9mettre le moindre commentaire, car il n\u2019est pas sans savoir que le\u00a0\u00ab RN\u00a0I\u00bb\u00a0a ses propres sp\u00e9cificit\u00e9s qui le diff\u00e9rencient nettement de plusieurs partis qui meublent le paysage politique marocain. Le 29 octobre 2016, M. Aziz Akhannouch, ministre de l\u2019Agriculture, de la p\u00eache maritime, du d\u00e9veloppement rural et des eaux et for\u00eats a \u00e9t\u00e9 \u00e9lu, sans grande surprise et sans aucune difficult\u00e9, nouveau secr\u00e9taire g\u00e9n\u00e9ral du \u00ab\u00a0RNI\u00a0\u00bb en obtenant 1707 voix sur 1832. La premi\u00e8re mission d\u2019Akhannouch \u00e9tait de n\u00e9gocier avec Benkirane les conditions de participation du \u00ab\u00a0RNI\u00a0\u00bb au nouvel Ex\u00e9cutif. Le \u00ab\u00a0RNI\u00a0\u00bb est un parti de la droite lib\u00e9rale favorable \u00e0 une ouverture accrue sur l\u2019ext\u00e9rieur. Contrairement au parti de l\u2019Istiqlal qui soutient la bourgeoisie nationale, le \u00ab\u00a0RNI\u00a0\u00bb d\u00e9fend les int\u00e9r\u00eats de la bourgeoisie comprador.<\/p>\n<p style=\"text-align: justify;\">Si le changement op\u00e9r\u00e9 au sommet du \u00ab\u00a0RNI\u00a0\u00bb a pass\u00e9 presqu\u2019inaper\u00e7u car tout aurait \u00e9t\u00e9 programm\u00e9 auparavant, le changement \u00e0 la t\u00eate du parti de l\u2019Istiqlal n\u2019\u00e9tait pas une t\u00e2che ais\u00e9e \u00e0 cause de la r\u00e9sistance f\u00e9roce de M.Hamid Chabat et de son clan . Hamid Chabat (ou plus exactement Abdelhamid Chabat) qui \u00ab a voulu tout prendre a fini par tout perdre\u00a0\u00bb.<\/p>\n<h2 style=\"text-align: justify;\"><b>La fin des Ann\u00e9es <\/b><b><i>Chabatiques <\/i><\/b><\/h2>\n<p style=\"text-align: justify;\">D\u00e9put\u00e9 de la ville de F\u00e8s depuis 1997, Chabat a \u00e9t\u00e9 Maire de la m\u00eame ville de 2003 \u00e0 2015.En 2009, il a compris que pour r\u00e9aliser son ambition de s\u2019emparer du poste de secr\u00e9taire g\u00e9n\u00e9ral du parti de l\u2019Istiqlal, il faut commencer par le contr\u00f4le de l\u2019Union G\u00e9n\u00e9rale des Travailleurs du Maroc ( UGTM) , le puissant bras syndical du parti et sa redoutable force de frappe. Le 30 janvier 2009, Chabat a \u00e9t\u00e9 \u00e9lu secr\u00e9taire g\u00e9n\u00e9ral de l\u2019UGTM, un poste cl\u00e9 qu\u2019il a occup\u00e9 jusqu\u2019au 23 septembre 2012. Pour comprendre l\u2019importance de ce poste, il suffit de savoir que l\u2019UGTM contr\u00f4le toutes les structures de l\u2019Istiqlal.<\/p>\n<p style=\"text-align: justify;\">Elu nouveau secr\u00e9taire g\u00e9n\u00e9ral du parti de l\u2019Istiqlal en 2012, Chabat a d\u00fb abandonner son poste \u00e0 la t\u00eate de la centrale syndicale de l\u2019Istiqlal pour pr\u00e9sider aux destin\u00e9es du parti. Conscient de l\u2019importance du poste de secr\u00e9taire g\u00e9n\u00e9ral de l\u2019UGTM, Chabat a tout fait pour que sa succession soit confi\u00e9e \u00e0 M. K\u00e9fi Cherrat, un de ses fid\u00e8les alli\u00e9s. A l\u2019issue des \u00e9lections r\u00e9gionales et communales du 4 septembre 2015, Chabat a \u00e9t\u00e9 \u00e9cart\u00e9 de la pr\u00e9sidence de la Mairie de F\u00e8s, par le \u00ab\u00a0PJD\u00a0\u00bb. La m\u00eame ann\u00e9e, il a perdu la bataille qui devait lui permettre de s\u2019emparer de la pr\u00e9sidence de la r\u00e9gion de F\u00e8s- Mekn\u00e8s au profit de Mohand Laenser, le chef du parti \u00ab\u00a0Mouvement Populaire ( MP)\u00a0\u00bb. La chute libre de l\u2019ex Maire de F\u00e8s continua, puisque deux ans plus tard et plus pr\u00e9cis\u00e9ment le 7 octobre 2017, il a d\u00fb c\u00e9der la pr\u00e9sidence du parti de l\u2019Istiqlal \u00e0 son farouche rival, M Nizar Baraka, qui a pu obtenir 924 voix contre, seulement, 234 pour Hamid Chabat. Le 7 mai 2017, Chabat a perdu sa mainmise indirecte sur l\u2019UGTM. Le nouveau patron de l\u2019UGTM n\u2019est autre que M. Mayara Ena\u00e2ma, qui a \u00e9t\u00e9 fortement soutenu par Hamdi Ould Rachid qui souffle, depuis un bon moment, le froid et le chaud au sein du parti. Il parait que jusqu\u2019\u00e0 pr\u00e9sent, aucun poste du parti ou de sa centrale syndicale ne peuvent \u00eatre attribu\u00e9 sans l\u2019aval de Hamdi Ould Rachid. Signalons, enfin, que l\u2019Istiqlal est un parti conservateur et ultra nationaliste qui soutient fortement la bourgeoisie nationale, les notables locaux et les grands propri\u00e9taires fonciers.<\/p>\n<p style=\"text-align: justify;\">\u00a0Le 7 ao\u00fbt 2017, M Ilyas El Omari a surpris tout le monde en pr\u00e9sentant sa d\u00e9mission du poste de secr\u00e9taire g\u00e9n\u00e9ral du \u00ab\u00a0PAM\u00a0\u00bb(Parti Authenticit\u00e9 et Modernit\u00e9), lors d\u2019une r\u00e9union du bureau politique. Ce dernier a d\u00e9cid\u00e9 de soumettre cette d\u00e9mission au conseil national du parti. Le conseil national du \u00ab\u00a0PAM\u00a0\u00bb qui devait se r\u00e9unir au d\u00e9but du mois de septembre a report\u00e9 ses assisses pour le 22 octobre 2017, ce qui n\u2019\u00e9tait pas sans amener les observateurs \u00e0 se poser des questions sur les raisons objectives de ce report, quasiment injustifiable.<\/p>\n<h2 style=\"text-align: justify;\"><b>El Omari ou \u2018<\/b><b><i>\u2019La T\u00eate qui ne\u00a0\u00a0 tourne pas est une montagne\u2019\u2019<\/i><\/b><\/h2>\n<p style=\"text-align: justify;\">Pour certains, il \u00e9tait clair qu\u2019Iliyas El Omari a voulu prendre le temps suffisant pour bien pr\u00e9parer le conseil national \u00e0 s\u2019opposer \u00e0 cette d\u00e9mission qu\u2019Ilyas EL Omari a qualifi\u00e9e, auparavant de \u00ab\u00a0d\u00e9finitive et irr\u00e9versible\u00a0\u00bb. Selon certaines informations, le conseil national du \u00ab\u00a0PAM\u00a0\u00bb aurait d\u00e9cid\u00e9 que la d\u00e9mission d\u2019El Omari doit rester en suspens jusqu\u2019au mois de janvier 2018, c&rsquo;est-\u00e0-dire apr\u00e8s la fin des travaux du 8\u00e8me congr\u00e8s du \u00ab\u00a0PJD\u00a0\u00bb.\u00a0En agissant de cette mani\u00e8re, El Omari a cr\u00e9\u00e9 un vrai imbroglio au sein du \u00ab\u00a0PAM\u00a0\u00bb. Officiellement, c\u2019est M Habib Bekkouch qui assume les fonctions de secr\u00e9taire g\u00e9n\u00e9ral par int\u00e9rim du parti alors qu\u2019Ilyas semble revenir sur sa d\u00e9cision de d\u00e9missionner.<\/p>\n<p style=\"text-align: justify;\">\u00c9lu au poste de secr\u00e9taire g\u00e9n\u00e9ral du \u00ab\u00a0PAM\u00a0\u00bb en janvier 2016, El Omari qui occupe aussi le poste de pr\u00e9sident de la r\u00e9gion de Tanger-T\u00e9touan-Al Hoceima, a \u00e9chou\u00e9 dans sa mission de battre le \u00ab\u00a0PJD\u00a0\u00bb lors des \u00e9lections l\u00e9gislatives, du 7 octobre 2016. Il faut dire aussi que le Hirak du Rif( mouvement populaire et social) qui a \u00e9t\u00e9 d\u00e9clench\u00e9 \u00e0 la fin d\u2019octobre 2016 n\u2019a pas facilit\u00e9 la t\u00e2che d\u2019El Omari qui a \u00e9t\u00e9 vivement critiqu\u00e9 pour son inertie au du moins son manque d\u2019initiative pour le retour au calme d\u2019Al Hoceima, sa ville natale qui est aussi l\u2019\u00e9picentre du Hirak. Pour le moment, El Omari est en train de g\u00e9rer une situation confuse \u00e0 la t\u00eate du \u00ab\u00a0PAM\u00a0\u00bb, la deuxi\u00e8me force politique du pays en termes de si\u00e8ges et la principale force d\u2019opposition \u00e0 la Chambre des Repr\u00e9sentants. Le \u00ab\u00a0PAM\u00a0\u00bb domine la deuxi\u00e8me chambre du parlement ( Chambre des Conseillers) dont la pr\u00e9sidence est assur\u00e9e par M. Hakim Benchamach, un membre du \u00ab\u00a0PAM\u00a0\u00bb.<\/p>\n<p style=\"text-align: justify;\">Cr\u00e9\u00e9 par une \u00e9lite politique tr\u00e8s h\u00e9t\u00e9rog\u00e8ne pour faire obstacle \u00e0 la vague islamiste, le \u00ab\u00a0PAM\u00a0\u00bb qui souffre du manque de continuit\u00e9 au niveau du leadership ( 4 secr\u00e9taires g\u00e9n\u00e9raux en 9 ans), serait en train de passe par des moments difficiles et \u00e0 hauts risques. Les questions que plusieurs membres ont pos\u00e9es avec insistance \u00e0 propos de l\u2019enrichissement rapide de certains membres influents au sein du parti y a cr\u00e9\u00e9 une ambiance malsaine et provoqu\u00e9 des dissensions internes qui pourraient conduire \u00e0 une implosion, selon certains observateurs avertis. Un sc\u00e9nario peu probable vu les sp\u00e9cificit\u00e9s de ce parti qui b\u00e9n\u00e9ficie des avantages et privil\u00e8ges que permet sa proximit\u00e9 avec le vrai centre de pouvoir et de d\u00e9cisions strat\u00e9giques au Maroc. Le \u00ab\u00a0PAM\u00a0\u00bb se positionne parmi les partis de la droite lib\u00e9rale.<\/p>\n<p style=\"text-align: justify;\">Le Mouvement Populaire ( MP) est un parti de la droite conservatrice qui \u00e9tait largement domin\u00e9, pendant un certain temps, par les notables, surtout des zones rurales amazighes. Il a pu connaitre une longue p\u00e9riode de stabilit\u00e9 et de coh\u00e9sion depuis l\u2019\u00e9viction, en 1986, de M.Mahjoubi Aherdane de la pr\u00e9sidence du parti qu\u2019il a cr\u00e9\u00e9 en 1957, avec M. Abdelkrim El Khatib.<\/p>\n<p style=\"text-align: justify;\">Mohand Laenser a \u00e9t\u00e9 d\u00e9sign\u00e9 par Feu Hassan II en 1986 parmi les 8 candidats qui convoitaient la succession d\u2019\u2019Aherdane. Il \u00e9tait le plus jeune et surtout le plus timide des candidats. La force de Laenser et sa l\u00e9gitimit\u00e9 r\u00e9sident dans le fait qu\u2019il a \u00e9t\u00e9 choisi par le Roi du Maroc, Commandeur des Croyants. Dans un pays islamique, les d\u00e9cisions du Commandeur des Croyants s\u2019imposent \u00e0 tous. Elles ne peuvent aucunement faire l\u2019objet de la moindre discussion.<\/p>\n<p style=\"text-align: justify;\">C\u2019est pour cette raison que M.Lahcen Haddad, qui \u00e9tait ministre du tourisme, n\u2019a pu d\u00e9tr\u00f4ner, en 2014, l\u2019inamovible Laenser. Agac\u00e9 par les critiques acerbes et les provocations dont il a fait l\u2019objet au lendemain de l\u2019annonce de sa candidature au poste de secr\u00e9taire g\u00e9n\u00e9ral du \u00ab\u00a0MP\u00a0\u00bb, Haddad a annonc\u00e9 son retrait \u00ab\u00a0d\u00e9finitif et irr\u00e9vocable\u00a0\u00bb de toutes les instances du parti. Une ann\u00e9e, plus tard, M. Said Oulbacha , ancien secr\u00e9taire d\u2019Etat charg\u00e9 de la formation professionnelle , n\u2019a pas pu r\u00e9ussir \u00e0 \u00e9carter Mohand Laenser. L\u2019impact et l\u2019effet du mouvement qu\u2019il a cr\u00e9\u00e9 \u00e0 cet effet \u00e9taient trop minimes pour d\u00e9boucher sur l\u2019\u00e9viction de Mohand Laenser, le doyen des chefs des partis politiques au Maroc. A l\u2019\u00e2ge de 75, Mohand Laenser domine toujours le \u00ab\u00a0MP\u00a0\u00bbqu\u2019il dirige de main de fer et pr\u00e9side la r\u00e9gion de F\u00e8s-Mekn\u00e8s.<\/p>\n<p style=\"text-align: justify;\">Enfin, il sied de rappeler que le \u00ab\u00a0MP\u00a0\u00bb a \u00e9t\u00e9 fond\u00e9 en 1957, c&rsquo;est-\u00e0-dire quelques mois seulement apr\u00e8s l\u2019ind\u00e9pendance du pays, pour faire face \u00e0 l\u2019h\u00e9g\u00e9monie du parti de l\u2019Istiqlal et prot\u00e9ger le Maroc contre les mauvaises cons\u00e9quences du parti unique. C\u2019est pourquoi, l\u2019Istiqlal n\u2019a pas appr\u00e9ci\u00e9 la cr\u00e9ation du\u00a0\u00ab\u00a0MP\u00a0\u00bb qu\u2019il a qualifi\u00e9 de \u00ab\u00a0parti artificiel\u00a0\u00bb. Il faut savoir que Mahjoubi Aherdane a \u00e9t\u00e9 \u00e9cart\u00e9, en 1986, par Driss Basri, le puissant ministre de l\u2019Int\u00e9rieur sous le r\u00e8gne de Feu Hassan II. Par ailleurs, il ne serait pas sans utilit\u00e9 de souligner que Mahjoubi Aherdane \u00e9tait en mauvais termes avec le palais royal \u00e0 cause de ses d\u00e9clarations fracassantes sur El Bey\u2019a (all\u00e9geance) faites en 1983 au journal espagnol El Pais. Cette tension avec le palais a dur\u00e9 de 1983 \u00e0 1986, date de l\u2019\u00e9viction d\u2019Aherdane.<\/p>\n<h2 style=\"text-align: justify;\"><b>La valse des chefs ou le Printemps Arabe version marocaine<\/b><\/h2>\n<p style=\"text-align: justify;\">Si nous laissons de c\u00f4t\u00e9 les faits ci-dessus relat\u00e9s pour proc\u00e9der \u00e0 une analyse minutieuse de leurs causes et des contestes dans lesquels ils se sont produits, nous nous apercevons que\u00a0\u00a0\u00a0 \u00ab\u00a0cette valse des leaders\u00a0\u00bb des partis politiques serait en rapport direct ou indirect avec la version marocaine du printemps arabe. Il faut \u00eatre d\u2019une na\u00efvet\u00e9 vraiment exemplaire pour \u00e9pouser la th\u00e8se selon laquelle le \u00ab\u00a0PJD\u00a0\u00bb a pu acc\u00e9der \u00e0 la haute sph\u00e8re du gouvernement gr\u00e2ce au libre jeu des r\u00e8gles de la d\u00e9mocratie, uniquement.<\/p>\n<p style=\"text-align: justify;\">D\u2019aucuns estiment, et \u00e0 juste titre, que c\u2019est le r\u00f4le qu\u2019il a jou\u00e9 lors \u00ab\u00a0du printemps arabe\u00a0\u00bb qui lui a permis d\u2019atteindre ce niveau de responsabilit\u00e9 gouvernementale. C\u2019est pourquoi Benkirane n\u2019a cess\u00e9 de rappeler et d\u2019insister sur le r\u00f4le quasiment d\u00e9terminant qu\u2019a jou\u00e9 son parti pour que le Maroc continue de jouir de la paix sociale et de la stabilit\u00e9. Moult fois r\u00e9p\u00e9t\u00e9, ce discours a fini par agacer \u00ab\u00a0l\u2019Etat profond\u00a0\u00bb et les \u00ab\u00a0crocodiles et diables\u00a0\u00bb, pour parler comme Benkirane en recourant aux termes qu\u2019il a r\u00e9ussis \u00e0 introduire dans le lexique politique du Maroc d\u2019aujourd\u2019hui.<\/p>\n<p style=\"text-align: justify;\">La m\u00eame ann\u00e9e d\u2019investiture du gouvernement Benkirane ( 2012), le parti de l\u2019Istiqlal a d\u00fb changer son leader pour pouvoir r\u00e9sister au populisme et \u00e0 l\u2019euphorie du chef du \u00ab\u00a0PJD\u00a0\u00bb. Ceux qui suivent les d\u00e9bats et les pol\u00e9miques entre les chefs des partis politiques marocains se souviennent certainement de l\u2019offensive virulente de Chabat contre Benkirane. Ce dernier a fait feu de tout bois pour r\u00e9duire Chabat au silence et minimiser l\u2019effet et l\u2019impact de ses sorties qui fr\u00f4laient le ridicule.<\/p>\n<p style=\"text-align: justify;\">En 2016, les autorit\u00e9s marocaines s\u2019appr\u00eataient \u00e0 fermer d\u00e9finitivement la parenth\u00e8se du printemps arabe. Mezouar qui \u00e9tait en conflit presque permanent avec Benkirane a \u00e9t\u00e9 pri\u00e9 de rendre son tablier, en octobre 2016. El Omari qui n\u2019a pas r\u00e9ussi \u00e0 battre le \u00ab\u00a0PJD\u00a0\u00bb et Benkirane lors des \u00e9lections l\u00e9gislatives du 7 octobre 2016, a annonc\u00e9 (en ao\u00fbt 2017) sa d\u00e9cision de renoncer au poste de secr\u00e9taire g\u00e9n\u00e9ral du \u00ab\u00a0PAM\u00a0\u00bb. Laquelle d\u00e9mission reste en suspens jusqu\u2019\u00e0 pr\u00e9sent. En octobre dernier, Chabat a \u00e9t\u00e9 battu par Nizar Baraka qui s\u2019accapara du poste de secr\u00e9taire g\u00e9n\u00e9ral des doyens des partis politiques marocains. Le 26 novembre 2017, le conseil national du \u00ab\u00a0PJD\u00a0\u00bb a dit non \u00e0 un troisi\u00e8me mandat de Benkirane.<\/p>\n<p style=\"text-align: justify;\">Prenant en consid\u00e9ration tout ce qui pr\u00e9c\u00e8de, on peut affirmer qu\u2019il s\u2019agit \u00ab\u00a0d\u2019une valse de leaders des partis politiques\u00a0\u00bb qui serait due \u00e0 la fermeture de la parenth\u00e8se \u00ab\u00a0du printemps arabe\u00a0\u00bb. Mezouar a d\u00e9missionn\u00e9, Chabat a d\u00fb s\u2019\u00e9clipser, Benkirane fera de m\u00eame tr\u00e8s prochainement, et El Omari doit se retirer pour ne pas nuire \u00e0 sa cr\u00e9dibilit\u00e9. A qui le tour, c\u2019est la question que se posent m\u00eame les citoyens normaux.<\/p>\n<p>Par A. Saber, Maghreb Canada Express, pages 10-11, <i>Vol. XV, N\u00b0 12, D\u00c9CEMBRE 2017<br \/>\n<\/i><\/p>\n<p>Pour lire l\u2019\u00e9dition du mois de d\u00e9cembre 2017, cliquer sur l\u2019image:<\/p>\n<div class=\"column\">\n<div><a href=\"http:\/\/www.maghreb-canada.ca\/journal\/2017\/MCE174-12-2017.pdf\" target=\"_blank\" rel=\"nofollow\"><img loading=\"lazy\" decoding=\"async\" class=\"book-picture alignleft\" src=\"http:\/\/www.maghreb-canada.ca\/journal\/2017\/n174.jpg\" alt=\"\" width=\"200\" height=\"280\" \/><\/a><\/div>\n<\/div>\n<p>&nbsp;<\/p>\n","protected":false},"excerpt":{"rendered":"<p>R\u00e9uni \u00e0 Sal\u00e9, les 25 et 26 novembre 2017, le Conseil national du parti de la Justice et du D\u00e9veloppement ( PJD) a vot\u00e9 contre le projet d\u2019amendement de l\u2019article 16 du statut du parti .Le \u00ab\u00a0parlement\u00a0\u00bb du \u00ab\u00a0PJD\u00a0\u00bb a rejet\u00e9 ledit projet par 126 voix, contre 101 voix favorables et quatre (4) bulletins annul\u00e9s. [&hellip;]<\/p>\n","protected":false},"author":1,"featured_media":3652,"comment_status":"closed","ping_status":"closed","sticky":false,"template":"","format":"standard","meta":{"footnotes":""},"categories":[6,8],"tags":[],"class_list":["post-3746","post","type-post","status-publish","format-standard","has-post-thumbnail","hentry","category-maghreb","category-numero-du-mois"],"_links":{"self":[{"href":"https:\/\/maroc-canada.ca\/index.php?rest_route=\/wp\/v2\/posts\/3746","targetHints":{"allow":["GET"]}}],"collection":[{"href":"https:\/\/maroc-canada.ca\/index.php?rest_route=\/wp\/v2\/posts"}],"about":[{"href":"https:\/\/maroc-canada.ca\/index.php?rest_route=\/wp\/v2\/types\/post"}],"author":[{"embeddable":true,"href":"https:\/\/maroc-canada.ca\/index.php?rest_route=\/wp\/v2\/users\/1"}],"replies":[{"embeddable":true,"href":"https:\/\/maroc-canada.ca\/index.php?rest_route=%2Fwp%2Fv2%2Fcomments&post=3746"}],"version-history":[{"count":1,"href":"https:\/\/maroc-canada.ca\/index.php?rest_route=\/wp\/v2\/posts\/3746\/revisions"}],"predecessor-version":[{"id":3747,"href":"https:\/\/maroc-canada.ca\/index.php?rest_route=\/wp\/v2\/posts\/3746\/revisions\/3747"}],"wp:featuredmedia":[{"embeddable":true,"href":"https:\/\/maroc-canada.ca\/index.php?rest_route=\/wp\/v2\/media\/3652"}],"wp:attachment":[{"href":"https:\/\/maroc-canada.ca\/index.php?rest_route=%2Fwp%2Fv2%2Fmedia&parent=3746"}],"wp:term":[{"taxonomy":"category","embeddable":true,"href":"https:\/\/maroc-canada.ca\/index.php?rest_route=%2Fwp%2Fv2%2Fcategories&post=3746"},{"taxonomy":"post_tag","embeddable":true,"href":"https:\/\/maroc-canada.ca\/index.php?rest_route=%2Fwp%2Fv2%2Ftags&post=3746"}],"curies":[{"name":"wp","href":"https:\/\/api.w.org\/{rel}","templated":true}]}}