{"id":3748,"date":"2017-12-06T22:31:29","date_gmt":"2017-12-07T03:31:29","guid":{"rendered":"http:\/\/maghreb-canada.ca\/?p=3748"},"modified":"2017-12-20T09:26:06","modified_gmt":"2017-12-20T14:26:06","slug":"musulmans-de-france-les-victimes-dhier-ont-cede-leur-place-a-ceux-daujourdhui","status":"publish","type":"post","link":"https:\/\/maroc-canada.ca\/?p=3748","title":{"rendered":"Musulmans de France : Les victimes d\u2019hier ont c\u00e9d\u00e9 leur place \u00e0 celles d\u2019aujourd\u2019hui"},"content":{"rendered":"<p style=\"text-align: justify;\">Depuis l\u2019attentat des fr\u00e8res Kouachi contre Charlie Hebdo en janvier 2015 et celle du Bataclan en novembre de la m\u00eame ann\u00e9e, il est vraiment difficile de vivre en France pour un musulman. Il est tout le temps stigmatis\u00e9 et montr\u00e9 du doigt, \u00e0 croire que l\u2019islam n\u2019est pas une confession mais une race.<\/p>\n<h2 style=\"text-align: justify;\"><b>Tariq Ramadan<\/b><\/h2>\n<p style=\"text-align: justify;\">L\u2019un des rares intellectuels de confession musulmane \u00e0 tenir t\u00eate \u00e0 tous ces pseudos penseurs qui d\u00e9filent \u00e0 la\u00a0 t\u00e9l\u00e9vision et ram\u00e8nent tous les probl\u00e8mes de la soci\u00e9t\u00e9 fran\u00e7aise \u00e0 l\u2019islam, est Tariq Ramadan. Il y a d\u2019autres intellectuels de confession musulmane en France, mais on ne les invite jamais. L\u2019islamologue Ramadan est accus\u00e9 de viol par deux jeunes femmes sans aucune preuve. Il est pr\u00e9sum\u00e9 innocent, mais malheureusement en France, la pr\u00e9somption d\u2019innocence ne s\u2019applique pas aux noirs, aux b\u00e9cots et encore moins aux citoyens fran\u00e7ais d\u2019origine musulmane.<\/p>\n<p style=\"text-align: justify;\">La preuve\u00a0: le philosophe et penseur du peuple, Bernard Henri L\u00e9vy qui a d\u00e9fendu r\u00e9cemment son ami journaliste F\u00e9d\u00e9ric Haziza accus\u00e9 de harc\u00e8lement sexuel sur une coll\u00e8gue. D\u2019apr\u00e8s le quotidien \u00ab\u00a0Le Parisien\u00a0\u00bb, Bernard-Henri L\u00e9vy a r\u00e9agi ce tout r\u00e9cemment \u00e0 l\u2019affaire Fr\u00e9d\u00e9ric Haziza, vis\u00e9 par une plainte d\u2019une journaliste de LCP pour une agression sexuelle datant de 2014. Le parquet de Paris a ouvert une enqu\u00eate pr\u00e9liminaire et la cha\u00eene parlementaire a \u00ab\u00a0suspendu\u00a0\u00bb le pr\u00e9sentateur vedette pour permettre \u00e0 l\u2019enqu\u00eate interne lanc\u00e9e par la direction \u00ab\u00a0de se d\u00e9rouler dans le climat le plus serein possible\u00a0\u00bb.<\/p>\n<p style=\"text-align: justify;\">Et BHL semble secou\u00e9 par cette histoire. \u00ab\u00a0Qui nous fera croire qu\u2019Haziza est le Weinstein fran\u00e7ais\u00a0?\u00a0Et comment mettre un signe \u00e9gal entre ce qui lui est reproch\u00e9 et ce dont on accuse Ramadan\u00a0?\u00a0Amiti\u00e9 \u00e0 Fr\u00e9d\u00e9ric\u00a0\u00bb, \u00e9crit-il.<\/p>\n<p style=\"text-align: justify;\">La journaliste Astrid de Villaines a port\u00e9 plainte pour agression sexuelle contre Fr\u00e9d\u00e9ric Haziza pour des faits datant de novembre\u00a02014, a r\u00e9v\u00e9l\u00e9 mardi Buzzfeed. Selon son t\u00e9moignage, le journaliste l\u2019a bloqu\u00e9e dans le passage et lui a\u00a0pinc\u00e9 la fesse gauche. \u00ab\u00a0Je pr\u00e9cise qu\u2019au cours des ann\u00e9es qui ont pr\u00e9c\u00e9d\u00e9, M. Haziza avait des gestes ou des allusions plus ou moins d\u00e9plac\u00e9es, \u00e0 savoir\u00a0:\u00a0qu\u2019il me fr\u00f4lait le haut de ma poitrine avec ses mains et qu\u2019il me d\u00e9clarait que mes hauts de v\u00eatements m\u2019allaient bien, tout en fixant ma poitrine\u00a0\u00bb, peut-on lire dans la plainte que s\u2019est procur\u00e9 Buzzfeed.<\/p>\n<p style=\"text-align: justify;\">La Soci\u00e9t\u00e9 des journalistes et le comit\u00e9 d\u2019entreprise de LCP avaient aussi r\u00e9agi. Ils ont expliqu\u00e9 \u00eatre \u00ab\u00a0unanimement choqu\u00e9s par l\u2019ampleur et le contenu de ces r\u00e9v\u00e9lations\u00a0\u00bb et r\u00e9clamaient un \u00ab\u00a0retrait de l\u2019antenne ainsi qu\u2019une mise \u00e0 pied \u00e0 titre conservatoire\u00a0\u00bb de Haziza.<\/p>\n<p style=\"text-align: justify;\">BHL d\u00e9fend Haziza et diabolise Ramadan qui est innocent jusqu\u2019\u00e0 preuve du contraire. Nous avons eu le m\u00eame cas avec l\u2019affaire Polanski. L\u2019\u00e9crivain fran\u00e7ais Yann Moix est montr\u00e9 au cr\u00e9neau lors de l\u2019arrestation du r\u00e9alisateur pars les Suisses. Moix a \u00e9crit un livre qui s\u2019intitule \u00ab\u00a0La meute\u00a0\u00bb o\u00f9 il d\u00e9fend le r\u00e9alisateur tout en traitant par la m\u00eame occasion la Suisse de pute\u00a0!<\/p>\n<p style=\"text-align: justify;\">Polanski est un surdou\u00e9 du cin\u00e9ma, un g\u00e9nie, il peut tout se permettre, m\u00eame violer une mineur en la droguant.<\/p>\n<p style=\"text-align: justify;\">Polanski un coupable jug\u00e9 par la justice am\u00e9ricaine en tant que tel, et Ramdan pr\u00e9sum\u00e9 innocent, mais qu\u2019importe\u00a0! La pr\u00e9somption ne s\u2019applique pas pour lui, BHL le diabolise.<\/p>\n<h2 style=\"text-align: justify;\"><b>Guerre communautaire<\/b><\/h2>\n<p style=\"text-align: justify;\">Ce n\u2019est un secret pour personne, les intellectuels de confession juive dominent les m\u00e9dias, il est difficile pour\u00a0 un intellectuel de confession musulmane de faire la t\u00e9l\u00e9vision ou d\u2019y \u00eatre invit\u00e9.<\/p>\n<p style=\"text-align: justify;\">Alors que faire pour se d\u00e9fendre et donner \u00e0 l\u2019islam sa vraie image, et sa r\u00e9alit\u00e9\u00a0? Heureusement il y a quelques intellectuels fran\u00e7ais humanistes et lucides qui d\u00e9fendent les musulmans, \u00e0 l\u2019image du patron de M\u00e9diapart, Edwy Pl\u00e9nel qui a \u00e9crit un livre qui s\u2019intitule \u00ab\u00a0Pour les musulmans\u00a0\u00bb. Emile Zola en son temps avait \u00e9crit pendant l\u2019affaire Dreyfus, un livre sur la communaut\u00e9 juive qui s\u2019intitulait \u00ab\u00a0Pour les juifs\u00a0\u00bb. Et oui chaque \u00e9poque a son bouc \u00e9missaire.<\/p>\n<p style=\"text-align: justify;\">Une d\u00e9mocratie c\u2019est d\u2019abord le souci des minorit\u00e9s, la France est faite de diversit\u00e9, le si\u00e8cle dernier on a voulu exterminer des juifs car ils sont n\u00e9s juifs, \u00e0 cause de l\u2019ignorance, du m\u00e9pris et de la haine d\u2019une certaine \u00e9lite pensante, antis\u00e9mite et x\u00e9nophobe. Derri\u00e8re chaque islamophobe, il y a un antis\u00e9mite, et derri\u00e8re un antis\u00e9mite, il y a un n\u00e9grophobe, et ainsi de suite. On a vu ces derni\u00e8res ann\u00e9es comment l\u2019extr\u00eame droite a chang\u00e9 de cible. A une \u00e9poque, l\u2019extr\u00eame droite d\u00e9nombrait les juifs et les francs-ma\u00e7ons du gouvernement. Et puis en qu\u00eate de notabilit\u00e9, l\u2019extr\u00eame droite a refoul\u00e9 l\u2019antis\u00e9mitisme pour devenir respectable. Mais ce n\u2019est qu\u2019une fa\u00e7ade qui va lib\u00e9rer tout le reste. Il faut que la communaut\u00e9 juive fran\u00e7aise sache qu\u2019il est dans son int\u00e9r\u00eat et l\u2019int\u00e9r\u00eat de tous la Fran\u00e7ais de ne pas stigmatiser les fran\u00e7ais d\u2019origine musulmane qui sont des ouvriers, des employ\u00e9s, des cadres, des m\u00e9decins, des ing\u00e9nieurs, des \u00e9tudiants, qui ont leurs histoires, leurs familles, leur foi, et leurs croyances.<\/p>\n<p style=\"text-align: justify;\">Il y a des Fran\u00e7ais catholiques, des Fran\u00e7ais protestants, des Fran\u00e7ais juifs, des Fran\u00e7ais musulmans. Pas l\u2019un sans l\u2019autre, pas l\u2019un et l\u2019autre, pas l\u2019un au-dessus de l\u2019autre. Nous avons tous des identit\u00e9s plurielles. L\u2019islam est soluble dans la d\u00e9mocratie.<\/p>\n<p style=\"text-align: justify;\">Le Canada est en train d\u2019\u00e9laborer une loi qui interdit de critiquer l\u2019islam. Ce n\u2019est pas ce qu\u2019on demande \u00e0 la France. On souhaite seulement\u00a0 vivre en paix, et \u00eatre trait\u00e9 comme un citoyen fran\u00e7ais \u00e0 part enti\u00e8re.<\/p>\n<h2 style=\"text-align: justify;\"><b>Un exemple \u00e0 suivre <\/b><\/h2>\n<p style=\"text-align: justify;\">Le mois de septembre dernier, une\u00a0 \u00e9glise a ouvert ses portes pour permettre aux musulmans de prier.<\/p>\n<p style=\"text-align: justify;\">Le geste a \u00e9t\u00e9 tr\u00e8s salu\u00e9. Le cur\u00e9 de l\u2019\u00e9glise Saint-Christophe de Javel, dans le XVe arrondissement de Paris, a ouvert les portes de la salle paroissiale pour les musulmans, priv\u00e9s de salle de pri\u00e8re.<\/p>\n<p style=\"text-align: justify;\">Comme le rapporte le journal Le Parisien, la salle de pri\u00e8re musulmane a \u00e9t\u00e9 d\u00e9grad\u00e9e en juillet dernier suite \u00e0 des intemp\u00e9ries et depuis, tous les vendredis, les musulmans se retrouvent dans cette \u00e9glise pour leur pri\u00e8re.<\/p>\n<p style=\"text-align: justify;\">\u00ab\u00a0La crypte sous l\u2019\u00e9glise \u00e9tait disponible, assez grande et pouvait les accueillir. \u00c7a s\u2019est fait discr\u00e8tement et naturellement.\u00a0\u00bb, explique Thierry Vernet, le vicaire de la paroisse.<\/p>\n<p style=\"text-align: justify;\">La r\u00e9action de la communaut\u00e9 juive a \u00e9t\u00e9 salu\u00e9e par Mohammed Benali, le pr\u00e9sident de la salle de pri\u00e8re de Paris XVe, qui affirme que le \u00ab\u00a0rabbin de la synagogue Adath Shalom de la rue George-Bernard-Shaw a propos\u00e9 de nous aider pour les travaux\u00a0\u00bb. Ces travaux, justement, qui sont toujours attendus de la part de Paris Habitat qui loue la salle de pri\u00e8re aux musulmans.<\/p>\n<p style=\"text-align: justify;\">Le Maire du XVe se r\u00e9jouit \u00e9galement de ce dialogue interreligieux. \u00ab\u00a0Je ne peux que me f\u00e9liciter du dialogue interreligieux dans mon arrondissement qui permet aux diff\u00e9rents cultes de vivre ensemble non pas malgr\u00e9 leurs diff\u00e9rences mais gr\u00e2ce \u00e0 leurs diff\u00e9rences\u00a0\u00bb.<\/p>\n<p style=\"text-align: justify;\">Edwy Plenel \u00e9crit dans\u00a0 la page 17 de son livre \u00ab\u00a0Pour les musulmans\u00a0\u00bb\u00a0:<\/p>\n<p style=\"text-align: justify;\">\u00ab\u00a0L\u2019Histoire se r\u00e9p\u00e8te. Par oubli ou par un processus qui fait se r\u00e9it\u00e9rer un ou plusieurs \u00e9v\u00e9nements. Si d\u2019aucuns r\u00e9futent ce postulat, le suppos\u00e9 \u00ab probl\u00e8me de l\u2019islam en France \u00bb\u00a0 vient malheureusement nous rappeler que certains \u00e9pisodes de notre histoire se r\u00e9p\u00e8tent de nos jours, \u00e0 la seule diff\u00e9rence que ses acteurs ou plut\u00f4t ses victimes ne sont plus les m\u00eame.\u00bb<\/p>\n<p style=\"text-align: justify;\">Les victimes d\u2019hier ont c\u00e9d\u00e9 leur place \u00e0 ceux d\u2019aujourd\u2019hui. \u00c0 cet \u00e9gard, Edwy Plenel d\u00e9plore la banalisation au sein de la soci\u00e9t\u00e9 fran\u00e7aise d\u2019un discours x\u00e9nophobe visant la communaut\u00e9 musulmane et qui fait \u00e9cho \u00e0 une banalisation d\u2019un autre temps et qui, elle, stigmatisait la communaut\u00e9 juive.<\/p>\n<p style=\"text-align: justify;\">Il tient \u00e0 nous rappeler les cons\u00e9quences d\u00e9sastreuses engendr\u00e9es par cette logique de tri, de s\u00e9paration et de discrimination aussi dangereuse que ravageuse pour la coh\u00e9sion nationale. \u00c0 chaque p\u00e9riode de l\u2019Histoire ses victimes, qui jette l\u2019opprobre sur ceux qui ont besoin d\u2019un bouc \u00e9missaire pour expier leur faiblesse, leur doute et leurs \u00ab d\u00e9faites de la pens\u00e9e.\u00a0\u00bb<\/p>\n<p>Par Mustapha Bouhaddar, Maghreb Canada Express, page 12, <i>Vol. XV, N\u00b0 12, D\u00c9CEMBRE 2017<br \/>\n<\/i><\/p>\n<p>Pour lire l\u2019\u00e9dition du mois de d\u00e9cembre 2017, cliquer sur l\u2019image:<\/p>\n<div class=\"column\">\n<div><a href=\"http:\/\/www.maghreb-canada.ca\/journal\/2017\/MCE174-12-2017.pdf\" target=\"_blank\" rel=\"nofollow\"><img loading=\"lazy\" decoding=\"async\" class=\"book-picture alignleft\" src=\"http:\/\/www.maghreb-canada.ca\/journal\/2017\/n174.jpg\" alt=\"\" width=\"200\" height=\"280\" \/><\/a><\/div>\n<\/div>\n<p>&nbsp;<\/p>\n","protected":false},"excerpt":{"rendered":"<p>Depuis l\u2019attentat des fr\u00e8res Kouachi contre Charlie Hebdo en janvier 2015 et celle du Bataclan en novembre de la m\u00eame ann\u00e9e, il est vraiment difficile de vivre en France pour un musulman. Il est tout le temps stigmatis\u00e9 et montr\u00e9 du doigt, \u00e0 croire que l\u2019islam n\u2019est pas une confession mais une race. Tariq Ramadan [&hellip;]<\/p>\n","protected":false},"author":1,"featured_media":3622,"comment_status":"closed","ping_status":"closed","sticky":false,"template":"","format":"standard","meta":{"footnotes":""},"categories":[5,7,8],"tags":[],"class_list":["post-3748","post","type-post","status-publish","format-standard","has-post-thumbnail","hentry","category-immigration","category-monde","category-numero-du-mois"],"_links":{"self":[{"href":"https:\/\/maroc-canada.ca\/index.php?rest_route=\/wp\/v2\/posts\/3748","targetHints":{"allow":["GET"]}}],"collection":[{"href":"https:\/\/maroc-canada.ca\/index.php?rest_route=\/wp\/v2\/posts"}],"about":[{"href":"https:\/\/maroc-canada.ca\/index.php?rest_route=\/wp\/v2\/types\/post"}],"author":[{"embeddable":true,"href":"https:\/\/maroc-canada.ca\/index.php?rest_route=\/wp\/v2\/users\/1"}],"replies":[{"embeddable":true,"href":"https:\/\/maroc-canada.ca\/index.php?rest_route=%2Fwp%2Fv2%2Fcomments&post=3748"}],"version-history":[{"count":2,"href":"https:\/\/maroc-canada.ca\/index.php?rest_route=\/wp\/v2\/posts\/3748\/revisions"}],"predecessor-version":[{"id":3758,"href":"https:\/\/maroc-canada.ca\/index.php?rest_route=\/wp\/v2\/posts\/3748\/revisions\/3758"}],"wp:featuredmedia":[{"embeddable":true,"href":"https:\/\/maroc-canada.ca\/index.php?rest_route=\/wp\/v2\/media\/3622"}],"wp:attachment":[{"href":"https:\/\/maroc-canada.ca\/index.php?rest_route=%2Fwp%2Fv2%2Fmedia&parent=3748"}],"wp:term":[{"taxonomy":"category","embeddable":true,"href":"https:\/\/maroc-canada.ca\/index.php?rest_route=%2Fwp%2Fv2%2Fcategories&post=3748"},{"taxonomy":"post_tag","embeddable":true,"href":"https:\/\/maroc-canada.ca\/index.php?rest_route=%2Fwp%2Fv2%2Ftags&post=3748"}],"curies":[{"name":"wp","href":"https:\/\/api.w.org\/{rel}","templated":true}]}}