{"id":3796,"date":"2018-02-01T21:40:31","date_gmt":"2018-02-02T02:40:31","guid":{"rendered":"http:\/\/maghreb-canada.ca\/?p=3796"},"modified":"2018-02-01T21:40:31","modified_gmt":"2018-02-02T02:40:31","slug":"maghreb-la-fraternite-algero-marocaine-a-lepreuve-des-politiques-locales","status":"publish","type":"post","link":"https:\/\/maroc-canada.ca\/?p=3796","title":{"rendered":"Maghreb : La fraternit\u00e9 Alg\u00e9ro-marocaine \u00e0 l\u2019\u00e9preuve des politiques locales"},"content":{"rendered":"<p style=\"text-align: justify;\">Malgr\u00e9 les tensions diplomatiques \u00e0 travers l\u2019histoire, le peuple marocain et le peuple alg\u00e9rien s\u2019entendent bien et s\u2019appr\u00e9cient beaucoup. Mais malheureusement, il y a la politique et les politiciens qui s\u00e8ment la discorde. Dernier en date,\u00a0 la d\u00e9claration du ministre alg\u00e9rien des Affaires \u00e9trang\u00e8res, Abdelkader Messahel, qui a accus\u00e9 des entreprises marocaines de \u00ab\u00a0blanchir l&rsquo;argent du haschich\u00a0\u00bb en Afrique.<\/p>\n<p style=\"text-align: justify;\">Intervenant la veille \u00e0 Alger lors de l&rsquo;universit\u00e9 d&rsquo;\u00e9t\u00e9 du Forum des chefs d&rsquo;entreprise, le chef de la diplomatie alg\u00e9rienne a \u00e9voqu\u00e9 la mont\u00e9e en puissance des investissements marocains sur le continent au cours des derni\u00e8res ann\u00e9es, et la rivalit\u00e9 entre voisins maghr\u00e9bins dans ce domaine.<\/p>\n<p style=\"text-align: justify;\">\u00ab\u00a0Les banques marocaines, c&rsquo;est le blanchiment de l&rsquo;argent du haschisch, \u00e7a tout le monde le sait. C&rsquo;est des chefs d&rsquo;\u00c9tats africains qui me le disent\u00a0\u00bb, a affirm\u00e9 Abdelkader Messahel, selon des extraits de l&rsquo;intervention largement partag\u00e9s samedi matin sur les r\u00e9seaux sociaux et Internet.<\/p>\n<h2 style=\"text-align: justify;\">Une simple affaire politique<\/h2>\n<p style=\"text-align: justify;\">Tout a d\u00e9but\u00e9 dans les ann\u00e9es 1840 au moment de la colonisation fran\u00e7aise en Alg\u00e9rie. A<\/p>\n<p style=\"text-align: justify;\">Cette \u00e9poque le sultan du Maroc Moulay Abderrahmane soutient la r\u00e9sistance de l\u2019Emir Abdelkader, la France rentre en repr\u00e9sailles et d\u00e9cide de faire la guerre au Maroc, ce qui se solde par l\u2019\u00e9chec des Marocains. Le sultan est oblig\u00e9 de signer un trait\u00e9 o\u00f9 il reconnait la pr\u00e9sence fran\u00e7aise en Alg\u00e9rie et accepte les d\u00e9limitations des fronti\u00e8res impos\u00e9es par la France et s\u2019engage \u00e0 ne plus soutenir la r\u00e9bellion alg\u00e9rienne. Du c\u00f4t\u00e9 alg\u00e9rienne, c\u2019est per\u00e7u comme une trahison, mais du c\u00f4t\u00e9 marocain, au contraire, on voit \u00e7a comme une preuve de solidarit\u00e9 qui n\u2019a pas aboutie. La France administre le territoire alg\u00e9rien comme elle le veut, elle annexe aussi certains territoires comme Tindouf, lorsqu\u2019elle d\u00e9couvre des gisements de p\u00e9trole et de minerai.<\/p>\n<p style=\"text-align: justify;\">Dans les ann\u00e9es 50, le Maroc obtient son ind\u00e9pendance, et l\u2019Alg\u00e9rie cherche la sienne. Le roi du Maroc Hassan II soutient les combattants alg\u00e9riens, la France lui propose de revoir les fronti\u00e8res, Hassan II refuse, car il estime que \u00e7a serait un coup de poignard dans le dos des fr\u00e8res alg\u00e9riens.<\/p>\n<p style=\"text-align: justify;\">Il passe un accord avec Ferhat Abbas du gouvernement provisoire alg\u00e9rien qui pr\u00e9voit des n\u00e9gociations pour revoir les fronti\u00e8res. Mais quand l\u2019Alg\u00e9rie obtient son ind\u00e9pendance, c\u2019est une autre faction qui prend le pouvoir, celle de Ben Bella qui n\u2019est pas concern\u00e9e par l\u2019accord qui a \u00e9t\u00e9 sign\u00e9 par le roi du Maroc. Ben Bella refuse cat\u00e9goriquement de r\u00e9troc\u00e9der des territoires pour lesquels\u00a0 des Alg\u00e9riens sont morts. Les Alg\u00e9riens y voient une tentative de d\u00e9stabilisation alors que le pays vient tout juste d\u2019acqu\u00e9rir son ind\u00e9pendance, qu\u2019il est affaibli, et qu\u2019il ne contr\u00f4le pas encore tout son territoire. Les Marocains de leur c\u00f4t\u00e9 accusent les Alg\u00e9riens d\u2019ingratitude, ils esp\u00e9raient au moins un geste de la part des Alg\u00e9riens, sachant que le Maroc, \u00e9tait une base arri\u00e8re pour les combattants du FLN.<\/p>\n<p style=\"text-align: justify;\">Le principal parti politique de l\u2019\u00e9poque \u00ab\u00a0Al Istiklal\u00a0\u00bb r\u00eave du grand Maroc, et demande la restitution de certaines villes de son territoire comme Tindouf entre autre. Les tensions montent, un coup d\u2019\u00e9tat \u00e9choue contre Hassan II, une r\u00e9bellion a eu en Alg\u00e9rie, les deux pays s\u2019accusent mutuellement.<\/p>\n<p style=\"text-align: justify;\">Une guerre \u00e9clate, le conflit \u00e9tait in\u00e9vitable, c\u2019est la guerre des sables, et elle durera environ un mois, les fronti\u00e8res restent inchang\u00e9es. Plus de deux cent morts pour rien\u00a0!<\/p>\n<p style=\"text-align: justify;\">Dans les ann\u00e9es 70, l\u2019Espagne qui occupait le Sahara occidental d\u00e9cide de se retirer, le Maroc revendique son territoire, le dossier est confi\u00e9 \u00e0 la communaut\u00e9 internationale qui juge qu\u2019il y a des liens juridiques d\u2019all\u00e9geance, mais pas de souverainet\u00e9 territoriale.<\/p>\n<p style=\"text-align: justify;\">Les Alg\u00e9riens qui n\u2019ont pas \u00e9t\u00e9 consult\u00e9s d\u00e9cident de soutenir les ind\u00e9pendantistes et de soutenir le Polisario. Mais le Maroc d\u00e9cid\u00e9 \u00e0 r\u00e9cup\u00e9rer son territoire, appelle tous ses sujets \u00e0 marcher en direction du Sahara occidental, c\u2019\u00e9tait la marche verte.<\/p>\n<p style=\"text-align: justify;\">Les deux pays rompent leurs relations jusqu\u2019aux ann\u00e9es 90, mais manque de chance un attentat s\u2019est produit \u00e0 Marrakech en 1994, le gouvernement marocain d\u00e9cide d\u2019imposer un visa aux ressortissants alg\u00e9riens, en repr\u00e9sailles, l\u2019Alg\u00e9rie d\u00e9cide de fermer ses fronti\u00e8res.<\/p>\n<h2 style=\"text-align: justify;\">Des\u00a0 diff\u00e9rences politiques<\/h2>\n<p style=\"text-align: justify;\">Le Maroc l\u2019alli\u00e9 traditionnel des monarchies, la Jordanie et l\u2019Arabie Saoudite, qui elles-m\u00eames sont pro-occidentales, l\u2019Alg\u00e9rie de son c\u00f4t\u00e9 est plut\u00f4t l\u2019h\u00e9riti\u00e8re de l\u2019Egypte nass\u00e9rienne, et se range du c\u00f4t\u00e9 des r\u00e9gimes bassistes et de l\u2019OLP.<\/p>\n<p style=\"text-align: justify;\">Pendant ce temps, des Marocains ont \u00e9t\u00e9 chass\u00e9s d\u2019Alg\u00e9rie, des familles sont s\u00e9par\u00e9es ce qui donnait des situations insupportables.<\/p>\n<p style=\"text-align: justify;\">Le Maroc et l\u2019Alg\u00e9rie rentrent dans une spirale dans laquelle ils se disputent pour \u00e0 peu pr\u00e8s n\u2019importe quoi, la moindre chose eut vir\u00e9 en incident diplomatique.<\/p>\n<p style=\"text-align: justify;\">Aujourd\u2019hui les choses changent un petit peu, avec l\u2019immigration, on se c\u00f4toie, il y a m\u00eame des m\u00e9tissages.<\/p>\n<h2 style=\"text-align: justify;\">Une union maghr\u00e9bine serait-elle utopique\u00a0?<\/h2>\n<p style=\"text-align: justify;\">En France, avec mes fr\u00e8res alg\u00e9riens, on refait le monde, et on r\u00eave d\u2019un Maghreb uni, \u00e0 l\u2019image de la communaut\u00e9 europ\u00e9enne. Nous parlons la m\u00eame langue, nous avons les m\u00eames coutumes, le m\u00eame physique, et la m\u00eame religion. Pourquoi ne construisons-nous pas un Maghreb uni, o\u00f9 chaque citoyen alg\u00e9rien, tunisien, marocain, libyen, peut p\u00e9n\u00e9trer juste avec sa carte d\u2019identit\u00e9, et m\u00eame s\u2019y installer tout le temps qui lui plaira\u00a0?<\/p>\n<p style=\"text-align: justify;\">Nous avons des jeunes dipl\u00f4m\u00e9s et talentueux dans le monde entier, pourquoi ne les ferons pas venir et construire un Maghreb fort de sa technologie et de son savoir-faire\u00a0?<\/p>\n<p style=\"text-align: justify;\">Ce r\u00eave se r\u00e9alisera un jour, car c&rsquo;est justement la possibilit\u00e9 de r\u00e9aliser un r\u00eave qui rend la vie int\u00e9ressante.<\/p>\n<p><i>Mustapha Bouhaddar pour <\/i>Maghreb Canada Express, p. 12, <i>Vol. XVI, N\u00b0 1 et 2, Janv.-F\u00e9vrier 2018<br \/>\n<\/i><\/p>\n<p>Pour lire\u00a0 l\u2019\u00e9dition du Janvier-F\u00e9vrier 2018, cliquer sur l\u2019image:<\/p>\n<p>______________________________________________________________<\/p>\n<div id=\"text-18\" class=\"sidebar-wrap clearfix widget_text\">\n<div class=\"textwidget\">\n<p><a href=\"http:\/\/www.maghreb-canada.ca\/journal\/2018\/MCE175-02-2018.pdf\"> <img loading=\"lazy\" decoding=\"async\" class=\"style1\" src=\"http:\/\/www.maghreb-canada.ca\/journal\/2018\/n175.jpg\" alt=\"Maghreb Canada Express\" width=\"176\" height=\"239\" \/><\/a><\/p>\n<\/div>\n<\/div>\n","protected":false},"excerpt":{"rendered":"<p>Malgr\u00e9 les tensions diplomatiques \u00e0 travers l\u2019histoire, le peuple marocain et le peuple alg\u00e9rien s\u2019entendent bien et s\u2019appr\u00e9cient beaucoup. Mais malheureusement, il y a la politique et les politiciens qui s\u00e8ment la discorde. Dernier en date,\u00a0 la d\u00e9claration du ministre alg\u00e9rien des Affaires \u00e9trang\u00e8res, Abdelkader Messahel, qui a accus\u00e9 des entreprises marocaines de \u00ab\u00a0blanchir l&rsquo;argent [&hellip;]<\/p>\n","protected":false},"author":1,"featured_media":1173,"comment_status":"closed","ping_status":"closed","sticky":false,"template":"","format":"standard","meta":{"footnotes":""},"categories":[6,7,8],"tags":[],"class_list":["post-3796","post","type-post","status-publish","format-standard","has-post-thumbnail","hentry","category-maghreb","category-monde","category-numero-du-mois"],"_links":{"self":[{"href":"https:\/\/maroc-canada.ca\/index.php?rest_route=\/wp\/v2\/posts\/3796","targetHints":{"allow":["GET"]}}],"collection":[{"href":"https:\/\/maroc-canada.ca\/index.php?rest_route=\/wp\/v2\/posts"}],"about":[{"href":"https:\/\/maroc-canada.ca\/index.php?rest_route=\/wp\/v2\/types\/post"}],"author":[{"embeddable":true,"href":"https:\/\/maroc-canada.ca\/index.php?rest_route=\/wp\/v2\/users\/1"}],"replies":[{"embeddable":true,"href":"https:\/\/maroc-canada.ca\/index.php?rest_route=%2Fwp%2Fv2%2Fcomments&post=3796"}],"version-history":[{"count":1,"href":"https:\/\/maroc-canada.ca\/index.php?rest_route=\/wp\/v2\/posts\/3796\/revisions"}],"predecessor-version":[{"id":3797,"href":"https:\/\/maroc-canada.ca\/index.php?rest_route=\/wp\/v2\/posts\/3796\/revisions\/3797"}],"wp:featuredmedia":[{"embeddable":true,"href":"https:\/\/maroc-canada.ca\/index.php?rest_route=\/wp\/v2\/media\/1173"}],"wp:attachment":[{"href":"https:\/\/maroc-canada.ca\/index.php?rest_route=%2Fwp%2Fv2%2Fmedia&parent=3796"}],"wp:term":[{"taxonomy":"category","embeddable":true,"href":"https:\/\/maroc-canada.ca\/index.php?rest_route=%2Fwp%2Fv2%2Fcategories&post=3796"},{"taxonomy":"post_tag","embeddable":true,"href":"https:\/\/maroc-canada.ca\/index.php?rest_route=%2Fwp%2Fv2%2Ftags&post=3796"}],"curies":[{"name":"wp","href":"https:\/\/api.w.org\/{rel}","templated":true}]}}