{"id":3798,"date":"2018-02-01T21:44:41","date_gmt":"2018-02-02T02:44:41","guid":{"rendered":"http:\/\/maghreb-canada.ca\/?p=3798"},"modified":"2018-02-01T21:44:41","modified_gmt":"2018-02-02T02:44:41","slug":"marocjerada-la-corde-du-mensonge-est-courte","status":"publish","type":"post","link":"https:\/\/maroc-canada.ca\/?p=3798","title":{"rendered":"Maroc\/Jerada : La corde du mensonge est courte"},"content":{"rendered":"<p style=\"text-align: justify;\">Le 18 d\u00e9cembre 2017, quatre personnes ont trouv\u00e9 la mort lors d\u2019un glissement de terrain au moment o\u00f9\u00a0 elles effectuaient des travaux de forage pour l\u2019extraction clandestine du cuivre, qui serait log\u00e9\u00a0 au sommet d\u2019une montagne situ\u00e9e dans la commune d\u2019Ait Haddou Youssef relevant de la province de Chichaoua, une localit\u00e9 situ\u00e9e dans la r\u00e9gion de\u00a0 Marrakech-Safi qui comprend aussi la province d\u2019 Essaouira, une ville connue mondialement \u00e0 la faveur du festival Gnoua . Malgr\u00e9 son lourd\u00a0 et sinistre bilan, cet\u00a0 \u00e9v\u00e9nement lugubre a presque pass\u00e9 inaper\u00e7u.<\/p>\n<p style=\"text-align: justify;\">Quatre jours apr\u00e8s la trag\u00e9die\u00a0 de Chichaoua, deux fr\u00e8res \u00e2g\u00e9s de 23 et 30 ans ont \u00e9t\u00e9 emport\u00e9s par des flots au fond d\u2019un gisement abandonn\u00e9\u00a0 de charbon \u00e0 Jerada. Ces deux jeunes fr\u00e8res ont p\u00e9ri alors qu\u2019ils s\u2019effor\u00e7aient\u00a0 de glaner, clandestinement,\u00a0 quelques kilos d\u2019anthracite pour subvenir aux besoins les plus\u00a0 \u00e9l\u00e9mentaires de leurs familles. D\u00e9pourvus\u00a0 des moyens requis, les habitants de Jerada\u00a0 ont\u00a0 mis plus de 15 heures avant de pouvoir tirer\u00a0 les deux\u00a0 d\u00e9pouilles mortelles de la\u00a0 boue noire.<\/p>\n<p style=\"text-align: justify;\">Tr\u00e8s choqu\u00e9e et fortement \u00e9mue par ce spectacle macabre, la population\u00a0 de Jerada, qui attend vainement, depuis la fermeture du site minier il y a une vingtaine d\u2019ann\u00e9es, une alternative \u00e9conomique tangible\u00a0 et des promesses non tenues par les gouvernements successifs du Maroc, n\u2019a pas tard\u00e9\u00a0 \u00e0 r\u00e9agir et exprimer sa\u00a0 forte col\u00e8re et son ras-le-bol \u00e0 l\u2019\u00e9gard des autorit\u00e9s locales. Ainsi, et imm\u00e9diatement apr\u00e8s avoir r\u00e9ussi \u00e0 extraire, non sans difficult\u00e9s,\u00a0\u00a0 les corps des deux victimes des mines de la mort, les habitants\u00a0 ont organis\u00e9\u00a0\u00a0 spontan\u00e9ment une immense\u00a0 marche vers le si\u00e8ge de la province pour\u00a0 faire entendre leur voix et exprimer leur col\u00e8re contre la passivit\u00e9 et\u00a0 l\u2019indiff\u00e9rence des autorit\u00e9s locales, car ce n\u2019est pas la premi\u00e8re fois que des jeunes de la ville subissent un tel sort\u00a0 au fonds des mines d\u00e9labr\u00e9es et ce , pour quelques sous seulement. Les habitants et la famille des victimes ont m\u00eame assi\u00e9g\u00e9 la morgue\u00a0 de l\u2019h\u00f4pital afin d\u2019emp\u00eacher\u00a0 les autorit\u00e9s locales de proc\u00e9der \u00e0 un enterrement rapide des corps.<\/p>\n<p style=\"text-align: justify;\">D\u2019un centre minier jadis relativement\u00a0 prosp\u00e8re, la localit\u00e9 de\u00a0 Jerada s\u2019est transform\u00e9e, au fil des ans,\u00a0 en une ville prol\u00e9tarienne en accueillant, en plusieurs vagues successives,\u00a0 des milliers d\u2019ouvriers venus des localit\u00e9s avoisinantes et de plusieurs r\u00e9gions du Maroc. La ville de Jerada a \u00e9t\u00e9 cr\u00e9\u00e9e par un gisement minier. Sans le charbon, la ville de Jerada ne serait, dans le meilleur cas, qu\u2019une toute petite bourgade peupl\u00e9e d\u2019\u00e9leveurs et d\u2019agriculteurs.\u00a0 Les principales centrales syndicales y ont trouv\u00e9 un terreau pour y d\u00e9velopper leurs\u00a0 activit\u00e9s d\u2019encadrement, d\u2019organisation et de mobilisation d\u2019une couche sociale appartenant \u00e0 la classe ouvri\u00e8re.<\/p>\n<p style=\"text-align: justify;\">Ce sont ces\u00a0 donn\u00e9es essentielles\u00a0 que\u00a0\u00a0 les autorit\u00e9s marocaines doivent prendre en consid\u00e9ration\u00a0 pour que le \u00ab\u00a0hirak de Jerada\u00a0\u00bb ne s\u2019inscrive pas dans la dur\u00e9e avec toutes les cons\u00e9quences \u00e9conomiques, sociales et autres. Les grandes manifestations et les mouvements de protestation\u00a0 populaire ne naissent pas du n\u00e9ant. La d\u00e9t\u00e9rioration de la situation mat\u00e9rielle et des conditions de vie\u00a0 fait m\u00fbrir les conditions de riposte spontan\u00e9e, parfois virulente et qui risque\u00a0 d\u2019\u00e9chapper \u00e0 tout contr\u00f4le, surtout dans un paysage marqu\u00e9 par\u00a0 la faiblesse et la perte de cr\u00e9dibilit\u00e9 des \u00ab\u00a0amortisseurs de chocs\u00a0\u00bb et des courroies de transmission entre les institutions officielles et la population concern\u00e9e,\u00a0 dont notamment les partis politiques,\u00a0 les syndicats\u00a0 et les organisations de la Soci\u00e9t\u00e9 civile. C\u2019est pourquoi, pour comprendre les \u00e9v\u00e9nements que connait Jerada depuis plus d\u2019un mois, il faut\u00a0 revenir \u00e0 sa \u00ab\u00a0gen\u00e8se\u00a0\u00bb, \u00e0 son Histoire r\u00e9cente pour y chercher quelques dates\u00a0 significatives qui peuvent nous \u00e9clairer pour mieux cerner et comprendre les causes du ras-le-bol, de l\u2019\u00e9puisement\u00a0 de la\u00a0 patience, et du tarissement des capacit\u00e9s\u00a0 de r\u00e9sistance de la population \u00e0 l\u2019absence de perspectives prometteuses.<\/p>\n<h2 style=\"text-align: justify;\">Une p\u00e9riode\u00a0 de prosp\u00e9rit\u00e9 \u00ab\u00a0prol\u00e9tarienne\u00a0\u00bb\u00a0: 1927-1998<\/h2>\n<p style=\"text-align: justify;\">Situ\u00e9e \u00e0 une soixantaine de kilom\u00e8tres au Sud de la ville d\u2019Oujda, m\u00e9tropole et chef-lieu\u00a0 de la r\u00e9gion de l\u2019Oriental,\u00a0 la ville de Jerada\u00a0 a sa particularit\u00e9 qui la singularise des autres \u00ab\u00a0centres urbains\u00a0\u00bb marocains. C\u2019est une ville qui a pu voir le jour en 1927, c&rsquo;est-\u00e0-dire l\u2019ann\u00e9e du lancement des travaux d\u2019exploitation d\u2019un important gisement d\u2019anthracite. Elle\u00a0 a \u00e9t\u00e9 cr\u00e9\u00e9e par le gisement, c\u2019est pourquoi,\u00a0\u00a0\u00a0 la dimension de la ville\u00a0 et son \u00e9volution d\u00e9mographique\u00a0 d\u00e9pendaient du volume et du rendement d\u2019exploitation du charbon. Vers la fin du vingti\u00e8me si\u00e8cle, la ville de Jerada avait une population qui serait de l\u2019ordre de 60.000 habitants dont 6000 \u00e0 7000 ouvriers, ing\u00e9nieurs et hauts techniciens sp\u00e9cialis\u00e9s dans l\u2019extraction du charbon.<\/p>\n<p style=\"text-align: justify;\">Vers le milieu de la d\u00e9cennie 90 du si\u00e8cle dernier, la baisse\u00a0 du\u00a0 rendement constat\u00e9e au niveau de l\u2019exploitation du charbon, la tendance au\u00a0 tarissement\u00a0 des r\u00e9serves et surtout la chute du prix du charbon sur\u00a0 le march\u00e9 international ont conduit les Charbonnages du Maroc ( CDM),\u00a0\u00a0 l\u2019entreprise\u00a0 qui assurait \u00e0 l\u2019\u00e9poque l\u2019extraction et la commercialisation de l\u2019anthracite\u00a0 de Jerada,\u00a0 \u00e0 d\u00e9cider la fermeture\u00a0 d\u00e9finitive de ce site minier, en juillet 1998 .<\/p>\n<p style=\"text-align: justify;\">Pour amortir le choc et pallier aux cons\u00e9quences sociales d\u00e9sastreuses de cet arr\u00eat d\u2019exploitation, le gouvernement marocain de l\u2019\u00e9poque avait mis en place deux commissions. Pr\u00e9sid\u00e9e par Driss Benhima, qui assumait \u00e0 l\u2019\u00e9poque la fonction de\u00a0 directeur g\u00e9n\u00e9ral de l\u2019Office National de l\u2019Electricit\u00e9 (ONE), la premi\u00e8re commission avait pour objectif de payer les cotisations sociales des CDM en faillite , verser les p\u00e9cules de d\u00e9part des mineurs et proc\u00e9der \u00e0 la liquidation de l\u2019actif des CDM. Cette commission avait accompli sa mission\u00a0 qui a co\u00fbt\u00e9 plus de deux milliards de dhs au contribuable marocain. La deuxi\u00e8me commission dont la direction a \u00e9t\u00e9 confi\u00e9e au Feu Meziane Belfkih, conseiller du Roi \u00e0 l\u2019\u00e9poque, devrait se pencher sur la reconversion de la mine et la recherche d\u2019alternative \u00e9conomique fiable\u00a0 et durable\u00a0 pour la localit\u00e9. Cette commission a fait des promesses qui sont rest\u00e9es lettres mortes, des promesses non tenues et des v\u0153ux pieux. La population de Jerada qui attend depuis vingt\u00a0 ans,\u00a0 n\u2019a rien vu de concret et de s\u00e9rieux qui pourrait la rassurer et lui\u00a0 donner un espoir. Ce qui l\u2019a pouss\u00e9e \u00e0 perdre toute confiance\u00a0\u00a0 dans ses repr\u00e9sentants au Parlement, dans les \u00e9lus locaux et\u00a0 dans les interm\u00e9diaires\u00a0 politiques et sociaux dont les partis politiques et les syndicats.<\/p>\n<p style=\"text-align: justify;\">Les gouvernements marocains\u00a0 successifs n\u2019ont pratiquement rien fait depuis la fermeture du site minier\u00a0 de Jerada . Pire encore, ils ont ferm\u00e9 les yeux sur l\u2019exploitation clandestine et\u00a0 p\u00e9rilleuse des gisements d\u00e9laiss\u00e9s et dangereusement d\u00e9labr\u00e9s. Selon certaines informations, entre\u00a0 1000\u00a0 et 3000 familles vivent de cette activit\u00e9 clandestine et partant ill\u00e9gale. La production annuelle extraite par ces mineurs clandestins qui serait de l\u2019ordre de 37.000 tonnes\u00a0 est \u00e9coul\u00e9e dans la r\u00e9gion orientale et m\u00eame dans des r\u00e9gions \u00e9loign\u00e9es. Les principaux clients sont les briquetiers, les fours et les Hammams\u00a0 (bains traditionnels) et m\u00eame des particuliers. Ces mineurs clandestins op\u00e8rent dans des conditions de travail\u00a0\u00a0 qui rappellent celles qui s\u00e9vissaient au\u00a0 moyen \u00e2ge et au cours de l\u2019\u00e8re pr\u00e9industrielle.\u00a0 Sans casques, ni masques et sans \u00e9clairage ad\u00e9quat, ces pauvres mineurs risquent leur vie pour gagner des miettes\u00a0 qui leur permettent\u00a0 de faire\u00a0 survivre, difficilement, les membres de leurs familles dont notamment les parents. Les conditions de travail effroyables\u00a0 dans lesquelles op\u00e8rent ces mineurs clandestins rappellent celles dans lesquelles travaillaient les ouvriers des\u00a0 mines de Montsou, en 1884. Des conditions cruelles qu\u2019Emile Zola a superbement d\u00e9crites\u00a0 dans son c\u00e9l\u00e8bre roman, <i>Germinal<\/i>.<\/p>\n<p style=\"text-align: justify;\">Au lieu de s\u2019engager dans une r\u00e9flexion responsable,\u00a0 sereine et approfondie devant d\u00e9boucher sur des propositions concr\u00e8tes pour cr\u00e9er\u00a0 les conditions requises pour un d\u00e9veloppement harmonieux et int\u00e9gr\u00e9 de la r\u00e9gion qui vit dans la pr\u00e9carit\u00e9 depuis 20 ans,\u00a0 des membres du conseil de la r\u00e9gion se sont engag\u00e9s dans des d\u00e9bats st\u00e9riles et des\u00a0 pol\u00e9miques inutiles qui n\u2019avaient aucune raison d\u2019\u00eatre dans un moment de consternation et de deuil. C\u2019est le cas d\u2019une femme parlementaire et membre du conseil\u00a0 de la r\u00e9gion de l\u2019Oriental qui s\u2019est fortement oppos\u00e9e et a vivement critiqu\u00e9 une proposition faite par un de ses coll\u00e8gues,\u00a0 par laquelle il a demand\u00e9\u00a0 une r\u00e9union extraordinaire\u00a0 du conseil r\u00e9gional. Cette femme a certainement estim\u00e9 que les int\u00e9r\u00eats du parti priment et que\u00a0 la lutte contre la pauvret\u00e9 et la pr\u00e9carit\u00e9 ne devraient \u00eatre\u00a0 prioritaires que dans le discours, et non pas dans la pratique et l\u2019action.<\/p>\n<h2 style=\"text-align: justify;\">R\u00e9action tardive du gouvernement<\/h2>\n<p style=\"text-align: justify;\">Le 4 janvier 2018, Aziz Rabbah, ministre de l\u2019\u00e9nergie, des mines et du d\u00e9veloppement durable, s\u2019est rendu \u00e0 Jerada pour tenter d\u2019apaiser la situation tr\u00e8s tendue cr\u00e9\u00e9e par des manifestations qui ne s\u2019arr\u00eataient pas, malgr\u00e9 le mauvais temps et le\u00a0 froid glacial qui s\u2019est empar\u00e9 de la r\u00e9gion \u00e0 la fin de l\u2019ann\u00e9e 2017 et au d\u00e9but de la nouvelle ann\u00e9e . Le ministre Rabbah a tenu plusieurs r\u00e9unions avec des \u00e9lus locaux, des repr\u00e9sentants de la population et des repr\u00e9sentants de la Soci\u00e9t\u00e9 civile. Contre toute attente, cette visite et au lieu de calmer les esprits a raviv\u00e9\u00a0 le m\u00e9contentement\u00a0 de la population qui est all\u00e9e\u00a0 jusqu\u2019 \u00e0\u00a0 accuser\u00a0 le ministre et le gouvernement de v\u00e9hiculer\u00a0 et d\u2019entretenir un discours mensonger. En effet, quelques jours seulement apr\u00e8s la visite de Rabbah, des milliers de personnes ont\u00a0 manifest\u00e9 leur col\u00e8re\u00a0\u00a0 et cherch\u00e9 \u00e0 d\u00e9noncer le\u00a0 hiatus flagrant et le large foss\u00e9 qui s\u00e9pare le discours des actions concr\u00e8tes.<\/p>\n<p style=\"text-align: justify;\">L\u2019\u00e9chec de la mission de Rabbah a amen\u00e9 le gouvernement \u00e0 d\u00e9p\u00eacher, le 19 janvier 2018, Aziz Akhannouch,\u00a0 ministre de l\u2019agriculture, de la p\u00eache maritime, du d\u00e9veloppement rural et des eaux et for\u00eats pour \u00e9viter une d\u00e9t\u00e9rioration de\u00a0 la situation .A cet effet, le ministre Akhannouch a propos\u00e9 un plan d\u2019action urgent qui ambitionne de\u00a0 faire de l\u2019agriculture un vrai levier de d\u00e9veloppement de toute la r\u00e9gion. Ce qui n\u00e9cessitera une enveloppe budg\u00e9taire\u00a0 de 28, 2 millions de Dhs qui sera engag\u00e9e au cours de cette ann\u00e9e.<\/p>\n<p style=\"text-align: justify;\">\u00c9videmment\u00a0 l\u2019impact r\u00e9el,\u00a0 la r\u00e9ussite ou l\u2019\u00e9chec de la mission du ministre Akhannouch d\u00e9pendront\u00a0 de\u00a0 la r\u00e9action de la population \u00e0 de la pertinence de l\u2019offre du gouvernement et surtout de la mani\u00e8re d\u2019agir et de proc\u00e9der qui sera adopt\u00e9e par l\u2019Ex\u00e9cutif marocain. Le Hirak du Rif et celui en cours \u00e0 Jerada ont montr\u00e9, d\u2019une mani\u00e8re claire et nette,\u00a0 que la population a tendance \u00e0 perdre confiance dans les \u00e9lus locaux, les partis politiques et toutes les institutions d\u2019interm\u00e9diation entre la population et les institutions gouvernementales. Les populations d\u00e9sh\u00e9rit\u00e9es estiment qu\u2019elles ont \u00e9t\u00e9 trahies\u00a0 et l\u00e9s\u00e9es par la passivit\u00e9 dangereuse et les promesses non tenues par les gouvernements marocains successifs. Pour exprimer leurs requ\u00eates et dol\u00e9ances et faire entendre leurs voix et d\u00e9noncer la perfidie dont font preuve certains\u00a0 \u00e9lus, les habitants de Jerada ont pr\u00e9f\u00e9r\u00e9 recourir des manifestations populaires et des sit-in qui n\u2019octroient aucun r\u00f4le aux \u00e9lus et aux partis politiques.\u00a0 Cette position populaire doit n\u00e9cessairement interpeller les partis politiques, les d\u00e9cideurs gouvernementaux et tous ceux qui sont charg\u00e9s de la gestion des affaires publiques. Et ce n\u2019est pas une question simple ou anodine car elle doit\u00a0 amener les Etats\u00a0 qui se respectent \u00e0 poser d\u2019autres questions sur l\u2019int\u00e9r\u00eat des scrutins, le r\u00f4le du Parlement, des partis politiques, des syndicats, de la Soci\u00e9t\u00e9 civile et des collectivit\u00e9s locales et des autorit\u00e9s locales charg\u00e9es de la coordination de l\u2019action des Services ext\u00e9rieurs des\u00a0 minist\u00e8res.<\/p>\n<p style=\"text-align: justify;\">Le fonctionnement des institutions officielles marocaines et l\u2019organisation d\u2019\u00e9lections co\u00fbtent \u00e9norm\u00e9ment d\u2019argent que le contribuable, pauvre ou riche, doit payer. Mais, pour quelle raison et pour quel objectif\u00a0? Les \u00e9lections ne sont ni une fin en soi, ni\u00a0 un luxe. Elles ne doivent pas \u00eatre consid\u00e9r\u00e9es comme une belle vitrine devant cacher des monstruosit\u00e9s et des v\u00e9rit\u00e9s am\u00e8res. Le scrutin ne doit \u00eatre con\u00e7u que comme un simple exercice politique devant\u00a0 d\u00e9boucher sur l\u2019\u00e9mergence d\u2019une \u00e9lite politique capable d\u2019assimiler et de bien comprendre les besoins de la population, de mettre en \u0153uvre les politiques susceptibles de r\u00e9soudre les probl\u00e8mes, de gagner les paris et de relever\u00a0 les d\u00e9fis.<\/p>\n<p style=\"text-align: justify;\">Le d\u00e9veloppement socio-\u00e9conomique d\u2019un pays d\u00e9pend d\u2019un syst\u00e8me politique enti\u00e8rement d\u00e9mocratique et qui ne devait souffrir\u00a0 d\u2019aucune exception. La d\u00e9mocratie est un tout indivisible qui n\u2019admet aucune exception due \u00e0 une quelconque sp\u00e9cificit\u00e9 historique, locale ou nationale.<\/p>\n<p style=\"text-align: justify;\">La politique doit \u00eatre une mission noble, une passion et une conviction personnelle fond\u00e9e sur la sinc\u00e9rit\u00e9, le b\u00e9n\u00e9volat et la volont\u00e9 sinc\u00e8re de ceux qui ont choisi d\u2019y op\u00e9rer. La politique ne doit pas \u00eatre un m\u00e9tier et une activit\u00e9 lucrative pour ceux qui cherchent un enrichissement rapide par des moyens, souvent\u00a0 d\u00e9loyaux.\u00a0\u00a0 L\u2019ind\u00e9pendance totale\u00a0 des partis, la transparence des \u00e9lections, la corr\u00e9lation \u00e0 \u00e9tablir\u00a0 entre l\u2019exercice de la responsabilit\u00e9 et la reddition des comptes pour \u00e9viter l\u2019impunit\u00e9 sont les conditions n\u00e9cessaires pour amorcer un v\u00e9ritable processus de d\u00e9veloppement et d\u2019\u00e9mancipation d\u2019une population donn\u00e9e. Continuer \u00e0 ignorer ces donn\u00e9es essentielles\u00a0 est une entreprise suicidaire qui ne peut qu\u2019\u00e9largir le foss\u00e9 et intensifier\u00a0 la m\u00e9fiance \u00e9tablie entre les\u00a0 populations et les gouvernements en place.<\/p>\n<p style=\"text-align: justify;\">Le plus dangereux, voire le pire pour un pays\u00a0 donn\u00e9 est d\u2019opter pour \u00ab\u00a0la politique des calmants et des s\u00e9datifs en cherchant \u00e0 \u00a0vendre des illusions\u00a0\u00bb\u00a0 et en multipliant les promesses non tenues et des v\u0153ux pieux, car la corde du mensonge est courte, pour reprendre un proverbe arabe c\u00e9l\u00e8bre. La virulente et inattendue\u00a0 r\u00e9action\u00a0 \u00e0 la mission d\u2019Aziz Rabbah montre clairement que les habitants de Jerada sont d\u00e9termin\u00e9s \u00e0 d\u00e9chiqueter\u00a0 cette corde, que\u00a0 les gouvernements marocains successifs souhaitent entretenir,\u00a0 en d\u00e9pit de son impertinence.<\/p>\n<p style=\"text-align: justify;\">Le d\u00e9veloppement, le vrai d\u00e9veloppement n\u2019est pas un banal jeu d\u2019enfants. C\u2019est une lourde et d\u00e9licate mission dont l\u2019accomplissement n\u00e9cessite une bonne ing\u00e9nierie, des comp\u00e9tences av\u00e9r\u00e9es et des visions strat\u00e9giques. Un pays o\u00f9 une bonne partie des \u00e9lus est\u00a0 analphab\u00e8te risque de s\u2019enfoncer dans les sables mouvants du sous-d\u00e9veloppement. A ce sujet, il suffit de rappeler qu\u2019aux derni\u00e8res \u00e9lections communales organis\u00e9es au Maroc\u00a0 en\u00a0 septembre 2015,\u00a0 43% des \u00e9lus locaux\u00a0 n\u2019ont pas d\u00e9pass\u00e9 le niveau primaire. C\u2019est un goulot d\u2019\u00e9tranglement qu\u2019il faut \u00e9liminer, le plus rapidement possible,\u00a0 si l\u2019on veut vraiment d\u00e9velopper notre cher\u00a0 pays.<\/p>\n<p><i>Ahmed Saber pour <\/i>Maghreb Canada Express, pages 10-11, <i>Vol. XVI, N\u00b0 1 et 2, Janvier-F\u00e9vrier 2018<br \/>\n<\/i><\/p>\n<p>Pour lire\u00a0 l\u2019\u00e9dition du Janvier-F\u00e9vrier 2018, cliquer sur l\u2019image:<\/p>\n<p>_________________________________________________________________<\/p>\n<div id=\"text-18\" class=\"sidebar-wrap clearfix widget_text\">\n<div class=\"textwidget\">\n<p><a href=\"http:\/\/www.maghreb-canada.ca\/journal\/2018\/MCE175-02-2018.pdf\"> <img loading=\"lazy\" decoding=\"async\" class=\"style1\" src=\"http:\/\/www.maghreb-canada.ca\/journal\/2018\/n175.jpg\" alt=\"Maghreb Canada Express\" width=\"176\" height=\"239\" \/><\/a><\/p>\n<\/div>\n<\/div>\n","protected":false},"excerpt":{"rendered":"<p>Le 18 d\u00e9cembre 2017, quatre personnes ont trouv\u00e9 la mort lors d\u2019un glissement de terrain au moment o\u00f9\u00a0 elles effectuaient des travaux de forage pour l\u2019extraction clandestine du cuivre, qui serait log\u00e9\u00a0 au sommet d\u2019une montagne situ\u00e9e dans la commune d\u2019Ait Haddou Youssef relevant de la province de Chichaoua, une localit\u00e9 situ\u00e9e dans la r\u00e9gion [&hellip;]<\/p>\n","protected":false},"author":1,"featured_media":3652,"comment_status":"closed","ping_status":"closed","sticky":false,"template":"","format":"standard","meta":{"footnotes":""},"categories":[6,7,8],"tags":[],"class_list":["post-3798","post","type-post","status-publish","format-standard","has-post-thumbnail","hentry","category-maghreb","category-monde","category-numero-du-mois"],"_links":{"self":[{"href":"https:\/\/maroc-canada.ca\/index.php?rest_route=\/wp\/v2\/posts\/3798","targetHints":{"allow":["GET"]}}],"collection":[{"href":"https:\/\/maroc-canada.ca\/index.php?rest_route=\/wp\/v2\/posts"}],"about":[{"href":"https:\/\/maroc-canada.ca\/index.php?rest_route=\/wp\/v2\/types\/post"}],"author":[{"embeddable":true,"href":"https:\/\/maroc-canada.ca\/index.php?rest_route=\/wp\/v2\/users\/1"}],"replies":[{"embeddable":true,"href":"https:\/\/maroc-canada.ca\/index.php?rest_route=%2Fwp%2Fv2%2Fcomments&post=3798"}],"version-history":[{"count":1,"href":"https:\/\/maroc-canada.ca\/index.php?rest_route=\/wp\/v2\/posts\/3798\/revisions"}],"predecessor-version":[{"id":3799,"href":"https:\/\/maroc-canada.ca\/index.php?rest_route=\/wp\/v2\/posts\/3798\/revisions\/3799"}],"wp:featuredmedia":[{"embeddable":true,"href":"https:\/\/maroc-canada.ca\/index.php?rest_route=\/wp\/v2\/media\/3652"}],"wp:attachment":[{"href":"https:\/\/maroc-canada.ca\/index.php?rest_route=%2Fwp%2Fv2%2Fmedia&parent=3798"}],"wp:term":[{"taxonomy":"category","embeddable":true,"href":"https:\/\/maroc-canada.ca\/index.php?rest_route=%2Fwp%2Fv2%2Fcategories&post=3798"},{"taxonomy":"post_tag","embeddable":true,"href":"https:\/\/maroc-canada.ca\/index.php?rest_route=%2Fwp%2Fv2%2Ftags&post=3798"}],"curies":[{"name":"wp","href":"https:\/\/api.w.org\/{rel}","templated":true}]}}