{"id":3800,"date":"2018-02-01T21:48:29","date_gmt":"2018-02-02T02:48:29","guid":{"rendered":"http:\/\/maghreb-canada.ca\/?p=3800"},"modified":"2018-02-01T21:48:29","modified_gmt":"2018-02-02T02:48:29","slug":"maroc-diplomatie-les-jeunes-diplomates-marocains-seraient-ils-arrogants","status":"publish","type":"post","link":"https:\/\/maroc-canada.ca\/?p=3800","title":{"rendered":"Maroc-diplomatie : Les jeunes diplomates marocains seraient-ils arrogants\u00a0?"},"content":{"rendered":"<p style=\"text-align: justify;\">Dans sa livraison du samedi 18 janvier 2018, le journal \u00ab\u00a0Le Monde Afrique \u00a0\u00bb, un\u00a0 quotidien fran\u00e7ais de r\u00e9f\u00e9rence, a publi\u00e9 un\u00a0 article sous le titre\u00a0\u00ab\u00a0 L\u2019Union africaine, terrain de bataille diplomatique entre l\u2019Alg\u00e9rie et le Maroc\u00a0\u00bb. Paru\u00a0 au lendemain de l\u2019\u00e9lection du Maroc au Conseil de Paix et de S\u00e9curit\u00e9\u00a0 de l\u2019Union Africaine ( CPS) pour un mandat de 2 ans ( 2018-2019) , et \u00e0 la veille du\u00a0 du 30\u00e8me sommet des chefs d\u2019\u00c9tats et de gouvernements de l\u2019Union Africaine( UA), dont les travaux ont eu lieu \u00e0 Addis-Abeba ( \u00c9thiopie), les 28 et 29 janvier 2018,\u00a0\u00a0 l\u2019article en question avait, entres autres\u00a0 objectifs,\u00a0 de permettre aux lecteurs du \u00ab\u00a0Monde\u00a0Afrique \u00bb d\u2019appr\u00e9cier, chacun \u00e0 sa mani\u00e8re, la mani\u00e8re \u00e0 la quelle ont recours les diplomates marocains, pr\u00e9sents au centre de conf\u00e9rence d\u2019 Addis-Abeba,\u00a0 pour mettre en \u0153uvre \u00ab\u00a0l\u2019offensive diplomatique du Maroc en Afrique\u00a0\u00bb.<\/p>\n<p style=\"text-align: justify;\">Dans un de ses paragraphes, ledit article a livr\u00e9\u00a0 quelques indications sur le comportement et la mani\u00e8re d\u2019agir\u00a0 des diplomates marocains. A cet \u00e9gard, les auteurs de cet article\u00a0 ont cit\u00e9\u00a0 des propos attribu\u00e9s \u00e0\u00a0 un \u00ab\u00a0ponte africain\u00a0\u00bb :\u00a0\u00ab\u00a0 Dans les all\u00e9es du centre de conf\u00e9rence d\u2019Addis-Abeba, l\u2019offensive diplomatique du Maroc , \u00ab\u00a0la fougue\u00a0\u00bb et\u00a0\u00ab\u00a0 l\u2019arrogance\u00a0\u00bb de ses jeunes technocrates agacent certaines puissances historiques\u00a0\u00ab\u00a0 ils font de la communication\u00a0\u00bb,\u00a0\u00ab\u00a0 ils se sentent sup\u00e9rieurs\u00a0\u00bb, on verra si cela dure\u00a0\u00bb, peut-on entendre dans les couloirs. Ils vont apprendre \u00e0 se calmer, balaie un ponte de l\u2019UA\u00a0\u00bb, a rapport\u00e9,\u00a0 textuellement, le Monde Afrique.<\/p>\n<p style=\"text-align: justify;\">Le fait que le journal fran\u00e7ais susdit\u00a0 a pr\u00e9f\u00e9r\u00e9 ne pas r\u00e9v\u00e9ler l\u2019identit\u00e9 de ce\u00a0\u00ab\u00a0 ponte africain\u00a0\u00bb\u00a0\u00a0 ne doit pas nous amener \u00e0\u00a0 commettre l\u2019erreur d\u2019ignorer compl\u00e8tement cette affirmation et s\u2019abstenir, pour une raison ou une autre, \u00e0 en juger le degr\u00e9 de\u00a0 v\u00e9racit\u00e9. C\u2019est une remarque trop importante pour faire l\u2019objet d\u2019une impasse\u00a0 qui risque de couter cher au cas o\u00f9 elle\u00a0 s\u2019av\u00e8re vraie et bien fond\u00e9e.<\/p>\n<p style=\"text-align: justify;\">Ceux qui sont charg\u00e9s de g\u00e9rer\u00a0 la politique \u00e9trang\u00e8re marocaine et les outils de sa mise en \u0153uvre concr\u00e8tement doivent bien m\u00e9diter ces propos tenus par des Africains, la cible premi\u00e8re de la strat\u00e9gie marocaine. C\u2019est un jugement, ou une simple opinion,\u00a0 qui doit aussi interpeller ceux qui sont charg\u00e9s de g\u00e9rer\u00a0 le mouvement\u00a0 des diplomates et leur affectation \u00e0 l\u2019\u00e9tranger,\u00a0 si l\u2019on veut\u00a0 vraiment \u00e9valuer correctement\u00a0 le taux de r\u00e9ussite et le rendement\u00a0 des diplomates\u00a0 marocains op\u00e9rant en Afrique et ailleurs. Enfin, c\u2019est une affirmation\u00a0 qui doit \u00eatre bien \u00e9tudi\u00e9e et raisonn\u00e9e\u00a0\u00a0 par ceux qui sont charg\u00e9s de la formation au sein du minist\u00e8re des affaires \u00e9trang\u00e8res et plus pr\u00e9cis\u00e9ment\u00a0 ceux\u00a0 qui sont charg\u00e9s de pr\u00e9parer et d\u2019ex\u00e9cuter\u00a0 le programme de formation des nouveaux diplomates au sein de\u00a0 l\u2019Acad\u00e9mie marocaine des Etudes diplomatiques. Un diplomate n\u2019est pas seulement une personne\u00a0 hautement cultiv\u00e9e et\u00a0 qui\u00a0 maitrise quelques langues \u00e9trang\u00e8res. Un agent diplomatique (chef de mission ou un autre membre du personnel d\u2019une\u00a0 mission diplomatique) ou tout simplement un membre du personnel administratif ou technique\u00a0 n\u2019est pas seulement un bon observateur des faits et une personne qui dispose de bonnes connaissances sur l\u2019histoire, l\u2019\u00e9conomie , la culture,\u00a0 les valeurs et les sensibilit\u00e9s\u00a0\u2026..du pays qu\u2019il repr\u00e9sente ou de l\u2019\u00c9tat accr\u00e9ditaire.<\/p>\n<p style=\"text-align: justify;\">Le diplomate est avant une personne qui sait \u00e9couter ses interlocuteurs, capable de maitriser ses \u00e9motions. C\u2019est\u00a0 une personne qui communique bien et qui se donne le devoir absolu de respecter autrui. Le bon diplomate doit se conformer rigoureusement et sans aucune faille\u00a0 aux\u00a0 lois en vigueur sur tout le territoire de l\u2019\u00c9tat accr\u00e9ditaire. Il\u00a0 doit\u00a0 avoir un comportement exemplaire.\u00a0 L\u2019arrogance ne peut mener qu\u2019aux d\u00e9b\u00e2cles\u00a0 et \u00e0 l\u2019\u00e9chec de toute action diplomatique. C\u2019est pourquoi, le programme\u00a0 de formation des jeunes\u00a0 diplomates et des fonctionnaires consulaires, doit accorder une importance particuli\u00e8re et une place privil\u00e9gi\u00e9e\u00a0 aux comp\u00e9tences morales, afin de\u00a0\u00a0\u00a0 forger les profils et fa\u00e7onner la force de caract\u00e8re\u00a0 qu\u2019exige l\u2019exercice de\u00a0 la fonction de diplomate.<\/p>\n<h2 style=\"text-align: justify;\">Une bonne politique \u00e9trang\u00e8re a besoin d\u2019une diplomatie efficace et\u00a0 non arrogante<\/h2>\n<p style=\"text-align: justify;\">A cet \u00e9gard, il faut savoir\u00a0 que la politique \u00e9trang\u00e8re\u00a0 et\u00a0 la diplomatie sont deux domaines, certes compl\u00e9mentaires, mais tr\u00e8s distincts\u00a0 l\u2019un de l\u2019autre. La politique \u00e9trang\u00e8re est g\u00e9n\u00e9ralement d\u00e9finie comme l\u2019ensemble des choix strat\u00e9giques et politiques en mati\u00e8re de relations avec le reste du monde. Des choix qui doivent \u00eatre\u00a0 clairs, coh\u00e9rents, r\u00e9alistes et partant r\u00e9alisables. Pour sa part,\u00a0 la diplomatie\u00a0 est le processus de\u00a0 mise en \u0153uvre de cette politique par l\u2019interm\u00e9diaire des diplomates. Ainsi,\u00a0 pour atteindre les objectifs escompt\u00e9s en mati\u00e8re de relations \u00e9trang\u00e8res, il ne suffit pas d\u2019avoir opt\u00e9 pour\u00a0 une bonne politique \u00e9trang\u00e8re et une excellente strat\u00e9gie d\u2019action. Il faut aussi savoir choisir, objectivement, sans complaisance et sans indulgence souvent excessive,\u00a0 les comp\u00e9tences professionnelles et morales\u00a0 appropri\u00e9es\u00a0 pour que la politique \u00e9trang\u00e8re puisse atteindre les objectifs arr\u00eat\u00e9s. En effet, \u00ab\u00a0si l\u2019argent est le nerf de la guerre, le diplomate devrait \u00eatre le nerf de tous les combats \u00e0 mener, sereinement et convenablement, contre ceux\u00a0 qui, pour une raison ou une autre, s\u2019obstinent \u00e0 mettre des b\u00e2tons dans les roues de la machine diplomatique du pays qu\u2019il repr\u00e9sente\u00a0\u00bb.<\/p>\n<p style=\"text-align: justify;\">C\u2019est pourquoi, les propos attribu\u00e9s \u00e0 ce \u00ab\u00a0ponte africain\u00a0\u00bb ne doivent pas \u00eatre sous-estim\u00e9s. Ils doivent \u00eatre bien pens\u00e9s\u00a0 pour pouvoir en juger le degr\u00e9 de v\u00e9racit\u00e9 et en tirer les cons\u00e9quences, le cas \u00e9ch\u00e9ant.<\/p>\n<p style=\"text-align: justify;\">L\u2019arrogance est le pire ennemi de la diplomatie car,\u00a0 et pour reprendre une c\u00e9l\u00e8bre et sage\u00a0 citation de Simon de\u00a0 Bignicourt, \u00ab\u00a0l\u2019arrogance\u00a0\u00a0 est le courage des faibles et l\u2019esprit des imb\u00e9ciles\u00a0\u00bb. En outre, le manteau de l\u2019arrogance ne couvre qu\u2019un squelette ( selon Pierre-Claude-Victor Boiste). Les\u00a0 diplomates arrogants sont trop faibles pour \u00eatre en mesure de mettre en \u0153uvre convenablement la politique \u00e9trang\u00e8re du Maroc. Leur mani\u00e8re d\u2019agir\u00a0 et leurs pr\u00e9sum\u00e9s\u00a0 mauvais comportements \u00e0 l\u2019\u00e9gard des personnes et des institutions cibl\u00e9es\u00a0 doit faire l\u2019objet d\u2019une enqu\u00eate purement\u00a0 interne. Dans les questions fondamentales et strat\u00e9giques,\u00a0 l\u2019information \u00ab\u00a0futile\u00a0\u00bb ou sans importance visible \u00e0 l\u2019\u0153il nu, et\u00a0 partant\u00a0 \u00e0 n\u00e9gliger, n\u2019existe pas. Tout est important quand il s\u2019agit des domaines de haute importance pour le pr\u00e9sent et le futur d\u2019un pays.<\/p>\n<p style=\"text-align: justify;\">Lors du 30\u00e8me sommet des chefs d\u2019Etats et de gouvernements de l\u2019Union Africaine, le Maroc a \u00e9t\u00e9 \u00e9lu , le 26 janvier 2018, nouveau membre du CPS de l\u2019Union Africaine en obtenant 39 voix sur 55( 71% des voix), sachant qu\u2019il s\u2019est pr\u00e9sent\u00e9 comme candidat unique pour la r\u00e9gion nord-africaine apr\u00e8s le retrait de la Tunisie ( qui aurait\u00a0 pr\u00e9f\u00e9r\u00e9 le poste de membre non permanent du Conseil de S\u00e9curit\u00e9 des Nations Unies) et l\u2019Alg\u00e9rie ( qui aurait opt\u00e9 pour un poste qui lui accorde\u00a0 un mandat de 3 ans au sein du CPS).\u00a0 Bien qu\u2019il soit l\u00e9g\u00e8rement sup\u00e9rieur au nombre requis pour l\u2019\u00e9lection \u00e0 ce poste ( le nombre de voix requis pour cette \u00e9lection est 36) , le score enregistr\u00e9 par le Maroc lors de ce n\u2019est pas totalement satisfaisant.<\/p>\n<h2 style=\"text-align: justify;\">Le Maroc pourrait faire mieux<\/h2>\n<p style=\"text-align: justify;\">D\u2019ailleurs, les pays qui \u00e9taient \u00e9lus avec le Maroc\u00a0\u00a0 au m\u00eame poste ont r\u00e9alis\u00e9\u00a0 des scores nettement meilleurs. Ce score, qu\u2019il faut consid\u00e9rer comme \u00e9triqu\u00e9, vu l\u2019ampleur des efforts entrepris par le Maroc en Afrique, devrait contraindre\u00a0 les hauts responsables du minist\u00e8re marocain des affaires \u00e9trang\u00e8res \u00e0 ne pas sous-estimer les propos du ponte africain cit\u00e9 par\u00a0\u00ab\u00a0 le Monde\u00a0\u00bb. L\u2019analyse du r\u00e9sultat du vote de 26 janvier dernier doit amener les responsables marocains \u00e0 se poser des questions sur la perte de 16\u00a0\u00a0\u00a0\u00a0\u00a0 (ou seulement 14 voix)\u00a0 dans un scrutin au cours duquel le Maroc s\u2019est pr\u00e9sent\u00e9 comme candidat r\u00e9gional unique.<\/p>\n<p style=\"text-align: justify;\">L\u2019analyse de la d\u00e9claration du \u00ab\u00a0ponte africain\u00a0\u00bb pourrait aider les responsables marocains \u00e0 mieux comprendre les causes ayant conduit \u00e0 un tel r\u00e9sultat. Enfin, il convient de pr\u00e9ciser que ledit ponte africain\u00a0 a eu recours au terme \u00ab\u00a0 technocrates \u00bb, en lieu et place de diplomates, pour qualifier les personnes charg\u00e9es de la promotion des int\u00e9r\u00eats du Maroc en Afrique. C\u2019est une autre\u00a0 question qu\u2019il faut bien d\u00e9cortiquer.<\/p>\n<p><i>Ahmed Saber pour <\/i>Maghreb Canada Express, pages 6 et 7, <i>Vol. XVI, N\u00b0 1 et 2, Janvier-F\u00e9vrier 2018<\/i><\/p>\n<p>Pour lire\u00a0 l\u2019\u00e9dition du Janvier-F\u00e9vrier 2018, cliquer sur l\u2019image:<\/p>\n<p>_________________________________________________________________<\/p>\n<div id=\"text-18\" class=\"sidebar-wrap clearfix widget_text\">\n<div class=\"textwidget\">\n<p><a href=\"http:\/\/www.maghreb-canada.ca\/journal\/2018\/MCE175-02-2018.pdf\"> <img loading=\"lazy\" decoding=\"async\" class=\"style1\" src=\"http:\/\/www.maghreb-canada.ca\/journal\/2018\/n175.jpg\" alt=\"Maghreb Canada Express\" width=\"176\" height=\"239\" \/><\/a><\/p>\n<\/div>\n<\/div>\n<p>&nbsp;<\/p>\n","protected":false},"excerpt":{"rendered":"<p>Dans sa livraison du samedi 18 janvier 2018, le journal \u00ab\u00a0Le Monde Afrique \u00a0\u00bb, un\u00a0 quotidien fran\u00e7ais de r\u00e9f\u00e9rence, a publi\u00e9 un\u00a0 article sous le titre\u00a0\u00ab\u00a0 L\u2019Union africaine, terrain de bataille diplomatique entre l\u2019Alg\u00e9rie et le Maroc\u00a0\u00bb. Paru\u00a0 au lendemain de l\u2019\u00e9lection du Maroc au Conseil de Paix et de S\u00e9curit\u00e9\u00a0 de l\u2019Union Africaine ( [&hellip;]<\/p>\n","protected":false},"author":1,"featured_media":3652,"comment_status":"closed","ping_status":"closed","sticky":false,"template":"","format":"standard","meta":{"footnotes":""},"categories":[6,7,8,13],"tags":[],"class_list":["post-3800","post","type-post","status-publish","format-standard","has-post-thumbnail","hentry","category-maghreb","category-monde","category-numero-du-mois","category-tribune-libre"],"_links":{"self":[{"href":"https:\/\/maroc-canada.ca\/index.php?rest_route=\/wp\/v2\/posts\/3800","targetHints":{"allow":["GET"]}}],"collection":[{"href":"https:\/\/maroc-canada.ca\/index.php?rest_route=\/wp\/v2\/posts"}],"about":[{"href":"https:\/\/maroc-canada.ca\/index.php?rest_route=\/wp\/v2\/types\/post"}],"author":[{"embeddable":true,"href":"https:\/\/maroc-canada.ca\/index.php?rest_route=\/wp\/v2\/users\/1"}],"replies":[{"embeddable":true,"href":"https:\/\/maroc-canada.ca\/index.php?rest_route=%2Fwp%2Fv2%2Fcomments&post=3800"}],"version-history":[{"count":1,"href":"https:\/\/maroc-canada.ca\/index.php?rest_route=\/wp\/v2\/posts\/3800\/revisions"}],"predecessor-version":[{"id":3801,"href":"https:\/\/maroc-canada.ca\/index.php?rest_route=\/wp\/v2\/posts\/3800\/revisions\/3801"}],"wp:featuredmedia":[{"embeddable":true,"href":"https:\/\/maroc-canada.ca\/index.php?rest_route=\/wp\/v2\/media\/3652"}],"wp:attachment":[{"href":"https:\/\/maroc-canada.ca\/index.php?rest_route=%2Fwp%2Fv2%2Fmedia&parent=3800"}],"wp:term":[{"taxonomy":"category","embeddable":true,"href":"https:\/\/maroc-canada.ca\/index.php?rest_route=%2Fwp%2Fv2%2Fcategories&post=3800"},{"taxonomy":"post_tag","embeddable":true,"href":"https:\/\/maroc-canada.ca\/index.php?rest_route=%2Fwp%2Fv2%2Ftags&post=3800"}],"curies":[{"name":"wp","href":"https:\/\/api.w.org\/{rel}","templated":true}]}}