{"id":3802,"date":"2018-02-01T21:51:25","date_gmt":"2018-02-02T02:51:25","guid":{"rendered":"http:\/\/maghreb-canada.ca\/?p=3802"},"modified":"2018-02-01T22:12:21","modified_gmt":"2018-02-02T03:12:21","slug":"commemoration-de-lattentat-du-centre-culturel-islamique-de-quebec-eviter-dagiter-lislam-pour-mieux-sen-servir","status":"publish","type":"post","link":"https:\/\/maroc-canada.ca\/?p=3802","title":{"rendered":"Comm\u00e9moration de l\u2019attentat du Centre culturel islamique de Qu\u00e9bec :  \u00c9viter d\u2019agiter l\u2019islam pour \u2018\u2019mieux s\u2019en servir\u2019\u2019"},"content":{"rendered":"<p style=\"text-align: justify;\">Il fut un temps o\u00f9 les maghr\u00e9bins entraient en Europe comme on entre dans un moulin.\u00a0 Point de visa ! Non pas par laxisme de la part des polices des fronti\u00e8res europ\u00e9ennes en g\u00e9n\u00e9ral et de celle de la France en particulier (pays qui entretenait des relations politiques \u00e0 la limite du sadomasochisme avec la plupart des pays maghr\u00e9bins; qu\u2019il avait domin\u00e9s, et&#8230; opprim\u00e9s, plusieurs d\u00e9cennies de suite et qui venaient, tous, et tout juste, de se d\u00e9barrasser du joug colonial) mais parce que le travail dont les nationaux ne voulaient\u00a0 pas ou n\u2019arrivaient pas \u00e0 en venir \u00e0 bout abondait durant ces ann\u00e9es 1960 et 1970 dans toute l\u2019Europe !<\/p>\n<p style=\"text-align: justify;\">Je fus \u00e9tudiant en ces temps-ci \u00e0 Paris et je fus t\u00e9moin de cette concentration d\u2019illettr\u00e9s maghr\u00e9bins (mineurs, \u00e9boueurs ou ouvriers dans les usines de construction automobile) confin\u00e9s dans des baraquements d\u2019ouvriers, ou des foyers, dans les quartiers de banlieue o\u00f9 les \u00e9tudiants que nous \u00e9tions allaient donner b\u00e9n\u00e9volement des cours d\u2019alphab\u00e9tisation.<\/p>\n<p style=\"text-align: justify;\">Les temps vont par la suite changer, la m\u00e9canisation va rendre les travaux repoussants plus attrayants et la robotisation va conqu\u00e9rir les usines; mettant ces immigr\u00e9s sur la touche.<\/p>\n<h2 style=\"text-align: justify;\"><b>Le mythe du retour<\/b><\/h2>\n<p style=\"text-align: justify;\">Ironie du sort, des surench\u00e8res politico-politiciennes ont permis \u00e0 ces immigr\u00e9s (suppos\u00e9s \u00eatre temporaires) de ramener leurs familles et de s\u2019installer provisoirement en attendant un retour au pays d\u2019origine, dans des cit\u00e9s \u00e9rig\u00e9es par la R\u00e9publique et qui vont devenir par la suite la source d\u2019un tas de probl\u00e8mes, amenant un pr\u00e9sident fran\u00e7ais \u00e0 traiter une partie de ses concitoyens de <i>Racaille<\/i>.<\/p>\n<p style=\"text-align: justify;\">En attendant ce retour mythique de ces ind\u00e9sirables, m\u00e9pris, racisme, voire haine s\u2019affichaient impun\u00e9ment envers ces h\u00e8res dont les cong\u00e9n\u00e8res firent le coup de feu lib\u00e9rateur contre l\u2019ordre colonial, et qui finirent contre toute logique (la logique supr\u00e9matiste coloniale) de gagner l\u2019ind\u00e9pendance.<\/p>\n<p style=\"text-align: justify;\">Une petite anecdote en ce sens : l\u2019un de mes condisciples, qui est all\u00e9 visiter un de ses cousins, demanda \u00e0 un habitant du quartier o\u00f9 se trouve le foyer SONACOTRA (Soci\u00e9t\u00e9 nationale de construction de logement de travailleurs). Et le fran\u00e7ais de lui r\u00e9pondre : Tu n\u2019as qu\u2019\u00e0 suivre les crachats sur le trottoir. Ils t\u2019y conduiront tout droit.\u00a0 Et le fran\u00e7ais de cracher de c\u00f4t\u00e9.<\/p>\n<h2 style=\"text-align: justify;\"><b>Au temps o\u00f9 les islamistes n\u2019\u00e9taient pas encore invent\u00e9s<\/b><\/h2>\n<p style=\"text-align: justify;\">Par ailleurs, je fus aussi t\u00e9moin de tout cet encadrement policier, aussi bien de la part des pays d\u2019accueil que de celui des pays d\u2019origine de ce \u2018\u2019prol\u00e9tariat\u2019\u2019, p\u00e9pini\u00e8re r\u00e9volutionnaire potentielle, tant convoit\u00e9e durant ces temps-ci, aussi bien par les marxistes, que par les l\u00e9ninistes ou par tous les extr\u00e9mistes du Monde&#8230;\u00a0\u00a0\u00a0 Extr\u00e9mistes dont ne faisaient pas encore partie les islamistes&#8230; car (et probablement parce que) le mur de Berlin n\u2019\u00e9tait pas encore tomb\u00e9 avec toute sa symbolique&#8230; Mais parce qu\u2019on avait encore besoin de l\u2019islam pour chasser l\u2019ex URSS de l\u2019Afghanistan.<\/p>\n<p style=\"text-align: justify;\">Ce fut le temps o\u00f9 les m\u00e9dias occidentaux ch\u00e9rissaient les adorables Moudjahidin afghans, auxquels les services de renseignement am\u00e9ricains ont confi\u00e9s de joujoux offensifs comme les\u00a0 Stringers et qui sont devenus par la suite les ex\u00e9crables Talibans; une fois les russes chass\u00e9s de l\u2019Afghanistan et le mur de Berlin tomb\u00e9.<\/p>\n<h2 style=\"text-align: justify;\"><b>Quelle relation avec le Canada ?<\/b><\/h2>\n<p style=\"text-align: justify;\">Aucune. Car, et n\u2019en d\u00e9plaise \u00e0 certains fomenteurs de trouble, vouloir comparer l\u2019immigration musulmane, vers le Canada \u00e0 celle s\u2019\u00e9tant \u00e9tablie en Europe, rel\u00e8verait plut\u00f4t de la Parano\u00efa. En effet, le Canada n\u2019a jamais occup\u00e9 de pays, ni maghr\u00e9bins, ni musulmans, ni ath\u00e9es&#8230; Et le Canada n\u2019a jamais exploit\u00e9 de travailleurs venant de pays colonis\u00e9s.<\/p>\n<p style=\"text-align: justify;\">Rappeler ces faits historiques n\u2019est ni une provocation de notre part ni une adh\u00e9sion \u00e0 cette fameuse \u2018\u2019Th\u00e9orie du complot\u2019\u2019 (\u00e0 laquelle nous n\u2019avions jamais cru et qu\u2019il suffit juste d\u2019\u00e9voquer par certains manipulateurs de l\u2019opinion publique pour \u00e9touffer dans l\u2019\u0153uf toute qu\u00eate de la v\u00e9rit\u00e9). Les rappeler, c\u2019est juste pour attirer l\u2019attention sur le fait que les musulmans, dans leur tr\u00e8s grande majorit\u00e9, seraient plus victimes de manipulations que fomenteurs de trouble .<\/p>\n<h2 style=\"text-align: justify;\"><b>Mettre les conflits contemporains dans leur vrai contexte<\/b><\/h2>\n<p style=\"text-align: justify;\">Rappeler ces faits, c\u2019est juste pour inviter les personnes soucieuses de promouvoir le vivre-ensemble de mettre les conflits contemporains dans leur vrai contexte . Et si les musulmans d\u2018Europe auraient une histoire tumultueuse, et \u00e9ventuellement des comptes personnels \u00e0 r\u00e9gler avec des pays Europ\u00e9ens, il n\u2019en va absolument pas de m\u00eame avec des pays comme le Canada avec qui ils ont beaucoup plus de similitudes que de divergence.<\/p>\n<p style=\"text-align: justify;\">Talleyrand, ce diplomate, \u00e9v\u00eaque et Homme d&rsquo;\u00e9tat fran\u00e7ais (1754 &#8211; 1838) affirmait que la politique\u00a0 n\u2019est rien d\u2019autre qu\u2019une fa\u00e7on \u00ab\u00a0<i>d\u2019agiter le peuple avant de s\u2019en servir<\/i>\u00a0\u00bb&#8230; exactement comme recommanderaient les pharmaciens d\u2019agiter un m\u00e9dicament avant de le boire&#8230; Sauf que dans le cas de l\u2019agitation politique c\u2019est souvent pour tuer que pour faire vivre; c\u2019est souvent pour semer la haine en vue d\u2019atteindre des buts inavou\u00e9s et lugubres que de promouvoir la concorde!<\/p>\n<p style=\"text-align: justify;\">Les n\u00e9o-qu\u00e9b\u00e9cois de confession musulmane sont venus ici pour fuir les intrigues politiques, pour vivre en Paix et pour assurer \u00e0 leurs prog\u00e9niture un avenir meilleur&#8230; Force est de constater h\u00e9las que le Mal les a dans le collimateur et qu\u2019il a travers\u00e9 \u00e0 la nage l\u2019Atlantique pour les pers\u00e9cuter.<\/p>\n<p style=\"text-align: justify;\">Des forces malsaines (de part et d\u2019autre de la barri\u00e8re de l\u2019incompr\u00e9hension) agitent l\u2019islam pour mieux s\u2019en servir en vue de cr\u00e9er un foss\u00e9 entre nous et nos autres concitoyens. Baisser les bras, c\u2019est conc\u00e9der la victoire.<\/p>\n<h2 style=\"text-align: justify;\"><b>Non. Nous ne baisserons pas les bras !<\/b><\/h2>\n<p><i>Abderrahman El Fouladi pour <\/i>Maghreb Canada Express, page 3, <i>Vol. XVI, N\u00b0 1 et 2, Janvier-F\u00e9vrier 2018<\/i><\/p>\n<p>Pour lire\u00a0 l\u2019\u00e9dition du Janvier-F\u00e9vrier 2018, cliquer sur l\u2019image:<\/p>\n<p>_________________________________________________________________<\/p>\n<div id=\"text-18\" class=\"sidebar-wrap clearfix widget_text\">\n<div class=\"textwidget\">\n<p><a href=\"http:\/\/www.maghreb-canada.ca\/journal\/2018\/MCE175-02-2018.pdf\"> <img loading=\"lazy\" decoding=\"async\" class=\"style1\" src=\"http:\/\/www.maghreb-canada.ca\/journal\/2018\/n175.jpg\" alt=\"Maghreb Canada Express\" width=\"176\" height=\"239\" \/><\/a><\/p>\n<\/div>\n<\/div>\n","protected":false},"excerpt":{"rendered":"<p>Il fut un temps o\u00f9 les maghr\u00e9bins entraient en Europe comme on entre dans un moulin.\u00a0 Point de visa ! Non pas par laxisme de la part des polices des fronti\u00e8res europ\u00e9ennes en g\u00e9n\u00e9ral et de celle de la France en particulier (pays qui entretenait des relations politiques \u00e0 la limite du sadomasochisme avec la [&hellip;]<\/p>\n","protected":false},"author":1,"featured_media":3362,"comment_status":"closed","ping_status":"closed","sticky":false,"template":"","format":"standard","meta":{"footnotes":""},"categories":[4,5,6,7,8],"tags":[],"class_list":["post-3802","post","type-post","status-publish","format-standard","has-post-thumbnail","hentry","category-canada","category-immigration","category-maghreb","category-monde","category-numero-du-mois"],"_links":{"self":[{"href":"https:\/\/maroc-canada.ca\/index.php?rest_route=\/wp\/v2\/posts\/3802","targetHints":{"allow":["GET"]}}],"collection":[{"href":"https:\/\/maroc-canada.ca\/index.php?rest_route=\/wp\/v2\/posts"}],"about":[{"href":"https:\/\/maroc-canada.ca\/index.php?rest_route=\/wp\/v2\/types\/post"}],"author":[{"embeddable":true,"href":"https:\/\/maroc-canada.ca\/index.php?rest_route=\/wp\/v2\/users\/1"}],"replies":[{"embeddable":true,"href":"https:\/\/maroc-canada.ca\/index.php?rest_route=%2Fwp%2Fv2%2Fcomments&post=3802"}],"version-history":[{"count":2,"href":"https:\/\/maroc-canada.ca\/index.php?rest_route=\/wp\/v2\/posts\/3802\/revisions"}],"predecessor-version":[{"id":3805,"href":"https:\/\/maroc-canada.ca\/index.php?rest_route=\/wp\/v2\/posts\/3802\/revisions\/3805"}],"wp:featuredmedia":[{"embeddable":true,"href":"https:\/\/maroc-canada.ca\/index.php?rest_route=\/wp\/v2\/media\/3362"}],"wp:attachment":[{"href":"https:\/\/maroc-canada.ca\/index.php?rest_route=%2Fwp%2Fv2%2Fmedia&parent=3802"}],"wp:term":[{"taxonomy":"category","embeddable":true,"href":"https:\/\/maroc-canada.ca\/index.php?rest_route=%2Fwp%2Fv2%2Fcategories&post=3802"},{"taxonomy":"post_tag","embeddable":true,"href":"https:\/\/maroc-canada.ca\/index.php?rest_route=%2Fwp%2Fv2%2Ftags&post=3802"}],"curies":[{"name":"wp","href":"https:\/\/api.w.org\/{rel}","templated":true}]}}