{"id":3810,"date":"2018-03-10T11:28:24","date_gmt":"2018-03-10T16:28:24","guid":{"rendered":"http:\/\/maghreb-canada.ca\/?p=3810"},"modified":"2018-03-10T11:28:24","modified_gmt":"2018-03-10T16:28:24","slug":"france-laffaire-mennel-une-voix-un-foulard","status":"publish","type":"post","link":"https:\/\/maroc-canada.ca\/?p=3810","title":{"rendered":"France \/ L\u2019affaire Mennel : Une voix, un foulard"},"content":{"rendered":"<p style=\"text-align: justify;\">Je ne suis pas un amateur de l\u2019\u00e9mission de divertissement \u00ab\u00a0The Voice\u00a0\u00bb, qui passe en prime time sur TF1, mais un ami m\u2019a envoy\u00e9 une vid\u00e9o. On y voit une jeune femme qui s\u2019avance et chante un magnifique <i>Hallelujah<\/i>. Nul ne peut rester indiff\u00e9rent, \u00e0 ce visage d\u2019ange, \u00e0 ces yeux bleus, et \u00e0 cette voix qui donne la chair de poule.<\/p>\n<h2 style=\"text-align: justify;\">Le foulard et la langue arabe<\/h2>\n<p style=\"text-align: justify;\">L\u2019affaire Mennel, c\u2019est encore deux poids deux mesures\u00a0: Zemmour qui pousse \u00e0 la haine raciale dans ses \u00e9crits, et dans les m\u00e9dias continue d\u2019exercer son m\u00e9tier sans probl\u00e8me au nom de la libert\u00e9 d\u2019expression. Car apr\u00e8s tout, que reproche-t-on \u00e0 Mennel\u00a0? Elle a donn\u00e9 son avis sur l\u2019attentat de Nice comme on le fait tous au coin d\u2019une machine \u00e0 caf\u00e9 au travail, ou dans un restaurant.<\/p>\n<p style=\"text-align: justify;\">Mennel a \u00e9crit sur sa page Facebook\u00a0: \u00ab\u00a0<i>C&rsquo;est devenu une routine, un attentat par semaine. Et toujours pour rester fid\u00e8le, le \u00ab\u00a0terroriste\u00a0\u00bb prend avec lui ses papiers d&rsquo;identit\u00e9. C&rsquo;est vrai que quand on pr\u00e9pare un sale coup, on oublie surtout pas de prendre ses papiers.\u00a0\u00bb<\/i><\/p>\n<p style=\"text-align: justify;\">Tout le monde s\u2019est pos\u00e9 la m\u00eame question quand on nous a inform\u00e9s qu\u2019un passeport d\u2019un des terroristes de l\u2019attentat du 11 septembre a \u00e9t\u00e9 trouv\u00e9 intact. Curieux\u00a0! Tous ces terroristes \u00e0 l\u2019image des fr\u00e8res Kouachi, qui laissent leurs papiers d\u2019identit\u00e9 apr\u00e8s leurs crimes.<\/p>\n<h2 style=\"text-align: justify;\">Pourquoi Mennel\u00a0?<\/h2>\n<p style=\"text-align: justify;\">Je suis s\u00fbr que si on fouille dans les poubelles de tous les candidats de \u00ab\u00a0The Voice\u00a0\u00bb, on ne sera pas d\u00e9\u00e7us. Et si Mennel \u00e9nerve tout ce monde, c\u2019est parce qu\u2019elle porte un foulard et chante en arabe une chanson de L\u00e9onard Cohen qui pr\u00eache pourtant la paix et la tol\u00e9rance.<\/p>\n<h2 style=\"text-align: justify;\">Des tentations complotistes<\/h2>\n<p style=\"text-align: justify;\">Comme on peut le lire dans le journal \u00ab\u00a0Lib\u00e9ration\u00a0\u00bb du 18 f\u00e9vrier 2018, un article de Sa\u00efd Benmouffok, Professeur de philosophie au lyc\u00e9e Condorcet de Limay (Yvelines), sous le titre\u00a0: \u00ab\u00a0Pour lutter contre les tentations complotistes de certains de leurs \u00e9l\u00e8ves, les enseignants doivent d\u2019abord comprendre pourquoi ces\u00a0propos circulent et s\u00e9duisent.\u00a0\u00bb<\/p>\n<p style=\"text-align: justify;\">L\u2019auteur de l\u2019article souligne\u00a0: \u00ab\u00a0<i>Mennel Ibtissem aurait pu \u00eatre l\u2019une de mes \u00e9l\u00e8ves. Ses tweets nourris de rumeurs et contre-v\u00e9rit\u00e9s glan\u00e9es sur Internet ne sont heureusement pas la norme, sans \u00eatre une exception. Ils font d\u00e9sormais partie du quotidien des enseignants. Ce sont des propos souvent farfelus, parfois choquants, toujours inacceptables. Pour les affronter, les d\u00e9construire, on doit les entendre. Car\u00a0comment combattre un ph\u00e9nom\u00e8ne dont on ne comprend pas le sens ? La\u00a0fermet\u00e9 sur les principes n\u2019est pas la fermeture au dialogue.<\/i><\/p>\n<p style=\"text-align: justify;\"><i>L\u00e0 o\u00f9 nous voyons des mensonges grotesques, certains jeunes esprits croient exercer leur sens critique. Des id\u00e9es complotistes leur servent \u00e0 contester les m\u00e9dias, les institutions, les pouvoirs. Et l\u2019ignoble traitement inflig\u00e9 \u00e0 Mennel ne fera que conforter leur lecture binaire du monde. Car le poison des comparaisons agit d\u00e9j\u00e0 dans les consciences, Comme par hasard, ils\u00a0ont laiss\u00e9 chanter un juif et ont\u00a0\u00e9limin\u00e9 une musulmane\u00bb ;<\/i> <i>\u00abLa\u00a0libert\u00e9 d\u2019expression garantit la parole des uns et le silence des autres. Sentiment d\u2019un deux poids deux mesures, et\u00a0terrible soup\u00e7on \u00e9lev\u00e9 au rang d\u2019\u00e9vidence : \u00abils\u00bb ne veulent pas de \u00abnous\u00bb. Donc \u00abnous\u00bb ne voulons pas d\u2019\u00abeux\u00bb. L\u2019extr\u00e9misme religieux peut alors s\u2019engouffrer dans la br\u00e8che identitaire. Il opposera l\u2019islam \u00e0 l\u2019Occident, et la France aux musulmans. Perfus\u00e9e aux r\u00e9seaux sociaux, une partie de mes \u00e9l\u00e8ves se trouve dans une zone grise, tent\u00e9e par le repli communautaire, le\u00a0d\u00e9sir de radicalit\u00e9 et de rupture. C\u2019est eux qu\u2019il nous faut ramener en priorit\u00e9 dans le giron des valeurs r\u00e9publicaines. Mais leur<\/i><i> r\u00e9pondre par l\u2019exclusion serait les pr\u00e9cipiter dans les bras d\u2019int\u00e9gristes qui n\u2019attendent que cela. Pour contrarier les tentations extr\u00eames, nous autres, enseignants, n\u2019avons d\u2019autre arme que l\u2019\u00e9ducation. Il\u00a0nous faut expliquer sans rel\u00e2che le sens des r\u00e8gles communes, et mieux les faire appliquer. Accepter que la provocation soit souvent la compagne du jeune \u00e2ge. Admettre qu\u2019\u00e0 20\u00a0ans, on a encore le droit de se tromper. Regarder, oui, les faux pas de la jeunesse avec une part de bienveillance. Et tenir fermement ce principe : comprendre une erreur n\u2019est pas l\u2019excuser, mais la seule mani\u00e8re de <\/i><i>la corriger.<\/i><\/p>\n<p style=\"text-align: justify;\"><i>Nos classes sont pleines de jeunes esprits en devenir, de personnalit\u00e9s parfois bouillonnantes, travers\u00e9es de contradictions, affirmant une chose un jour et son contraire le lendemain. Dans cette mati\u00e8re informe, nous devons patiemment semer des graines d\u2019intelligence et de citoyennet\u00e9. Enseigner l\u2019exercice du doute l\u00e0 o\u00f9 l\u2019\u00e9l\u00e8ve attend des certitudes imm\u00e9diates. L\u2019ouvrir aux pens\u00e9es complexes lorsqu\u2019il se contente d\u2019id\u00e9es simplistes. Et savoir qu\u2019au dehors, tous les semeurs de haine s\u2019emploieront \u00e0 d\u00e9truire ce fragile \u00e9difice. Il faut imaginer Sisyphe en professeur.\u00a0\u00bb<\/i><\/p>\n<p style=\"text-align: justify;\"><b>Mennel, une Fran\u00e7aise\u00a0\u00a0\u00a0\u00a0\u00a0\u00a0\u00a0\u00a0\u00a0\u00a0\u00a0\u00a0\u00a0 ordinaire<\/b><\/p>\n<p style=\"text-align: justify;\">Comme l\u2019a bien analys\u00e9 l\u2019auteur cit\u00e9 ci-dessus, \u00ab\u00a0<i>Et pendant qu\u2019on s\u2019acharne sur les tweets malheureux d\u2019une Fran\u00e7aise ordinaire, les agitateurs se frottent les mains. On les entend d\u00e9j\u00e0 se r\u00e9jouir de ce \u00e9ni\u00e8me \u00e9pisode du feuilleton \u00abislam\u00bb. Mennel a renonc\u00e9. L\u2019extr\u00eame droite se f\u00e9licitera d\u2019avoir fait reculer une musulmane. Les la\u00efcards se gausseront d\u2019avoir triomph\u00e9 d\u2019une femme voil\u00e9e. Les int\u00e9gristes dans les quartiers et sur Internet n\u2019auront plus qu\u2019\u00e0 poursuivre leur travail mortif\u00e8re, en r\u00e9p\u00e9tant \u00e0 chaque jeune qu\u2019ils croiseront\u00a0: \u00abMennel c\u2019est ta s\u0153ur, Mennel c\u2019est toi, Mennel c\u2019est nous.\u00bb Car l\u2019identification est irr\u00e9sistible. Le symbole est d\u00e9j\u00e0 l\u00e0, pr\u00eat \u00e0 l\u2019us<\/i><i>age\u00a0: Mennel, c\u2019est une partie de la jeunesse de France \u00e0 qui l\u2019on refuse sa part de la France.<\/i><\/p>\n<p style=\"text-align: justify;\"><i>Et comme d\u2019habitude, des enseignants se retrouveront en premi\u00e8re ligne \u00e0 devoir expliquer \u00e0 leurs \u00e9l\u00e8ves que, non, la France n\u2019est pas islamophobe, que la la\u00efcit\u00e9 prot\u00e8ge tous les citoyens \u00e0 \u00e9galit\u00e9, que la libert\u00e9 d\u2019expression est garantie dans ce pays. Ce travail, on le fera, bien s\u00fbr. Parce que c\u2019est notre m\u00e9tier. Parce qu\u2019il faut bien le faire. On le fera avec conviction, avec acharnement, en ayant tout de m\u00eame \u00e0 l\u2019esprit qu\u2019il sera encore plus difficile demain d\u2019\u00eatre entendu par nos \u00e9l\u00e8ves.\u00a0\u00bb<\/i><\/p>\n<p style=\"text-align: justify;\"><b>Le soutien de Christiane Taubira<\/b><\/p>\n<p style=\"text-align: justify;\">Dans \u00ab\u00a0Le Point\u00a0\u00bb du 22\/02\/2018, l&rsquo;ancienne garde des Sceaux s&rsquo;est exprim\u00e9e sur \u00ab\u00a0l&rsquo;affaire Mennel\u00a0\u00bb. Elle condamne les r\u00e9f\u00e9rences intellectuelles, mais apporte son soutien \u00e0 la jeune femme. Rest\u00e9e silencieuse jusqu&rsquo;alors sur l&rsquo;affaire qu&rsquo;elle a \u00ab\u00a0d\u00e9couverte tardivement\u00a0\u00bb, Christiane Taubira s&rsquo;est exprim\u00e9e, ce jeudi\u00a022\u00a0f\u00e9vrier, sur la \u00ab\u00a0pol\u00e9mique Mennel\u00a0\u00bb. Candidate \u00e0 <i>The Voice<\/i>, la jeune femme avait choisi de quitter l&rsquo;\u00e9mission, apr\u00e8s que des messages complotistes post\u00e9s apr\u00e8s les attentats de\u00a02016\u00a0ont \u00e9t\u00e9 rendus publics, provoquant de vives r\u00e9actions. Face \u00e0 l&rsquo;ampleur de la pol\u00e9mique, la chanteuse avait pr\u00e9sent\u00e9 ses excuses, affirmant avoir conscience que ses propos \u00ab\u00a0\u00e9taient des b\u00eatises\u00a0\u00bb, \u00e9crites alors qu&rsquo;elle n&rsquo;avait que\u00a020\u00a0ans et \u00e9tait \u00ab\u00a0choqu\u00e9e\u00a0\u00bb et boulevers\u00e9e par l&rsquo;attentat de Nice. L&rsquo;ancienne garde des Sceaux revient sur l&rsquo;affaire en saluant d&rsquo;abord l&rsquo;interpr\u00e9tation d&rsquo;\u00ab\u00a0Hallelujah\u00a0\u00bb (de Leonard Cohen) par Mennel Ibtissem, qu&rsquo;elle qualifie d&rsquo;\u00ab\u00a0enchantement\u00a0\u00bb, avant d&rsquo;en venir au fond.<\/p>\n<p style=\"text-align: justify;\">\u00ab\u00a0On vous reproche votre <i>turban<\/i>, disent-ils. Il vous sied d\u00e9licieusement, sans rien dissimuler de votre beaut\u00e9 encore en \u00e9closion. Ils vous reprochent de chanter en arabe\u2026 incultes, ils ne savent pas finir la phrase\u00a0: en arabe la chanson d&rsquo;un Juif magnifique\u00a0\u00bb,\u00a0\u00e9crit-elle sur sa page Facebook. Sur les publications controvers\u00e9es, Christiane Taubira affirme que les \u00ab\u00a0r\u00e9f\u00e9rences intellectuelles\u00a0\u00bb de la jeune femme (Tariq Ramadan et Dieudonn\u00e9, cit\u00e9s dans les publications) \u00e9taient \u00ab\u00a0loin d&rsquo;\u00eatre recommandables\u00a0\u00bb. Mais elle pointe du doigt ce qu&rsquo;elle estime \u00eatre \u00ab\u00a0le seul sujet\u00a0\u00bb\u00a0: \u00ab\u00a0Le souci, c&rsquo;est la fascination qu&rsquo;ils parviennent \u00e0 exercer sur de jeunes esprits, m\u00eame brillants.\u00a0\u00bb Si l&rsquo;ancienne ministre approuve les excuses pr\u00e9sent\u00e9es par Mennel Ibtissem, elle la met aussi en garde. \u00ab\u00a0Vos excuses sont la marque de votre dignit\u00e9. Elles ne doivent pas vous exon\u00e9rer d&rsquo;une vigilance sur la sensibilit\u00e9 des autres, sur les plaies qui ne referment pas, sur ces cicatrices qui saignent et saigneront encore, selon les mots du po\u00e8te Antara\u00a0\u00bb, pr\u00e9vient-elle.<\/p>\n<p style=\"text-align: justify;\">Quant \u00e0 moi, je crois beaucoup en cette jeunesse qui contrairement \u00e0 nous et \u00e0 nos parents, ne se laissera pas faire, car elle a du caract\u00e8re, elle est digne et fi\u00e8re. Il faut aussi savoir \u00eatre indulgent envers les jeunes. Rimbaud n\u2019avait pas \u00e9crit jadis\u00a0: \u00ab\u00a0je suis jeune, tendez-moi la main.\u00a0\u00bb<\/p>\n<p><i> Mustapha Bouhaddar, pour <\/i>Maghreb Canada Express, page 12, <i>Vol. XVI, N\u00b0 3, Mars 2018<\/i><\/p>\n<p>Pour lire\u00a0 l\u2019\u00e9dition du Mars 2018, cliquer sur l\u2019image:<\/p>\n<p>_________________________________________________________________<\/p>\n<p><a href=\"http:\/\/www.maghreb-canada.ca\/journal\/2018\/MCE176-03-2018.pdf\"> <img loading=\"lazy\" decoding=\"async\" class=\"style1\" src=\"http:\/\/www.maghreb-canada.ca\/journal\/2018\/n176.jpg\" alt=\"Maghreb Canada Express\" width=\"176\" height=\"239\" \/><\/a><\/p>\n","protected":false},"excerpt":{"rendered":"<p>Je ne suis pas un amateur de l\u2019\u00e9mission de divertissement \u00ab\u00a0The Voice\u00a0\u00bb, qui passe en prime time sur TF1, mais un ami m\u2019a envoy\u00e9 une vid\u00e9o. On y voit une jeune femme qui s\u2019avance et chante un magnifique Hallelujah. Nul ne peut rester indiff\u00e9rent, \u00e0 ce visage d\u2019ange, \u00e0 ces yeux bleus, et \u00e0 cette [&hellip;]<\/p>\n","protected":false},"author":1,"featured_media":3811,"comment_status":"closed","ping_status":"closed","sticky":false,"template":"","format":"standard","meta":{"footnotes":""},"categories":[7,8],"tags":[],"class_list":["post-3810","post","type-post","status-publish","format-standard","has-post-thumbnail","hentry","category-monde","category-numero-du-mois"],"_links":{"self":[{"href":"https:\/\/maroc-canada.ca\/index.php?rest_route=\/wp\/v2\/posts\/3810","targetHints":{"allow":["GET"]}}],"collection":[{"href":"https:\/\/maroc-canada.ca\/index.php?rest_route=\/wp\/v2\/posts"}],"about":[{"href":"https:\/\/maroc-canada.ca\/index.php?rest_route=\/wp\/v2\/types\/post"}],"author":[{"embeddable":true,"href":"https:\/\/maroc-canada.ca\/index.php?rest_route=\/wp\/v2\/users\/1"}],"replies":[{"embeddable":true,"href":"https:\/\/maroc-canada.ca\/index.php?rest_route=%2Fwp%2Fv2%2Fcomments&post=3810"}],"version-history":[{"count":1,"href":"https:\/\/maroc-canada.ca\/index.php?rest_route=\/wp\/v2\/posts\/3810\/revisions"}],"predecessor-version":[{"id":3812,"href":"https:\/\/maroc-canada.ca\/index.php?rest_route=\/wp\/v2\/posts\/3810\/revisions\/3812"}],"wp:featuredmedia":[{"embeddable":true,"href":"https:\/\/maroc-canada.ca\/index.php?rest_route=\/wp\/v2\/media\/3811"}],"wp:attachment":[{"href":"https:\/\/maroc-canada.ca\/index.php?rest_route=%2Fwp%2Fv2%2Fmedia&parent=3810"}],"wp:term":[{"taxonomy":"category","embeddable":true,"href":"https:\/\/maroc-canada.ca\/index.php?rest_route=%2Fwp%2Fv2%2Fcategories&post=3810"},{"taxonomy":"post_tag","embeddable":true,"href":"https:\/\/maroc-canada.ca\/index.php?rest_route=%2Fwp%2Fv2%2Ftags&post=3810"}],"curies":[{"name":"wp","href":"https:\/\/api.w.org\/{rel}","templated":true}]}}