{"id":3822,"date":"2018-03-09T11:52:46","date_gmt":"2018-03-09T16:52:46","guid":{"rendered":"http:\/\/maghreb-canada.ca\/?p=3822"},"modified":"2018-03-10T11:53:20","modified_gmt":"2018-03-10T16:53:20","slug":"attenuer-lislamophobie-en-occident-pour-une-culture-de-paix-globale","status":"publish","type":"post","link":"https:\/\/maroc-canada.ca\/?p=3822","title":{"rendered":"Att\u00e9nuer l&rsquo;islamophobie en Occident: pour une culture de paix globale"},"content":{"rendered":"<p style=\"text-align: justify;\">L&rsquo;islamophobie peut \u00eatre d\u00e9finie comme la peur collective de l\u2019Islam qui se traduit par des actes et des pr\u00e9jug\u00e9s \u00e0 l\u2019encontre de tous les musulmans par opposition \u00e0 la condamnation ou la critique d\u2019actes ou de pratiques d&rsquo;un individu musulman. Les signes grandissants de l&rsquo;islamophobie illustrent une compr\u00e9hension inad\u00e9quate commune des soci\u00e9t\u00e9s et des cultures. En ce qui concerne l&rsquo;islamophobie en tant que ph\u00e9nom\u00e8ne post-11 septembre, il est facile pour ses partisans de faire des suppositions na\u00efves: mettre fin au terrorisme et\u00a0 l&rsquo;islamophobie cessera. Chris Allen, auteur de livre \u00ab\u00a0l&rsquo;islamophobie\u00a0\u00bb, rejette correctement cette th\u00e8se comme \u00e9tant extr\u00eamement dangereuse car elle justifie en fin de compte les st\u00e9r\u00e9otypes indolents qui d\u00e9crivent tous les musulmans comme des terroristes, capitulant ainsi devant des personnes racistes et des m\u00e9dias d\u2019extr\u00eame droite qui choisissent cette attitude.<\/p>\n<p style=\"text-align: justify;\">L&rsquo;islamophobie a \u00e9t\u00e9 institu\u00e9e pour la premi\u00e8re fois par des intellectuels et des missionnaires comme Ricoldo di Montecroce au XIIIe si\u00e8cle. Semblable \u00e0 l&rsquo;antis\u00e9mitisme, la haine anti-musulmane est devenue profond\u00e9ment ancr\u00e9e dans la culture occidentale \u00e0 travers le discours religieux, la musique, l&rsquo;art et la litt\u00e9rature.<\/p>\n<p style=\"text-align: justify;\">Les m\u00e9dias ont, volontairement ou par inadvertance, int\u00e9gr\u00e9 une strat\u00e9gie antiterroriste. Le r\u00e9sultat est que dans leurs reportages, ils fusionnent l&rsquo;Islam et tous les Musulmans, consid\u00e9rant ainsi l&rsquo;Islam comme une menace.<\/p>\n<p style=\"text-align: justify;\">Ce genre de sentiment antimusulman r\u00e9pandu peut aujourd&rsquo;hui \u00eatre remarqu\u00e9 dans de nombreux pays; pas seulement en Am\u00e9rique du Nord, mais aussi en Australie, au Myanmar et en Europe, o\u00f9 les dirigeants de la Hongrie, de la R\u00e9publique tch\u00e8que, de la Pologne et de la Slovaquie d\u00e9clarent ouvertement que les musulmans ne sont pas les bienvenus dans leurs pays. La peur des musulmans et de l&rsquo;islam \u00e9mane essentiellement de l&rsquo;ignorance et de la propagande. Entre 1992 et 1995, les musulmans bosniaques ont \u00e9t\u00e9 victimes du nettoyage ethnique parce qu&rsquo;ils ont \u00e9t\u00e9 identifi\u00e9s comme un groupe \u00abracial\u00bb par des personnes physiquement, linguistiquement et culturellement semblables \u00e0 eux-m\u00eames.<\/p>\n<p style=\"text-align: justify;\">Aucun politicien europ\u00e9en ne peut ignorer l&rsquo;explosion du sentiment anti-musulman, certainement pas l&rsquo;Allemagne d&rsquo;Angela Merkel. Cette derni\u00e8re, souvent consid\u00e9r\u00e9e comme le gardien des id\u00e9aux lib\u00e9raux de l&rsquo;Europe, a \u00e9t\u00e9 oblig\u00e9 d&rsquo;interdire la burqa pour freiner la mont\u00e9e du parti de droite AdF, dont la r\u00e9cente victoire \u00e9lectorale a mis en difficult\u00e9 la fragile stabilit\u00e9 de l&rsquo;alliance politique allemande.<\/p>\n<p style=\"text-align: justify;\">En Grande-Bretagne, les attaques contre les mosqu\u00e9es se produisent r\u00e9guli\u00e8rement une fois toutes les deux semaines, et leur rythme ont augment\u00e9 fortement apr\u00e8s les attentats terroristes, comme cela s&rsquo;est produit \u00e0 Manchester et \u00e0 Londres. Par cons\u00e9quent, les musulmans britanniques se sentent plus expos\u00e9s et en danger. Les sondages sur les attitudes rapportent que 77% des Britanniques croient que \u00ab\u00a0l&rsquo;Islam a beaucoup de partisans fanatiques\u00a0\u00bb; 68% le jugent \u00ab\u00eatre plus li\u00e9 au moyen \u00e2ge qu&rsquo;au monde moderne\u00bb, et 64% pensent que l&rsquo;islam \u00abtraite mal les femmes\u00bb.<\/p>\n<p style=\"text-align: justify;\">Une enqu\u00eate de Pew Global Attitudes a \u00e9tabli que m\u00eame dans les pays les plus lib\u00e9raux, comme l&rsquo;Allemagne, la Hollande, la France et la Su\u00e8de, pr\u00e8s de la moiti\u00e9 des personnes interrog\u00e9es pensaient que certains musulmans soutenaient l&rsquo;\u00c9tat islamique (EI).<\/p>\n<p style=\"text-align: justify;\">En f\u00e9vrier 2017, un rapport de Chatham House a r\u00e9v\u00e9l\u00e9 que 55% des Europ\u00e9ens des dix pays \u00e9tudi\u00e9s \u00e9taient d&rsquo;accord pour arr\u00eater toute nouvelle migration des pays \u00e0 majorit\u00e9 musulmane.<\/p>\n<p style=\"text-align: justify;\">De m\u00eame, en Australie, l&rsquo;islamophobie est en hausse. Les donn\u00e9es d&rsquo;enqu\u00eate r\u00e9v\u00e8lent de mani\u00e8re alarmante que l&rsquo;Australie est aussi une nation islamophobe. Alors que seulement 41% des Am\u00e9ricains sont en faveur d&rsquo;une interdiction provisoire des immigrants de sept pays musulmans, pr\u00e8s de la moiti\u00e9 des Australiens (49%) sont pour une interdiction permanente de l&rsquo;entr\u00e9e des musulmans dans leur pays.<\/p>\n<p style=\"text-align: justify;\">La situation difficile de centaines de milliers de musulmans rohingyas au Myanmar est consid\u00e9r\u00e9e comme l&rsquo;une des pires crises de r\u00e9fugi\u00e9s contemporaines au monde. Plus d&rsquo;un demi-million de personnes ont fui les pers\u00e9cutions dans la province de Rakhine au nord du Bangladesh depuis ao\u00fbt 2017. Au moins 6700 Rohingas ont \u00e9t\u00e9 tu\u00e9s et 288 villages d\u00e9truits par un incendie depuis ao\u00fbt 2017. Les Nations Unies ont d\u00e9peint les attaques des troupes et des bouddhistes Rakhine qui ont caus\u00e9 le d\u00e9part en masse des musulmans, comme un \u00abexemple clair de nettoyage ethnique\u00bb.<\/p>\n<p style=\"text-align: justify;\">Plusieurs observateurs sont \u00e9galement alarm\u00e9s par le langage du pr\u00e9sident Trump, qui n&rsquo;a fait qu&rsquo;aggraver la situation de la communaut\u00e9 musulmane en Am\u00e9rique. Le nombre de crimes haineux islamophobes a augment\u00e9 apr\u00e8s une ann\u00e9e de l&rsquo;administration Trump. Beaucoup de critiques et d&rsquo;experts pr\u00e9voient que ces attaques islamophobes d\u00e9g\u00e9n\u00e9reront\u00a0 pendant cette administration. Les musulmans craignent l&rsquo;exacerbation de la r\u00e9ponse violente et de la fureur aveugle contre eux.<\/p>\n<p style=\"text-align: justify;\">L&rsquo;oppression par Isra\u00ebl du peuple palestinien avec le soutien des Etats-Unis provoque aussi la col\u00e8re contre les Etats-Unis, qui consid\u00e8rent Isra\u00ebl comme un alli\u00e9 contre le terrorisme. L&rsquo;exemple le plus notoire est la r\u00e9cente reconnaissance par le pr\u00e9sident Trump de J\u00e9rusalem comme capitale d&rsquo;Isra\u00ebl. Le profilage, la s\u00e9gr\u00e9gation, la r\u00e9pression et le traitement des musulmans comme s&rsquo;ils \u00e9taient tous des terroristes ne sont pas la mani\u00e8re de combattre le terrorisme. Le cercle vicieux de l&rsquo;islamophobie s&rsquo;aggrave et il faut l&rsquo;arr\u00eater avant qu&rsquo;il ne devienne incontr\u00f4lable.<\/p>\n<p style=\"text-align: justify;\">L&rsquo;islamophobie a chang\u00e9 la fa\u00e7on dont certains musulmans se pr\u00e9sentent \u00e0 la soci\u00e9t\u00e9. Les agissements r\u00e9pr\u00e9hensibles de certains individus, qui se disent musulmans, fa\u00e7onnent grandement l&rsquo;image des soci\u00e9t\u00e9s musulmanes et de l&rsquo;Islam dans son ensemble. Commettre un crime au nom de l&rsquo;Islam et terroriser les autres est inacceptable dans l&rsquo;Islam.<\/p>\n<p style=\"text-align: justify;\">Les musulmans vivant en Occident sont confront\u00e9s \u00e0 tant de pr\u00e9jug\u00e9s, et les femmes voil\u00e9es subissent le plus de violence et de harc\u00e8lement dans la rue en raison des facteurs de visibilit\u00e9 et de vuln\u00e9rabilit\u00e9. L&rsquo;islamophobie r\u00e9duit \u00e9galement leurs chances de trouver un emploi. Selon Eurostat 2016, le ch\u00f4mage parmi les jeunes immigr\u00e9s musulmans a atteint en moyenne 27% contre 15% pour les ressortissants europ\u00e9ens n\u00e9s dans le pays.<\/p>\n<p style=\"text-align: justify;\">Un rapport r\u00e9cent de Gallup r\u00e9v\u00e8le que plus de la moiti\u00e9 des personnes vivant dans les soci\u00e9t\u00e9s musulmanes pensent que les musulmans occidentaux ne sont pas trait\u00e9s \u00e9quitablement et que l&rsquo;islamophobie a gravement endommag\u00e9 l&rsquo;islam comme une religion de paix, ce qui joue aux mains des extr\u00e9mistes dont le message est que les musulmans sont ind\u00e9sirables en Occident.<\/p>\n<p style=\"text-align: justify;\">L&rsquo;islamophobie d\u00e9courage \u00e9galement les jeunes qui souhaitent immigrer en Occident pour \u00e9tudier ou travailler, r\u00e9duisant consid\u00e9rablement leurs chances d&rsquo;obtenir un visa. Par exemple, en 2015, seulement 39,7% des demandeurs de visa Schengen en Alg\u00e9rie ont re\u00e7u des visas \u00e0 entr\u00e9es multiples. Les gens se sont interrog\u00e9s, craignant des r\u00e9actions n\u00e9gatives ou leurs demandes ont \u00e9t\u00e9 rejet\u00e9es par les ambassades occidentales.<\/p>\n<p style=\"text-align: justify;\">Fait int\u00e9ressant, les derniers sondages prouvent que lorsque les gens connaissent\u00a0 un musulman en personne, les pr\u00e9jug\u00e9s sont tr\u00e8s r\u00e9duits. Ceci corrobore la conclusion du chercheur de l&rsquo;Universit\u00e9 de Harvard Gordon Allport dans son livre pro\u00e9minent \u00ab\u00a0La nature des pr\u00e9jug\u00e9s\u00a0\u00bb: ce contact significatif avec des personnes de diff\u00e9rentes cultures est central pour att\u00e9nuer la haine.<\/p>\n<p style=\"text-align: justify;\">La majorit\u00e9 des 1,8 milliard de musulmans dans le monde participent largement aux efforts visant \u00e0 renforcer l&rsquo;islam mod\u00e9r\u00e9 en collaborant avec les gouvernements. Les musulmans en Europe et en Am\u00e9rique du Nord, par exemple, ont d\u00e9j\u00e0 montr\u00e9 qu&rsquo;ils sont souvent les premiers \u00e0 r\u00e9agir contre le radicalisme. Ils peuvent aider \u00e0 d\u00e9radicaliser les jeunes et \u00e0 fournir l&rsquo;information et une image positive de l&rsquo;Islam et des musulmans.<\/p>\n<p style=\"text-align: justify;\">Cependant, de nombreux dirigeants musulmans ont une connaissance insuffisante de la civilisation occidentale et ont du mal \u00e0 lutter contre la propagande islamophobe. De m\u00eame, la plupart des imams en Occident ne ma\u00eetrisent pas la langue du pays h\u00f4te.<\/p>\n<p style=\"text-align: justify;\">Att\u00e9nur les malentendus au sujet des cultures occidentales, musulmanes et d&rsquo;autres cultures du monde devrait \u00e9galement \u00eatre consid\u00e9r\u00e9 comme une avanc\u00e9e imp\u00e9rative dans la promotion d&rsquo;une culture de paix mondiale.<\/p>\n<p><i>Par Moha Ennaji(*), pour <\/i>Maghreb Canada Express, page 14, <i>Vol. XVI, N\u00b0 3, Mars 2018<\/i><\/p>\n<p>Pour lire\u00a0 l\u2019\u00e9dition du Mars 2018, cliquer sur l\u2019image:<\/p>\n<p>(*) <i>Moha Ennaji est pr\u00e9sident du Centre Sud-Nord pour le dialogue interculturel et les \u00e9tudes sur la migration au Maroc. Ses livres les plus r\u00e9cents incluent \u00ab\u00a0New Horizons of Muslim Diaspora in North America and\u00a0 Europe\u00a0\u00bb et \u00ab\u00a0Muslim Moroccan Migrants in Europe\u00a0<\/i>\u00bb.<\/p>\n<p>_________________________________________________________________<\/p>\n<p><a href=\"http:\/\/www.maghreb-canada.ca\/journal\/2018\/MCE176-03-2018.pdf\"> <img loading=\"lazy\" decoding=\"async\" class=\"style1\" src=\"http:\/\/www.maghreb-canada.ca\/journal\/2018\/n176.jpg\" alt=\"Maghreb Canada Express\" width=\"176\" height=\"239\" \/><\/a><\/p>\n","protected":false},"excerpt":{"rendered":"<p>L&rsquo;islamophobie peut \u00eatre d\u00e9finie comme la peur collective de l\u2019Islam qui se traduit par des actes et des pr\u00e9jug\u00e9s \u00e0 l\u2019encontre de tous les musulmans par opposition \u00e0 la condamnation ou la critique d\u2019actes ou de pratiques d&rsquo;un individu musulman. Les signes grandissants de l&rsquo;islamophobie illustrent une compr\u00e9hension inad\u00e9quate commune des soci\u00e9t\u00e9s et des cultures. [&hellip;]<\/p>\n","protected":false},"author":1,"featured_media":3823,"comment_status":"closed","ping_status":"closed","sticky":false,"template":"","format":"standard","meta":{"footnotes":""},"categories":[5,7,8,13],"tags":[],"class_list":["post-3822","post","type-post","status-publish","format-standard","has-post-thumbnail","hentry","category-immigration","category-monde","category-numero-du-mois","category-tribune-libre"],"_links":{"self":[{"href":"https:\/\/maroc-canada.ca\/index.php?rest_route=\/wp\/v2\/posts\/3822","targetHints":{"allow":["GET"]}}],"collection":[{"href":"https:\/\/maroc-canada.ca\/index.php?rest_route=\/wp\/v2\/posts"}],"about":[{"href":"https:\/\/maroc-canada.ca\/index.php?rest_route=\/wp\/v2\/types\/post"}],"author":[{"embeddable":true,"href":"https:\/\/maroc-canada.ca\/index.php?rest_route=\/wp\/v2\/users\/1"}],"replies":[{"embeddable":true,"href":"https:\/\/maroc-canada.ca\/index.php?rest_route=%2Fwp%2Fv2%2Fcomments&post=3822"}],"version-history":[{"count":2,"href":"https:\/\/maroc-canada.ca\/index.php?rest_route=\/wp\/v2\/posts\/3822\/revisions"}],"predecessor-version":[{"id":3825,"href":"https:\/\/maroc-canada.ca\/index.php?rest_route=\/wp\/v2\/posts\/3822\/revisions\/3825"}],"wp:featuredmedia":[{"embeddable":true,"href":"https:\/\/maroc-canada.ca\/index.php?rest_route=\/wp\/v2\/media\/3823"}],"wp:attachment":[{"href":"https:\/\/maroc-canada.ca\/index.php?rest_route=%2Fwp%2Fv2%2Fmedia&parent=3822"}],"wp:term":[{"taxonomy":"category","embeddable":true,"href":"https:\/\/maroc-canada.ca\/index.php?rest_route=%2Fwp%2Fv2%2Fcategories&post=3822"},{"taxonomy":"post_tag","embeddable":true,"href":"https:\/\/maroc-canada.ca\/index.php?rest_route=%2Fwp%2Fv2%2Ftags&post=3822"}],"curies":[{"name":"wp","href":"https:\/\/api.w.org\/{rel}","templated":true}]}}