{"id":3838,"date":"2018-04-04T16:10:56","date_gmt":"2018-04-04T20:10:56","guid":{"rendered":"http:\/\/maghreb-canada.ca\/?p=3838"},"modified":"2018-04-05T16:11:23","modified_gmt":"2018-04-05T20:11:23","slug":"zlec-ou-lalternative-africaine-pour-sen-sortir-du-piege-dexportateur-de-matieres-premieres","status":"publish","type":"post","link":"https:\/\/maroc-canada.ca\/?p=3838","title":{"rendered":"ZLEC ou L\u2019alternative africaine pour s\u2019en sortir du pi\u00e8ge d&rsquo;exportateur de mati\u00e8res premi\u00e8res"},"content":{"rendered":"<p style=\"text-align: justify;\">Lors du sommet extraordinaire de l\u2019Union africaine (UA), qui s&rsquo;est tenu en mars dernier \u00e0 Kigali, au Rwanda, quarante-quatre sur les cinquante-cinq \u00c9tats membres ont sign\u00e9 un accord-cadre pour la mise en place de la Zone de libre-\u00e9change continentale (ZLEC). Cet accord constitue une initiative ambitieuse de d\u00e9veloppement \u00e9conomique qui m\u00e9rite d&rsquo;\u00eatre soulign\u00e9 et qui vise \u00e0 cr\u00e9er de nouvelles perspectives commerciales pour les op\u00e9rateurs \u00e9conomiques africains.<\/p>\n<p style=\"text-align: justify;\">En effet, l&rsquo;expansion du commerce sous-r\u00e9gional, r\u00e9gional et l&rsquo;int\u00e9gration \u00e9conomique continentale, sont essentielles pour r\u00e9soudre les probl\u00e8mes auxquels sont confront\u00e9s les pays africains dans leurs efforts de d\u00e9veloppement. Cette initiative notable de renforcement de liens commerciaux pose des jalons pour accro\u00eetre le commerce et l&rsquo;investissement intrar\u00e9gional, qui sont la clef de vo\u00fbte du commerce Sud-Sud et viendrait pallier aux difficult\u00e9s \u00e9conomiques du continent.<\/p>\n<p style=\"text-align: justify;\">Dans le monde actuel, le commerce des services est un secteur de l&rsquo;\u00e9conomie mondiale qui conna\u00eet une croissance rapide et joue un r\u00f4le de plus en plus important pour le d\u00e9veloppement \u00e9conomique des \u00c9tats.<\/p>\n<p style=\"text-align: justify;\">La ZLEC doit permettre l\u2019\u00e9limination progressive des droits de douane entre les pays membres, tout en favorisant le commerce intra-africain et ainsi sortir du pi\u00e8ge dans lequel ils sont pris depuis des ann\u00e9es, de simple producteur des mati\u00e8res premi\u00e8res pour l&rsquo;exportation.<\/p>\n<p style=\"text-align: justify;\">Les \u00e9conomies modernes sont justement fond\u00e9es sur la connaissance, plut\u00f4t que sur l&rsquo;exploitation des mati\u00e8res premi\u00e8res et le travail physique. Alors que la plupart des pays africains sont condamn\u00e9s \u00e0 rester pris dans le pi\u00e8ge de simples producteurs et exportateurs des mati\u00e8res premi\u00e8res dont les prix sont fix\u00e9s par les march\u00e9s internationaux, en dollar am\u00e9ricain. La d\u00e9pendance aux mati\u00e8res premi\u00e8res les expose aux caprices des march\u00e9s mondiaux caract\u00e9ris\u00e9s par une tr\u00e8s forte volatilit\u00e9 des prix.<\/p>\n<p style=\"text-align: justify;\">Les poids lourds de l&rsquo;\u00e9conomie africaine tels que l\u2019Afrique du Sud, le Maroc, l\u2019\u00c9gypte, l&rsquo;Alg\u00e9rie, ont sign\u00e9 cet accord, \u00e0 l&rsquo;exception du Nigeria qui s&rsquo;est abstenu pour l&rsquo;instant.<\/p>\n<p style=\"text-align: justify;\">Mais la r\u00e9alit\u00e9 c&rsquo;est que, le commerce interr\u00e9gional est beaucoup plus en expansion au d\u00e9triment de celui intrar\u00e9gional. L&rsquo;Afrique fait beaucoup plus facilement le commerce avec de pays d&rsquo;autres continents et plus difficilement entre les \u00c9tats africains, soit autour de 16 % intra-africain, de 50 % avec l\u2019Asie et de 70 % avec l\u2019Europe.<\/p>\n<p style=\"text-align: justify;\">Il y a des barri\u00e8res qui subsistent et entravent les \u00e9changes en Afrique tels que le faible degr\u00e9 d&rsquo;int\u00e9gration \u00e9conomique et du commerce sous-r\u00e9gional et continental, la libre circulation des personnes et les politiques d&rsquo;investissement souvent tr\u00e8s conservatrices qui ne cadrent pas avec les r\u00e9alit\u00e9s du monde \u00e9conomique actuel et qui ne sont propices \u00e0 l&rsquo;investissement, \u00e0 la croissance et \u00e0 la cr\u00e9ation d&#8217;emplois.<\/p>\n<p style=\"text-align: justify;\">Le d\u00e9veloppement du commerce sous-r\u00e9gional doit \u00eatre accompagn\u00e9 d&rsquo;une plus grande coop\u00e9ration sous-r\u00e9gionale. Mais en Afrique, le commerce, m\u00eame aux niveaux sous-r\u00e9gionaux: Afrique du Nord, de l&rsquo;Ouest, australe et centrale, demeure beaucoup plus faible par rapport aux potentiels r\u00e9els de la plupart des pays.<\/p>\n<p style=\"text-align: justify;\">Pour que cette Zone de libre-\u00e9change continentale devienne une r\u00e9alit\u00e9 tangible et vivante pour les citoyens de l&rsquo;Union africaine, il est fondamental que les \u00c9tats africains d\u00e9passent les nombreuses barri\u00e8res qui subsistent encore et qui entravent les investissements, les flux financiers et d&rsquo;\u00e9changes r\u00e9gionaux. Il est \u00e9galement fondamental que les \u00c9tats am\u00e9liorent l&rsquo;environnement juridique et judiciaire des entreprises afin de s\u00e9curiser les investissements priv\u00e9s \u00e9trangers. Et enfin, qu&rsquo;ils abolissement progressivement les obstacles \u00e0 la libre circulation des personnes, des biens, des services et des capitaux \u00e0 l&rsquo;\u00e9chelle du continent.<\/p>\n<p>Par Isidore KWANDJA NGEMBO, Politologue, pour Maghreb Canada Express, page 14, <i>Vol. XVI, N\u00b0 4, Avril 2018<\/i><\/p>\n<p>Pour lire\u00a0 l\u2019\u00e9dition du mois d\u2019Avril 2018, cliquer sur l\u2019image:<\/p>\n<div class=\"textwidget\">\n<p><a href=\"http:\/\/www.maghreb-canada.ca\/journal\/2018\/MCE177-04-2018.pdf\"> <img loading=\"lazy\" decoding=\"async\" class=\"style1\" src=\"http:\/\/www.maghreb-canada.ca\/journal\/2018\/n177.jpg\" alt=\"Maghreb Canada Express\" width=\"176\" height=\"239\" \/><\/a><\/p>\n<\/div>\n<p>&nbsp;<\/p>\n","protected":false},"excerpt":{"rendered":"<p>Lors du sommet extraordinaire de l\u2019Union africaine (UA), qui s&rsquo;est tenu en mars dernier \u00e0 Kigali, au Rwanda, quarante-quatre sur les cinquante-cinq \u00c9tats membres ont sign\u00e9 un accord-cadre pour la mise en place de la Zone de libre-\u00e9change continentale (ZLEC). Cet accord constitue une initiative ambitieuse de d\u00e9veloppement \u00e9conomique qui m\u00e9rite d&rsquo;\u00eatre soulign\u00e9 et qui [&hellip;]<\/p>\n","protected":false},"author":1,"featured_media":3839,"comment_status":"closed","ping_status":"closed","sticky":false,"template":"","format":"standard","meta":{"footnotes":""},"categories":[6,7,8,13],"tags":[],"class_list":["post-3838","post","type-post","status-publish","format-standard","has-post-thumbnail","hentry","category-maghreb","category-monde","category-numero-du-mois","category-tribune-libre"],"_links":{"self":[{"href":"https:\/\/maroc-canada.ca\/index.php?rest_route=\/wp\/v2\/posts\/3838","targetHints":{"allow":["GET"]}}],"collection":[{"href":"https:\/\/maroc-canada.ca\/index.php?rest_route=\/wp\/v2\/posts"}],"about":[{"href":"https:\/\/maroc-canada.ca\/index.php?rest_route=\/wp\/v2\/types\/post"}],"author":[{"embeddable":true,"href":"https:\/\/maroc-canada.ca\/index.php?rest_route=\/wp\/v2\/users\/1"}],"replies":[{"embeddable":true,"href":"https:\/\/maroc-canada.ca\/index.php?rest_route=%2Fwp%2Fv2%2Fcomments&post=3838"}],"version-history":[{"count":2,"href":"https:\/\/maroc-canada.ca\/index.php?rest_route=\/wp\/v2\/posts\/3838\/revisions"}],"predecessor-version":[{"id":3841,"href":"https:\/\/maroc-canada.ca\/index.php?rest_route=\/wp\/v2\/posts\/3838\/revisions\/3841"}],"wp:featuredmedia":[{"embeddable":true,"href":"https:\/\/maroc-canada.ca\/index.php?rest_route=\/wp\/v2\/media\/3839"}],"wp:attachment":[{"href":"https:\/\/maroc-canada.ca\/index.php?rest_route=%2Fwp%2Fv2%2Fmedia&parent=3838"}],"wp:term":[{"taxonomy":"category","embeddable":true,"href":"https:\/\/maroc-canada.ca\/index.php?rest_route=%2Fwp%2Fv2%2Fcategories&post=3838"},{"taxonomy":"post_tag","embeddable":true,"href":"https:\/\/maroc-canada.ca\/index.php?rest_route=%2Fwp%2Fv2%2Ftags&post=3838"}],"curies":[{"name":"wp","href":"https:\/\/api.w.org\/{rel}","templated":true}]}}