{"id":3967,"date":"2018-07-03T13:59:26","date_gmt":"2018-07-03T17:59:26","guid":{"rendered":"http:\/\/maghreb-canada.ca\/?p=3967"},"modified":"2018-07-03T14:00:49","modified_gmt":"2018-07-03T18:00:49","slug":"3967","status":"publish","type":"post","link":"https:\/\/maroc-canada.ca\/?p=3967","title":{"rendered":"Canicule : La Ville de Montr\u00e9al en mode \u00ab\u00a0Intervention\u00a0\u00bb"},"content":{"rendered":"<h2 style=\"text-align: justify;\"><span style=\"font-family: Arial; font-size: small;\"><b>Montr\u00e9al, le 3 juillet 2018 \u2013<\/b> Faisant suite aux recommandations de la direction r\u00e9gionale de sant\u00e9 publique (DRSP) du CIUSSS du Centre-Sud de l&rsquo;\u00cele-de-Montr\u00e9al, l&rsquo;organisation de s\u00e9curit\u00e9 civile de l&rsquo;agglom\u00e9ration de Montr\u00e9al annonce qu\u2019elle passe au niveau Intervention de son Plan d&rsquo;intervention en cas de chaleur extr\u00eame. Ce Plan, qui se veut progressif en fonction des conditions m\u00e9t\u00e9orologiques et des effets observ\u00e9s sur la sant\u00e9 des citoyens, pr\u00e9voit l&rsquo;instauration de mesures permettant d&rsquo;assurer le bien-\u00eatre et la s\u00e9curit\u00e9 des citoyens<\/span><\/h2>\n<h2 style=\"text-align: justify;\"><span style=\"font-family: Arial; font-size: small;\">\u00ab La s\u00e9curit\u00e9 des citoyennes et citoyens est notre priorit\u00e9 et nous travaillons \u00e9troitement avec tous les partenaires concern\u00e9s pour s\u2019assurer que tous aient acc\u00e8s sans obstacle \u00e0 des installations pour se rafra\u00eechir pendant cette p\u00e9riode particuli\u00e8rement difficile. J\u2019invite toute la population \u00e0 faire preuve de solidarit\u00e9 envers les personnes vuln\u00e9rables et je tiens \u00e0 f\u00e9liciter les employ\u00e9s pour leur mobilisation exceptionnelle \u00bb, a mentionn\u00e9 la mairesse de Montr\u00e9al, Val\u00e9rie Plante.<\/span><\/h2>\n<h2 style=\"text-align: justify;\"><span style=\"font-family: Arial; font-size: small;\">\u00ab Nos \u00e9quipes sont sur le terrain et suivent la situation de pr\u00e8s afin d\u2019adapter leurs actions en fonction des besoins de la population. Nous activons ainsi aujourd\u2019hui notre centre de coordination des mesures d\u2019urgence afin d\u2019\u00eatre en mesure de d\u00e9ployer toutes les actions n\u00e9cessaires en fonction de l\u2019\u00e9volution de la situation \u00bb, a ajout\u00e9 le directeur du Service de s\u00e9curit\u00e9 incendie et coordonnateur de la s\u00e9curit\u00e9 civile de l\u2019agglom\u00e9ration de Montr\u00e9al, Bruno Lachance<\/span><\/h2>\n<h2 style=\"text-align: justify;\"><span style=\"font-family: Arial; font-size: small;\">Le mode Intervention du Plan pr\u00e9voit le d\u00e9but aujourd\u2019hui d\u2019une op\u00e9ration de porte-\u00e0-porte conjointe par le Service de s\u00e9curit\u00e9 incendie et le Service de police de la Ville de Montr\u00e9al afin de rejoindre les populations les plus vuln\u00e9rables et de distribuer des conseils de pr\u00e9vention dans certains secteurs prioris\u00e9s.<\/span><\/h2>\n<h2 style=\"text-align: justify;\"><span style=\"font-family: Arial; font-size: small;\">Rappelons que depuis le d\u00e9but de l\u2019\u00e9pisode de chaleur et d&rsquo;humidit\u00e9 accablante qui touche la r\u00e9gion m\u00e9tropolitaine, les arrondissements et les villes li\u00e9es ont prolong\u00e9 les heures d&rsquo;ouverture de leurs jeux d\u2019eaux, piscines et pataugeoires et de leurs lieux municipaux climatis\u00e9s. Pour conna\u00eetre les coordonn\u00e9es ainsi que les heures d&rsquo;ouverture de ces installations, les citoyens des arrondissements sont invit\u00e9s \u00e0 consulter le site Internet de la Ville de Montr\u00e9al (<\/span><a href=\"http:\/\/www.ville.montreal.qc.ca\/\" target=\"_blank\"><span style=\"color: blue; font-family: Arial; font-size: small;\"><u>www.ville.montreal.qc.ca<\/u><\/span><\/a><span style=\"font-family: Arial; font-size: small;\">), ou \u00e0 appeler le 311. Les citoyens des villes li\u00e9es sont invit\u00e9s \u00e0 appeler directement leur ville ou \u00e0 consulter les sites Internet. <\/span><a href=\"http:\/\/www1.ville.montreal.qc.ca\/banque311\/content\/coordonn%C3%A9es-des-points-de-service-des-villes-li%C3%A9es\" target=\"_blank\"><span style=\"color: blue; font-family: Arial; font-size: small;\"><u>Les coordonn\u00e9es sont aussi disponibles ici<\/u><\/span><\/a><span style=\"font-family: Arial; font-size: small;\">. 17 000 litres d\u2019eau ont \u00e9galement \u00e9t\u00e9 distribu\u00e9es aux organismes venant en aide aux personnes en situations d\u2019itin\u00e9rance et 25 000 litres suppl\u00e9mentaires ont \u00e9t\u00e9 distribu\u00e9s aux arrondissements, villes li\u00e9es et services d\u2019urgence.<\/span><br \/>\n<span style=\"font-family: Arial; font-size: small;\"><b>Effets sur la sant\u00e9<\/b><\/span><br \/>\n<span style=\"font-family: Arial; font-size: small;\">La Ville de Montr\u00e9al tient \u00e0 vous rappeler les principales mesures de pr\u00e9vention pr\u00e9conis\u00e9es par la direction r\u00e9gionale de sant\u00e9 publique du CIUSSS du Centre-Sud de l&rsquo;\u00cele-de-Montr\u00e9al, permettant de r\u00e9duire les risques de probl\u00e8mes de sant\u00e9 pouvant survenir en p\u00e9riode de chaleur accablante ou extr\u00eame.<\/span> \u00e0<\/h2>\n<h2 style=\"text-align: justify;\"><strong><span style=\"font-family: Arial; font-size: small;\">Il est fortement recommand\u00e9 de : <\/span><\/strong><\/h2>\n<h2 style=\"text-align: justify;\"><span style=\"font-family: Arial; font-size: small;\">&#8211; \u00a0 \u00a0 \u00a0 \u00a0Boire beaucoup d&rsquo;eau sans attendre d\u2019avoir soif<\/span><br \/>\n<span style=\"font-family: Arial; font-size: small;\">&#8211; \u00a0 \u00a0 \u00a0 \u00a0Se rafraichir souvent par une douche ou un bain frais<\/span><br \/>\n<span style=\"font-family: Arial; font-size: small;\">&#8211; \u00a0 \u00a0 \u00a0 \u00a0Aller dans un endroit climatis\u00e9 ou frais pendant quelques heures (centres commerciaux, biblioth\u00e8ques, cin\u00e9mas, installations d&rsquo;Espace pour la vie, etc.)<\/span><br \/>\n<span style=\"font-family: Arial; font-size: small;\">&#8211; \u00a0 \u00a0 \u00a0 \u00a0Limiter vos activit\u00e9s physiques<\/span><br \/>\n<span style=\"font-family: Arial; font-size: small;\">&#8211; \u00a0 \u00a0 \u00a0 \u00a0Porter des v\u00eatements l\u00e9gers<\/span><\/h2>\n<h2 style=\"text-align: justify;\"><span style=\"font-family: Arial; font-size: small;\">Les personnes vuln\u00e9rables \u2013 \u00e2g\u00e9es et jeunes \u2013, les personnes souffrant de maladies mentales, de m\u00eame que les personnes atteintes de maladies chroniques, comme le diab\u00e8te ou les maladies cardiovasculaires, respiratoires, r\u00e9nales et neurologiques, doivent \u00eatre particuli\u00e8rement vigilantes, de m\u00eame que les enfants de quatre ans et moins.<\/span><\/h2>\n<div style=\"text-align: justify;\"><span style=\"font-family: Arial; font-size: small;\">En pr\u00e9sence de sympt\u00f4mes, la population peut communiquer avec Info-Sant\u00e9 en composant le 811. En cas d&rsquo;urgence, ne pas h\u00e9siter \u00e0 faire appel au 911. Pour plus de renseignements sur les effets sur la sant\u00e9, veuillez consulter le site internet <\/span><a href=\"https:\/\/santemontreal.qc.ca\/chaleur\/\" target=\"_blank\"><span style=\"font-family: Arial; font-size: small;\"><u>https:\/\/santemontreal.qc.ca\/chaleur\/<\/u><\/span><\/a><span style=\"font-family: Arial; font-size: small;\">.<\/span><\/div>\n<div style=\"text-align: justify;\"><\/div>\n<div style=\"text-align: justify;\">Source : Ville de Montr\u00e9al.<\/div>\n","protected":false},"excerpt":{"rendered":"<p>Montr\u00e9al, le 3 juillet 2018 \u2013 Faisant suite aux recommandations de la direction r\u00e9gionale de sant\u00e9 publique (DRSP) du CIUSSS du Centre-Sud de l&rsquo;\u00cele-de-Montr\u00e9al, l&rsquo;organisation de s\u00e9curit\u00e9 civile de l&rsquo;agglom\u00e9ration de Montr\u00e9al annonce qu\u2019elle passe au niveau Intervention de son Plan d&rsquo;intervention en cas de chaleur extr\u00eame. Ce Plan, qui se veut progressif en fonction [&hellip;]<\/p>\n","protected":false},"author":1,"featured_media":3968,"comment_status":"closed","ping_status":"closed","sticky":false,"template":"","format":"standard","meta":{"footnotes":""},"categories":[4,8],"tags":[],"class_list":["post-3967","post","type-post","status-publish","format-standard","has-post-thumbnail","hentry","category-canada","category-numero-du-mois"],"_links":{"self":[{"href":"https:\/\/maroc-canada.ca\/index.php?rest_route=\/wp\/v2\/posts\/3967","targetHints":{"allow":["GET"]}}],"collection":[{"href":"https:\/\/maroc-canada.ca\/index.php?rest_route=\/wp\/v2\/posts"}],"about":[{"href":"https:\/\/maroc-canada.ca\/index.php?rest_route=\/wp\/v2\/types\/post"}],"author":[{"embeddable":true,"href":"https:\/\/maroc-canada.ca\/index.php?rest_route=\/wp\/v2\/users\/1"}],"replies":[{"embeddable":true,"href":"https:\/\/maroc-canada.ca\/index.php?rest_route=%2Fwp%2Fv2%2Fcomments&post=3967"}],"version-history":[{"count":4,"href":"https:\/\/maroc-canada.ca\/index.php?rest_route=\/wp\/v2\/posts\/3967\/revisions"}],"predecessor-version":[{"id":3972,"href":"https:\/\/maroc-canada.ca\/index.php?rest_route=\/wp\/v2\/posts\/3967\/revisions\/3972"}],"wp:featuredmedia":[{"embeddable":true,"href":"https:\/\/maroc-canada.ca\/index.php?rest_route=\/wp\/v2\/media\/3968"}],"wp:attachment":[{"href":"https:\/\/maroc-canada.ca\/index.php?rest_route=%2Fwp%2Fv2%2Fmedia&parent=3967"}],"wp:term":[{"taxonomy":"category","embeddable":true,"href":"https:\/\/maroc-canada.ca\/index.php?rest_route=%2Fwp%2Fv2%2Fcategories&post=3967"},{"taxonomy":"post_tag","embeddable":true,"href":"https:\/\/maroc-canada.ca\/index.php?rest_route=%2Fwp%2Fv2%2Ftags&post=3967"}],"curies":[{"name":"wp","href":"https:\/\/api.w.org\/{rel}","templated":true}]}}