{"id":3989,"date":"2018-07-11T23:11:30","date_gmt":"2018-07-12T03:11:30","guid":{"rendered":"http:\/\/maghreb-canada.ca\/?p=3989"},"modified":"2018-07-11T23:11:30","modified_gmt":"2018-07-12T03:11:30","slug":"relations-bilaterales-maroc-canada-le-nouvel-ambassadeur-de-sa-majeste-le-roi-au-canada-remet-ses-lettres-de-creance-a-la-gouverneure-generale","status":"publish","type":"post","link":"https:\/\/maroc-canada.ca\/?p=3989","title":{"rendered":"Relations bilat\u00e9rales Maroc-Canada : Le nouvel ambassadeur de Sa Majest\u00e9 le Roi au Canada remet ses lettres de cr\u00e9ance \u00e0 la Gouverneure g\u00e9n\u00e9rale"},"content":{"rendered":"<p style=\"text-align: justify;\">La Gouverneure g\u00e9n\u00e9rale du Canada, Mme Julie Payette, a re\u00e7u en audience, 29 juin dernier \u00e0 sa r\u00e9sidence d&rsquo;\u00e9t\u00e9 \u00e0 Qu\u00e9bec-ville, Mme Souriya Otmani, qui lui a remis ses lettres de cr\u00e9ance l&rsquo;accr\u00e9ditant comme Ambassadeur extraordinaire et pl\u00e9nipotentiaire de Sa Majest\u00e9 le Roi au Canada.<\/p>\n<p style=\"text-align: justify;\">Lors de cette audience, Mme Otmani a transmis \u00e0 la Gouverneure g\u00e9n\u00e9rale les chaleureuses salutations de Sa Majest\u00e9 le Roi Mohammed VI et lui a pareillement exprim\u00e9 les sentiments de tr\u00e8s haute estime, de respect et de consid\u00e9ration profonde que le Souverain nourrit \u00e0 son \u00e9gard, tout en confirmant la volont\u00e9 sinc\u00e8re du Maroc de poursuivre, de raffermir et de diversifier les relations diplomatiques et de coop\u00e9ration qui lient les deux pays depuis maintenant 56 ans.<\/p>\n<p style=\"text-align: justify;\">La Gouverneure g\u00e9n\u00e9rale Julie Payette a, de son c\u00f4t\u00e9, fait part de sa grande admiration pour les r\u00e9alisations accomplies par le Maroc sous la conduite de Sa Majest\u00e9 le Roi tant au niveau interne que sur la sc\u00e8ne internationale.<\/p>\n<p style=\"text-align: justify;\">Mme Payette s&rsquo;est f\u00e9licit\u00e9e de la qualit\u00e9, de l&rsquo;intensit\u00e9 et de la diversit\u00e9 des nombreux projets de coop\u00e9ration qui lient le Canada au Maroc dans des domaines primordiaux tels que la s\u00e9curit\u00e9, la promotion des droits humains, le commerce, la culture, l&rsquo;\u00e9ducation, la formation professionnelle, la promotion de la femme, l&rsquo;environnement et la lutte contre la pr\u00e9carit\u00e9 et les changements climatiques.<\/p>\n<p style=\"text-align: justify;\">Mme Otmani a aussi fait part \u00e0 Mme Payette de son appr\u00e9ciation quant au fait que le Maroc et le Canada partagent et promeuvent de par le monde et dans toutes les instances r\u00e9gionales et internationales, les m\u00eames valeurs et id\u00e9aux de paix, d&rsquo;ouverture, de dialogue entre les cultures, de promotion du multilat\u00e9ralisme et du multiculturalisme, et de respect de la diff\u00e9rence.<\/p>\n<p style=\"text-align: justify;\">Elle s&rsquo;est d\u00e9clar\u00e9e convaincue que les relations de coop\u00e9ration bilat\u00e9rale exemplaires qui lient les deux pays ne peuvent dans l&rsquo;avenir que se consolider et s&rsquo;amplifier davantage tant le potentiel existant de part et d&rsquo;autre est consid\u00e9rable et m\u00e9rite d&rsquo;\u00eatre exploit\u00e9 \u00e0 sa juste valeur.<\/p>\n<p style=\"text-align: justify;\">La Gouverneure G\u00e9n\u00e9rale et l&rsquo;Ambassadeur de Sa Majest\u00e9 le Roi ont \u00e9galement convenu que la signature, le 22 juin \u00e0 Rabat, de l&rsquo;entente entre le Qu\u00e9bec et le Maroc pour l&rsquo;ouverture d&rsquo;un Bureau de Repr\u00e9sentation du Qu\u00e9bec dans la capitale marocaine, augure d&rsquo;une nouvelle \u00e9tape dans la consolidation des relations de coop\u00e9ration entre les deux pays en consid\u00e9ration du fait notamment que cette institution a vocation \u00e0 \u0153uvrer avec la partie marocaine en vue de r\u00e9soudre l&rsquo;\u00e9pineux probl\u00e8me de la reconnaissance des dipl\u00f4mes et des qualifications professionnelles entre le Qu\u00e9bec et le Maroc, ce qui ne manquerait pas d&rsquo;avoir des retomb\u00e9es positives pour l&rsquo;importante communaut\u00e9 marocaine r\u00e9sidant au Qu\u00e9bec et ailleurs au Canada en g\u00e9n\u00e9ral.<\/p>\n<p style=\"text-align: justify;\">La Gouverneure G\u00e9n\u00e9rale a, par ailleurs, lou\u00e9 fortement la beaut\u00e9 du Royaume et exprim\u00e9 sa grande admiration pour la richesse et la diversit\u00e9 de ses traditions architecturales, artisanales et culinaires. Elle a, en outre, exprim\u00e9 son appr\u00e9ciation du dynamisme du peuple marocain et s&rsquo;est publiquement f\u00e9licit\u00e9e de l&rsquo;excellente prestation de l\u2019\u00e9quipe nationale, effectu\u00e9e lors de sa participation au Mondial de football en Russie.<\/p>\n<p style=\"text-align: justify;\">En sa qualit\u00e9 d&rsquo;astronaute ayant navigu\u00e9 durant de longues p\u00e9riodes dans la station spatiale internationale, Mme Payette n&rsquo;a pas manqu\u00e9 de souligner l\u2019extraordinaire situation g\u00e9ographique du Maroc, vu de l\u2019espace, en insistant sur le fait que le Royaume est un site incontournable pour l&rsquo;ensemble des membres de la communaut\u00e9 a\u00e9rospatiale.<\/p>\n<p style=\"text-align: justify;\">Elle a, enfin, exprim\u00e9 le souhait sinc\u00e8re de pouvoir effectuer, durant son mandat de Gouverneure g\u00e9n\u00e9rale, une visite de travail et d\u2019amiti\u00e9 au Maroc.<\/p>\n<p style=\"text-align: justify;\">Ont pris part \u00e0 la c\u00e9r\u00e9monie de remise des lettres de cr\u00e9ance, des membres de l\u2019ambassade du Maroc au Canada, la Consule g\u00e9n\u00e9rale du Royaume \u00e0 Montr\u00e9al, Habiba Zemmouri, et le Directeur du centre culturel marocain \u00ab\u00a0Dar Al-Maghrib\u00a0\u00bb, Ja\u00e2far Debbarh.<\/p>\n<p style=\"text-align: justify;\"><i>Source : MAP<\/i><\/p>\n<div id=\"text-18\" class=\"sidebar-wrap clearfix widget_text\">\n<h3>Pour lire\u00a0 l\u2019\u00e9dition du mois de JUILLET 2018, cliquer sur l\u2019image:<\/h3>\n<\/div>\n<div class=\"textwidget\">\n<p><a href=\"http:\/\/www.maghreb-canada.ca\/journal\/2018\/MCE180-07-2018.pdf\"> <img loading=\"lazy\" decoding=\"async\" class=\"style1\" src=\"http:\/\/www.maghreb-canada.ca\/journal\/2018\/n180.jpg\" alt=\"Maghreb Canada Express\" width=\"176\" height=\"239\" \/><\/a><\/p>\n<\/div>\n","protected":false},"excerpt":{"rendered":"<p>La Gouverneure g\u00e9n\u00e9rale du Canada, Mme Julie Payette, a re\u00e7u en audience, 29 juin dernier \u00e0 sa r\u00e9sidence d&rsquo;\u00e9t\u00e9 \u00e0 Qu\u00e9bec-ville, Mme Souriya Otmani, qui lui a remis ses lettres de cr\u00e9ance l&rsquo;accr\u00e9ditant comme Ambassadeur extraordinaire et pl\u00e9nipotentiaire de Sa Majest\u00e9 le Roi au Canada. Lors de cette audience, Mme Otmani a transmis \u00e0 la [&hellip;]<\/p>\n","protected":false},"author":1,"featured_media":3990,"comment_status":"closed","ping_status":"closed","sticky":false,"template":"","format":"standard","meta":{"footnotes":""},"categories":[4,5,6,7,8],"tags":[],"class_list":["post-3989","post","type-post","status-publish","format-standard","has-post-thumbnail","hentry","category-canada","category-immigration","category-maghreb","category-monde","category-numero-du-mois"],"_links":{"self":[{"href":"https:\/\/maroc-canada.ca\/index.php?rest_route=\/wp\/v2\/posts\/3989","targetHints":{"allow":["GET"]}}],"collection":[{"href":"https:\/\/maroc-canada.ca\/index.php?rest_route=\/wp\/v2\/posts"}],"about":[{"href":"https:\/\/maroc-canada.ca\/index.php?rest_route=\/wp\/v2\/types\/post"}],"author":[{"embeddable":true,"href":"https:\/\/maroc-canada.ca\/index.php?rest_route=\/wp\/v2\/users\/1"}],"replies":[{"embeddable":true,"href":"https:\/\/maroc-canada.ca\/index.php?rest_route=%2Fwp%2Fv2%2Fcomments&post=3989"}],"version-history":[{"count":1,"href":"https:\/\/maroc-canada.ca\/index.php?rest_route=\/wp\/v2\/posts\/3989\/revisions"}],"predecessor-version":[{"id":3991,"href":"https:\/\/maroc-canada.ca\/index.php?rest_route=\/wp\/v2\/posts\/3989\/revisions\/3991"}],"wp:featuredmedia":[{"embeddable":true,"href":"https:\/\/maroc-canada.ca\/index.php?rest_route=\/wp\/v2\/media\/3990"}],"wp:attachment":[{"href":"https:\/\/maroc-canada.ca\/index.php?rest_route=%2Fwp%2Fv2%2Fmedia&parent=3989"}],"wp:term":[{"taxonomy":"category","embeddable":true,"href":"https:\/\/maroc-canada.ca\/index.php?rest_route=%2Fwp%2Fv2%2Fcategories&post=3989"},{"taxonomy":"post_tag","embeddable":true,"href":"https:\/\/maroc-canada.ca\/index.php?rest_route=%2Fwp%2Fv2%2Ftags&post=3989"}],"curies":[{"name":"wp","href":"https:\/\/api.w.org\/{rel}","templated":true}]}}