{"id":3992,"date":"2018-07-11T23:14:04","date_gmt":"2018-07-12T03:14:04","guid":{"rendered":"http:\/\/maghreb-canada.ca\/?p=3992"},"modified":"2018-07-12T05:10:08","modified_gmt":"2018-07-12T09:10:08","slug":"vivre-ensemble-et-si-on-creerait-une-agence-internationale-de-placement-des-migrants","status":"publish","type":"post","link":"https:\/\/maroc-canada.ca\/?p=3992","title":{"rendered":"Vivre-Ensemble : Et si on cr\u00e9ait une Agence internationale de placement des migrants !"},"content":{"rendered":"<p style=\"text-align: justify;\">Des diff\u00e9rentes th\u00e9ories expliquant aussi bien qu\u2019analysant les causes de la mobilit\u00e9 humaine depuis Ravensteinm au 19<sup>\u00e8me <\/sup>si\u00e8cle, la <i>Th\u00e9orie unificatrice de l&rsquo;osmose <\/i>semblerait \u00eatre la plus appropri\u00e9e pour expliquer la dynamique migratoire au d\u00e9but de ce 21\u00e8me si\u00e8cle..<\/p>\n<p style=\"text-align: justify;\">En effet, contrairement \u00e0 la <b>\u2018<\/b><b><i>\u2019Th\u00e9orie des mod\u00e8les d&rsquo;\u00e9conomie duale\u2019\u2019 <\/i><\/b>(o\u00f9 la migration joue le r\u00f4le de courroie de transmission de la main d\u2019\u0153uvre entre le syst\u00e8me \u00e9conomique traditionnel; bas\u00e9 sur l\u2019agriculture et le syst\u00e8me moderne bas\u00e9 quant \u00e0 lui sur l\u2019industrie), \u00e0 la <b>\u2018\u2019Th\u00e9orie de <\/b><b><i>l\u2019Approche probabiliste\u2019\u2019<\/i><\/b> (o\u00f9 le migrant et la migrante offrent leurs services \u00e0 celui qui paie le mieux dans l\u2019un ou l\u2019autre des secteurs \u00e9conomiques cit\u00e9s ci-dessus) ou encore contrairement \u00e0 la <b>\u2018\u2019<\/b><b><i>Th\u00e9orie du syst\u00e8me mondial \u2018\u00a0 <\/i><\/b>(qui met en exergue l\u2019impact de l\u2019exode rural et, par cons\u00e9quent, la supr\u00e9matie du <i>Centre <\/i>industrialis\u00e9 sur la <i>p\u00e9riph\u00e9rie <\/i>agricole) ainsi que contrairement \u00e0 la <b>\u2018<\/b><b><i>\u2019Th\u00e9orie de la nouvelle \u00e9conomie des migrations de travail\u2019<\/i><\/b><b>\u2019 <\/b>(o\u00f9 la migration devient un moyen de diversifier les revenus familiaux et, <i>de facto<\/i>, une assurance contre la pr\u00e9carit\u00e9 de l\u2019emploi dans le pays d\u2019origine)&#8230; Contrairement \u00e0 toutes ces th\u00e9ories, la th\u00e9orie unificatrice de l&rsquo;osmose conjugue l\u2019influence, sur la mobilit\u00e9 humaine aussi bien des facteurs endog\u00e8nes (incluant ceux cit\u00e9s ci-dessus) qu\u2019exog\u00e8nes comme les facteurs des changements climatiques qui semblent \u00e9chapper \u00e0 tous ces mod\u00e8les \u00e9conomiques et qui rendent la migration une n\u00e9cessit\u00e9 plus qu\u2019un choix.<\/p>\n<p style=\"text-align: justify;\">Cette th\u00e9orie unificatrice de l&rsquo;osmose (<i>Wkipedia<\/i>), \u00e0 l\u2019instar du ph\u00e9nom\u00e8ne physique d\u2019osmose, assimile les pays aux cellules, les fronti\u00e8res aux membranes semi-perm\u00e9ables et les humains aux ions qui se meuvent dans des milieux aqueux de diff\u00e9rentes concentrations.<\/p>\n<p style=\"text-align: justify;\">Comme le ph\u00e9nom\u00e8ne physique d&rsquo;osmose, la th\u00e9orie pr\u00e9dit que les humains \u2018<i>\u2019migrent du pays avec une pression forte migratoire vers le pays avec une faible pression migratoire \u00e0 travers la membrane semi-perm\u00e9able qui est la fronti\u00e8re entre les deux pays\u2019\u2019<\/i>.<\/p>\n<p style=\"text-align: justify;\">Si on se r\u00e9f\u00e8re \u00e0 cette th\u00e9orie, les populations du Sud, de plus en plus instruites mais dont l\u2019avenir est de plus en plus incertain et qui, en plus, sont soumises au bombardement m\u00e9diatique leur faisant miroiter que <i>l\u2019herbe est plus verte chez le voisin<\/i>, voient les plus hardis parmi eux passer \u00e0 travers la fronti\u00e8re, cette membrane semi-perm\u00e9able, pour aller chercher le bonheur ailleurs.<\/p>\n<p style=\"text-align: justify;\">Or ne partent que les plus forts&#8230; Les meilleurs ! Ce qui d\u00e9ment le fait que l\u2019immigration pourrait aider ceux et celles rest\u00e9s sur place \u00e0 s\u2019en sortir juste \u00e0 travers les transferts effectu\u00e9s de l\u2019\u00e9tranger car, exode des cerveaux oblige, ces transferts deviennent des cha\u00eenes asservissant, plus qu\u2019au temps coloniaux, le pays d\u2019accueil \u00e0 l\u2019\u00e9tranger.<\/p>\n<p style=\"text-align: justify;\">D\u2019o\u00f9 peut-\u00eatre, ce silence faussement compatissant des pays les plus nantis : Le facteur humanitaire pour accueillir les migrants est secondaire et&#8230; il fut, il est et tout indiquerait qu\u2019il restera le meilleur bouc-\u00e9missaire de l\u2019hypocrisie des grandes puissances \u00e9conomiques dans leur qu\u00eate d\u2019enrober l\u2019amertume de leurs politiques \u2018\u2019n\u00e9ocolonialistes\u2019\u2019 sous la douceur des transferts de fonds vers les pays d\u2019origine.<\/p>\n<p style=\"text-align: justify;\">Beaucoup de pays industrialis\u00e9s trouvent dans cette osmose migratoire le moyen de rendre leurs \u00e9conomie comp\u00e9titive sur la sc\u00e8ne r\u00e9gionale (exemple de l\u2019Espagne au sein de l\u2019union europ\u00e9enne&#8230; Au d\u00e9triment des pays de l\u2019Afrique du Nord) ou carr\u00e9ment mondiale (cas des USA).<\/p>\n<p style=\"text-align: justify;\">Or comme dans le ph\u00e9nom\u00e8ne physique de l\u2019osmose, il arrive un moment o\u00f9 il y a saturation. Et chez les humains, le naturel chass\u00e9 autrefois \u00e0 coup d\u2019hypocrisie philanthropique revient au galop.<\/p>\n<p style=\"text-align: justify;\">Et c\u2019est ainsi que M. Trump s\u2019\u00e9cria \u2018<i>\u2019America First\u2019\u2019 . <\/i>Et c\u2019est ainsi que son cri trouva \u00e9cho chez la classe moyenne qui semble lui r\u00e9pondre : Yes <i>Sir ! Kill them All !<\/i><\/p>\n<p style=\"text-align: justify;\">Il aurait suffi de cette formule triviale (L\u2019Am\u00e9rique d\u2019abord) pour que l\u2019Am\u00e9rique renoue virtuellement avec les camps de concentration; au nom de la peur de l\u2019Autre !<\/p>\n<p style=\"text-align: justify;\">Et&#8230; Pas si bizarre que cela puisse para\u00eetre: Peu ou pas de r\u00e9actions face \u00e0 la d\u00e9cision am\u00e9ricaine de s\u00e9parer les enfants de leurs parents&#8230; Ces parents qui ont commis le \u2018\u2019sacril\u00e8ge\u2019\u2019 de violer la fronti\u00e8re (membrane-osmose) am\u00e9ricaine pour assurer un avenir meilleur \u00e0 ces enfants kidnapp\u00e9s par un \u00c9tat au nom de la peur de l\u2019autre&#8230; pour devenir les boucs \u00e9missaire de toute cette hypocrisie politico-\u00e9conomique transform\u00e9e en peur nationale de l\u2019Autre. Et c\u2019est au nom de cette peur de l\u2019autre que les \u00e9lecteurs appuyant de bonne fois (et ce serait difficile de leur en vouloir) des politiciens qui n\u2019auraient rien \u00e0 envier ni \u00e0 Mussolini ni \u00e0 Hitler!<\/p>\n<p style=\"text-align: justify;\">Loin de l\u2019Am\u00e9rique qui a les moyens de faire miroiter le spectre d\u2019un mur des lamentations contemporain, des pays en premi\u00e8re ligne, comme le Maroc par exemple, et ce, vu leur proximit\u00e9 d\u2019Eldorado europ\u00e9en, subissent d\u00e9j\u00e0 les contrecoups de ces coup-de-b\u00e9lier migratoires dont les changements climatiques risquent de renforcer l\u2019ampleur.<\/p>\n<p style=\"text-align: justify;\">Et des pays comme le Maroc ou la Lybie n\u2019ont ni la force de l\u2019Italie ni l\u2019envie de faire des desperados de la m\u00e9diterran\u00e9e des <i>Ulysse contemporains <\/i>chass\u00e9s d\u2019un port \u00e0 l\u2019autre ! D\u2019o\u00f9 cet espoir insens\u00e9 de voir la 11<sup>\u00e8me<\/sup> \u00e9dition du Forum mondial de la Migration et du D\u00e9veloppement (qui se tiendra \u00e0 Marrakech en d\u00e9cembre prochain) d\u00e9boucher sur la cr\u00e9ation d\u2019une sorte d\u2019Agence internationale de placement des migrants &#8230; Car le besoin en main-d\u2019\u0153uvre se trouve plus loin que les pays o\u00f9 atterrissent ces desperados en qu\u00eate d\u2019eldorado occidental.<\/p>\n<p style=\"text-align: justify;\">Il suffirait pour cela d\u2019\u00e9tendre le mandat de l\u2019Organisation internationale pour les migrations (OIM) ou celui du Haut commissariat des refugi\u00e9s\u00a0 (en \u00e9tendant la notion de <i>r\u00e9fugi\u00e9 <\/i>\u00e0 ceux \u00e9conomiques et climatiques)&#8230; Quitte ensuite \u00e0 opter, dans ce contexte, pour des mesures draconiennes de maintien des populations au sein de leurs fronti\u00e8res, de trouver un consensus entre la libert\u00e9 de circuler et celle de vivre en s\u00e9curit\u00e9 chez soi. Faute de quoi, le contexte s\u00e9curitaire risquerait de l\u2019emporter sur celui humanitaire&#8230; t\u00f4t \u00e0 tard ! Et loin de toute sensiblerie, il suffit d\u2019ouvrir les yeux bien grands sur ce qui est en train de se passer au su et au vu de tous .<\/p>\n<p><i>Abderahman El Fouladi p<\/i>our Maghreb Canada Express,, page 3, <i>Vol. XVI, N\u00b0 07, Juillet 2018<\/i><\/p>\n<div id=\"text-18\" class=\"sidebar-wrap clearfix widget_text\">\n<h3>Pour lire\u00a0 l\u2019\u00e9dition du mois de JUILLET 2018, cliquer sur l\u2019image:<\/h3>\n<\/div>\n<div class=\"textwidget\">\n<p><a href=\"http:\/\/www.maghreb-canada.ca\/journal\/2018\/MCE180-07-2018.pdf\"> <img loading=\"lazy\" decoding=\"async\" class=\"style1\" src=\"http:\/\/www.maghreb-canada.ca\/journal\/2018\/n180.jpg\" alt=\"Maghreb Canada Express\" width=\"176\" height=\"239\" \/><\/a><\/p>\n<\/div>\n<p>&nbsp;<\/p>\n","protected":false},"excerpt":{"rendered":"<p>Des diff\u00e9rentes th\u00e9ories expliquant aussi bien qu\u2019analysant les causes de la mobilit\u00e9 humaine depuis Ravensteinm au 19\u00e8me si\u00e8cle, la Th\u00e9orie unificatrice de l&rsquo;osmose semblerait \u00eatre la plus appropri\u00e9e pour expliquer la dynamique migratoire au d\u00e9but de ce 21\u00e8me si\u00e8cle.. En effet, contrairement \u00e0 la \u2018\u2019Th\u00e9orie des mod\u00e8les d&rsquo;\u00e9conomie duale\u2019\u2019 (o\u00f9 la migration joue le r\u00f4le [&hellip;]<\/p>\n","protected":false},"author":1,"featured_media":899,"comment_status":"closed","ping_status":"closed","sticky":false,"template":"","format":"standard","meta":{"footnotes":""},"categories":[4,5,6,7,8,13],"tags":[],"class_list":["post-3992","post","type-post","status-publish","format-standard","has-post-thumbnail","hentry","category-canada","category-immigration","category-maghreb","category-monde","category-numero-du-mois","category-tribune-libre"],"_links":{"self":[{"href":"https:\/\/maroc-canada.ca\/index.php?rest_route=\/wp\/v2\/posts\/3992","targetHints":{"allow":["GET"]}}],"collection":[{"href":"https:\/\/maroc-canada.ca\/index.php?rest_route=\/wp\/v2\/posts"}],"about":[{"href":"https:\/\/maroc-canada.ca\/index.php?rest_route=\/wp\/v2\/types\/post"}],"author":[{"embeddable":true,"href":"https:\/\/maroc-canada.ca\/index.php?rest_route=\/wp\/v2\/users\/1"}],"replies":[{"embeddable":true,"href":"https:\/\/maroc-canada.ca\/index.php?rest_route=%2Fwp%2Fv2%2Fcomments&post=3992"}],"version-history":[{"count":2,"href":"https:\/\/maroc-canada.ca\/index.php?rest_route=\/wp\/v2\/posts\/3992\/revisions"}],"predecessor-version":[{"id":3994,"href":"https:\/\/maroc-canada.ca\/index.php?rest_route=\/wp\/v2\/posts\/3992\/revisions\/3994"}],"wp:featuredmedia":[{"embeddable":true,"href":"https:\/\/maroc-canada.ca\/index.php?rest_route=\/wp\/v2\/media\/899"}],"wp:attachment":[{"href":"https:\/\/maroc-canada.ca\/index.php?rest_route=%2Fwp%2Fv2%2Fmedia&parent=3992"}],"wp:term":[{"taxonomy":"category","embeddable":true,"href":"https:\/\/maroc-canada.ca\/index.php?rest_route=%2Fwp%2Fv2%2Fcategories&post=3992"},{"taxonomy":"post_tag","embeddable":true,"href":"https:\/\/maroc-canada.ca\/index.php?rest_route=%2Fwp%2Fv2%2Ftags&post=3992"}],"curies":[{"name":"wp","href":"https:\/\/api.w.org\/{rel}","templated":true}]}}