{"id":4000,"date":"2018-08-21T15:41:25","date_gmt":"2018-08-21T19:41:25","guid":{"rendered":"http:\/\/maghreb-canada.ca\/?p=4000"},"modified":"2018-08-21T15:51:28","modified_gmt":"2018-08-21T19:51:28","slug":"signature-dedicace-du-livre-de-boujniba-a-montreal-sur-les-lieux-de-laction","status":"publish","type":"post","link":"https:\/\/maroc-canada.ca\/?p=4000","title":{"rendered":"Signature-d\u00e9dicace du livre \u2018\u2019De Boujniba \u00e0 Montr\u00e9al\u2019\u2019 sur les lieux de l\u2019Action"},"content":{"rendered":"<p style=\"text-align: justify;\">\u00c0 l&rsquo;occasion de \u00a0la journ\u00e9e nationale de l&rsquo;immigrant, le 10 ao\u00fbt 2018, l&rsquo;Association le Printemps pour la Citoyennet\u00e9 et le D\u00e9veloppement (APCD) de Boujniba (Maroc) avait organis\u00e9 \u00a0une rencontre sous le th\u00e8me <i>\u2019\u2019l\u2019immigration, un levier de d\u00e9veloppement local\u2019\u2019 <\/i>qui avait r\u00e9uni des natifs de cette ville dont certains vivant \u00e0 l\u2019\u00e9tranger , d\u2019autres vivant ailleurs au Maroc. Et dont plusieurs parmi eux ne ce sont pas revus depuis presque un demi si\u00e8cle.<\/p>\n<p style=\"text-align: justify;\">Dans son allocution de bienvenue, le pr\u00e9sident en exercice de l\u2019APCD, M. Nabil El Koukh, souligna que l&rsquo;organisation de cette activit\u00e9 vint rendre hommage aux comp\u00e9tences de cette petite ville mini\u00e8re aussi bien pour leurs actions sur la sc\u00e8ne locale, que nationale ou internationale. Et d\u2019ajouter que c\u2019est aussi, l\u2019occasion de c\u00e9l\u00e9brer la publication du livre <i>\u2019\u2019De Boujniba \u00e0\u00a0 Montr\u00e9al; Parcours du combattant d\u2019un va-nu-pieds<\/i>\u2019\u2019 dont l\u2019auteur, Abderrahman El Fouladi, un des enfants de cette ville vivant au Canada; a bien voulu prolonger son s\u00e9jour au Maroc apr\u00e8s les festivit\u00e9s ayant soulign\u00e9 le 19<sup>\u00e8me<\/sup> anniversaire de l\u2019intronisation de SM le Roi Mohammed Vi, pour signer et d\u00e9dicacer son livre sur les lieux-m\u00eame de l\u2019Action.<\/p>\n<p style=\"text-align: justify;\">Apr\u00e8s l&rsquo;ouverture des d\u00e9bats anim\u00e9s par la jeune \u00e9tudiante en m\u00e9decine Mlle Oumaima Qassab (qui eut, en 2015, la meilleure moyenne au niveau national en baccalaur\u00e9at), M. Miloud el Kharmoudi, chercheur en migration internationale et secr\u00e9taire g\u00e9n\u00e9ral de l\u2019APCD,\u00a0 prit la parole pour souligner que cet \u00e9v\u00e9nement va \u00eatre le d\u00e9but d\u2019une large\u00a0sensibilisation des comp\u00e9tences originaires de Boujniba qui se comptent, selon lui, par centaines \u00e0 travers le Maroc et \u00a0l\u2019\u00e9tranger, et ce, dans tous les domaines. Et de comparer dans son allocution Boujniba \u00e0 un arbre g\u00e9ant qui, plus il s\u2019\u00e9lance vers le ciel, plus ses fruits tombent ailleurs\u00a0!<\/p>\n<p style=\"text-align: justify;\">Mais,\u00a0souligna-t-il po\u00e9tiquement, les oiseaux sont toujours fid\u00e8les \u00e0 leur nids d&rsquo;origine. Et les immigrants peuvent, en revenant, apporter une tr\u00e8s grande contribution que ce soit par un investissement personnel direct, par\u00a0 un accompagnement des investisseurs de leurs pays de r\u00e9sidence, par des actions sociales et \u00e9ducatives, en connectant les ONG locales et celles des pays de r\u00e9sidence et, surtout, par le transfert d&rsquo;expertise dans tous les domaines, et ce, en jouant le r\u00f4le de courroie de transmission entre les pays d\u00e9velopp\u00e9s et le pays d\u2019origine .<\/p>\n<p style=\"text-align: justify;\">D\u2019autres intervenants, parmi le public, ont abond\u00e9 dans le m\u00eame sens; dont certains ont propos\u00e9 la cr\u00e9ation de prix-m\u00e9ritas d\u00e9di\u00e9s aux anciens professeurs (comme feu Rakib et Nabaoui) qui ont su motiver des g\u00e9n\u00e9rations.<\/p>\n<p style=\"text-align: justify;\">Certains parmi les immigrants ont, quant \u00e0 eux, attir\u00e9 l\u2019attention sur le fait que\u00a0le Conseil de la Communaut\u00e9 Marocaine \u00e0 l\u2019\u00c9tranger (CCME) dans son \u00e9tat actuel ne permet pas une forte implication, de leur part,\u00a0 dans le processus de d\u00e9veloppement du pays.. Et de formuler le v\u0153ux de voir ce Conseil devenir \u2018<i>\u2019Le Parlement des marocains du Monde\u2019\u2019<\/i>. Car , une fois une loi organique le concernant , vot\u00e9e, il pourrait devenir le pont entre les MRE et la sph\u00e8re d\u00e9cisionnelle : Aussi bien pour participer au d\u00e9veloppement et au rayonnement du pays que pour r\u00e9gler les probl\u00e8mes MRE qui, somme toute, n\u2019ont nullement besoin de pr\u00e9sence de ces derniers au parlement pour \u00eatre r\u00e9gl\u00e9s.<\/p>\n<p style=\"text-align: justify;\">La rencontre se poursuivit par la pr\u00e9sentation du Livre \u2018<i>\u2019\u2019De Boujniba \u00e0\u00a0 Montr\u00e9al; Parcours du combattant d\u2019un va-nu-pieds<\/i>\u2019\u2019 par M. Mourad Bitil, cin\u00e9matographe et professeur de th\u00e9\u00e2tre (Voir Encadr\u00e9 \u00e0 droite de cette page) puis la soir\u00e9e se conclut par la signature-d\u00e9dicace de quelques dizaine de copies du livre par l\u2019auteur.<\/p>\n<p style=\"text-align: justify;\"><i>Source : APCD<\/i><\/p>\n<h2><b>R\u00e9sum\u00e9 de la Pr\u00e9sentation du livre \u2018\u2019<\/b><b><i>De Boujniba \u00e0\u00a0 Montr\u00e9al; Parcours du combattant d\u2019un va-nu-pieds<\/i><\/b><b>\u2019\u2019 par M. Mourad Bitil<\/b><\/h2>\n<blockquote><p>Moralement, ce r\u00e9cit, certes poignant, est surtout une le\u00e7on humaine dont beaucoup ont pay\u00e9 ch\u00e8rement le prix<\/p>\n<p>Il est aussi une sensibilisation du lecteur \u00e0 l&rsquo;importance de la d\u00e9termination et du courage comme moyens pour r\u00e9aliser des r\u00eaves des fois difficiles&#8230; relevant de l&rsquo;impossible dirai-je.<\/p>\n<p>Le style utilis\u00e9 est un style cin\u00e9matographique riche en s\u00e9quences et en images; un style ou la pudeur est de mise et la l\u00e9g\u00e8ret\u00e9 peut parfois porter atteinte au th\u00e8me mais l&rsquo;auteur en use pour ne pas choquer le lecteur<\/p>\n<p>Enfin on peut avouer que ce livre est une m\u00e9diatisation pour une ville boud\u00e9e par les siens et par le destin&#8230; pour ne pas dire par les officiels<\/p>\n<p>On a peut \u00eatre reproch\u00e9 \u00e0 notre \u00e9crivain A. El Fouladi d&rsquo;avoir exclu de son r\u00e9cit le volet relations amoureuses comme dans le pain nu de Mohamed Choukri. Mais El Fouladi pr\u00f4ne la pudeur, toute la pudeur et rien d&rsquo;autre que la pudeur.<\/p>\n<p>Avec cette modeste intervention j&rsquo;esp\u00e8re avoir cern\u00e9, et le contenu, et le contenant d&rsquo;une \u0153uvre oh combien riche en le\u00e7ons pour les jeunes g\u00e9n\u00e9rations qui se lamentent \u00e0 longueur de journ\u00e9e sur leur (mauvais) sort sans daigner bouger le petit doigt pour en changer le cours.<\/p><\/blockquote>\n<p><a href=\"http:\/\/maroc-canada.ca\/wp-content\/uploads\/2018\/08\/livre-e1534880435313.jpg\"><img loading=\"lazy\" decoding=\"async\" class=\"size-full wp-image-4001 aligncenter\" src=\"http:\/\/maroc-canada.ca\/wp-content\/uploads\/2018\/08\/livre-e1534880435313.jpg\" alt=\"livre\" width=\"500\" height=\"259\" \/><\/a><\/p>\n<p><i>Source : APCD, p<\/i>our Maghreb Canada Express,, page 14, <i>Vol. XVI, N\u00b0 08, Ao\u00fbt-septembre 2018<\/i><\/p>\n<div id=\"text-18\" class=\"sidebar-wrap clearfix widget_text\">\n<h3>Pour lire\u00a0 l\u2019\u00e9dition du mois d&rsquo;ao\u00fbt-septembre 2018, cliquer sur l\u2019image:<\/h3>\n<\/div>\n<div class=\"textwidget\">\n<p><a href=\"http:\/\/www.maghreb-canada.ca\/journal\/2018\/MCE181-08-2018.pdf\"> <img loading=\"lazy\" decoding=\"async\" class=\"style1\" src=\"http:\/\/www.maghreb-canada.ca\/journal\/2018\/n181.jpg\" alt=\"Maghreb Canada Express\" width=\"176\" height=\"239\" \/><\/a><\/p>\n<\/div>\n<p>&nbsp;<\/p>\n","protected":false},"excerpt":{"rendered":"<p>\u00c0 l&rsquo;occasion de \u00a0la journ\u00e9e nationale de l&rsquo;immigrant, le 10 ao\u00fbt 2018, l&rsquo;Association le Printemps pour la Citoyennet\u00e9 et le D\u00e9veloppement (APCD) de Boujniba (Maroc) avait organis\u00e9 \u00a0une rencontre sous le th\u00e8me \u2019\u2019l\u2019immigration, un levier de d\u00e9veloppement local\u2019\u2019 qui avait r\u00e9uni des natifs de cette ville dont certains vivant \u00e0 l\u2019\u00e9tranger , d\u2019autres vivant ailleurs [&hellip;]<\/p>\n","protected":false},"author":1,"featured_media":4001,"comment_status":"closed","ping_status":"closed","sticky":false,"template":"","format":"standard","meta":{"footnotes":""},"categories":[5,6,8],"tags":[],"class_list":["post-4000","post","type-post","status-publish","format-standard","has-post-thumbnail","hentry","category-immigration","category-maghreb","category-numero-du-mois"],"_links":{"self":[{"href":"https:\/\/maroc-canada.ca\/index.php?rest_route=\/wp\/v2\/posts\/4000","targetHints":{"allow":["GET"]}}],"collection":[{"href":"https:\/\/maroc-canada.ca\/index.php?rest_route=\/wp\/v2\/posts"}],"about":[{"href":"https:\/\/maroc-canada.ca\/index.php?rest_route=\/wp\/v2\/types\/post"}],"author":[{"embeddable":true,"href":"https:\/\/maroc-canada.ca\/index.php?rest_route=\/wp\/v2\/users\/1"}],"replies":[{"embeddable":true,"href":"https:\/\/maroc-canada.ca\/index.php?rest_route=%2Fwp%2Fv2%2Fcomments&post=4000"}],"version-history":[{"count":2,"href":"https:\/\/maroc-canada.ca\/index.php?rest_route=\/wp\/v2\/posts\/4000\/revisions"}],"predecessor-version":[{"id":4006,"href":"https:\/\/maroc-canada.ca\/index.php?rest_route=\/wp\/v2\/posts\/4000\/revisions\/4006"}],"wp:featuredmedia":[{"embeddable":true,"href":"https:\/\/maroc-canada.ca\/index.php?rest_route=\/wp\/v2\/media\/4001"}],"wp:attachment":[{"href":"https:\/\/maroc-canada.ca\/index.php?rest_route=%2Fwp%2Fv2%2Fmedia&parent=4000"}],"wp:term":[{"taxonomy":"category","embeddable":true,"href":"https:\/\/maroc-canada.ca\/index.php?rest_route=%2Fwp%2Fv2%2Fcategories&post=4000"},{"taxonomy":"post_tag","embeddable":true,"href":"https:\/\/maroc-canada.ca\/index.php?rest_route=%2Fwp%2Fv2%2Ftags&post=4000"}],"curies":[{"name":"wp","href":"https:\/\/api.w.org\/{rel}","templated":true}]}}