{"id":4011,"date":"2018-08-21T16:05:43","date_gmt":"2018-08-21T20:05:43","guid":{"rendered":"http:\/\/maghreb-canada.ca\/?p=4011"},"modified":"2018-08-21T16:05:43","modified_gmt":"2018-08-21T20:05:43","slug":"france-laffaire-alexandre-benalla","status":"publish","type":"post","link":"https:\/\/maroc-canada.ca\/?p=4011","title":{"rendered":"France : L\u2019affaire Alexandre Benalla"},"content":{"rendered":"<p style=\"text-align: justify;\">Cet \u00e9t\u00e9 pour endormir les Fran\u00e7ais et les distraire, afin que les d\u00e9put\u00e9s qui si\u00e8gent dans l\u2019h\u00e9micycle puissent passer leurs lois sans \u00eatre inqui\u00e9t\u00e9s, l\u2019affaire Benalla tombe \u00e0 pic. Tous les journaux ne parlent que de \u00e7a. C\u2019est devenu une affaire nationale\u00a0!<\/p>\n<h2 style=\"text-align: justify;\"><b>Qui est Benalla\u00a0?<\/b><\/h2>\n<p style=\"text-align: justify;\">Depuis les r\u00e9v\u00e9lations du Monde, le 18 juillet dernier, au sujet d\u2019Alexandre Benalla, nombreux sont ceux qui cherchent \u00e0 en savoir davantage sur l\u2019ex-garde du corps d\u2019Emmanuel Macron. Ce serait donc par sa m\u00e8re qu\u2019Alexandre Benalla aurait rejoint \u00e0 19 ans le Mouvement des jeunes socialistes. C\u2019est l\u00e0, en 2010, qu\u2019il va faire la rencontre d\u2019\u00c9ric Plumer, surnomm\u00e9 Jaur\u00e8s, et ancien chef du service d\u2019ordre du parti. C\u2019est ce proche de Fran\u00e7ois Hollande qui intronisera Alexandre Benalla aupr\u00e8s de Pascale Boitard, la secr\u00e9taire nationale du PS avant qu\u2019il ne gravisse \u2013 rapidement \u2013 les \u00e9chelons aupr\u00e8s de Martine Aubry ou Arnaud Montebourg notamment. Et ce, jusqu\u2019au plus haut sommet de l\u2019\u00c9tat o\u00f9 il semblait \u00eatre devenu indispensable.<\/p>\n<p style=\"text-align: justify;\">Alexandre Benalla a travaill\u00e9 d\u00e8s 2011 \u00e0 la s\u00e9curit\u00e9 du PS, avant d&rsquo;\u00eatre nomm\u00e9 responsable de la s\u00e9curit\u00e9 du candidat Emmanuel Macron en 2016, puis adjoint au chef de cabinet du nouveau pr\u00e9sident. Un parcours \u00e9maill\u00e9 de plusieurs incidents.<\/p>\n<h2 style=\"text-align: justify;\"><b>Une ascension fulgurante<\/b><\/h2>\n<p style=\"text-align: justify;\">Fin 2016, Alexandre Benalla trouve un point de chute aupr\u00e8s d&rsquo;En Marche qui le nomme responsable de la s\u00e9curit\u00e9 du candidat Emmanuel Macron. Un poste pour lequel il est r\u00e9mun\u00e9r\u00e9 3 500 euros nets par mois, selon le quotidien Le Monde. Or, plusieurs incidents \u00e9maillent son parcours. En mars 2017, lors d&rsquo;un meeting d&rsquo;Emmanuel Macron, Alexandre Benalla soul\u00e8ve un photographe au-dessus du sol parce qu&rsquo;il s&rsquo;\u00e9tait trop approch\u00e9 du fondateur d&rsquo;En Marche ! Et, lors de cette campagne pr\u00e9sidentielle, le responsable de la s\u00e9curit\u00e9 aurait command\u00e9 \u00abdeux pistolets lanceurs de balles en caoutchouc, un Flash-Ball et des boucliers anti-\u00e9meutes\u00bb, d&rsquo;apr\u00e8s les informations li\u00e9es \u00e0 la campagne publi\u00e9es dans \u00abMacronLeaks\u00bb, cit\u00e9es par\u00a0Le Monde. Des \u00e9quipements qui auraient \u00e9t\u00e9 refus\u00e9s par la direction du mouvement.<\/p>\n<p style=\"text-align: justify;\">Apr\u00e8s avoir remport\u00e9 la pr\u00e9sidentielle, Emmanuel Macron promeut Alexandre Benalla au poste de charg\u00e9 de mission, adjoint au chef de cabinet du pr\u00e9sident, Fran\u00e7ois-Xavier Lauch. Depuis que l&rsquo;affaire a \u00e9clat\u00e9, il a \u00e9t\u00e9 mis \u00e0 pied pendant 15 jours avec suspension de salaire et d\u00e9mis de ses fonctions en mati\u00e8re d&rsquo;organisation de la s\u00e9curit\u00e9 des d\u00e9placements du pr\u00e9sident, selon le porte-parole de l&rsquo;Elys\u00e9e, Bruno Roger-Petit.<\/p>\n<h2 style=\"text-align: justify;\"><b>Une accusation discutable<\/b><\/h2>\n<p style=\"text-align: justify;\">Au lendemain des r\u00e9v\u00e9lations du Monde, un\u00a0jeune militant communiste de 27 ans\u00a0a accus\u00e9 Alexandre Benalla de l&rsquo;avoir frapp\u00e9 en 2016. Le jeune homme se trouvait sur les lieux d&rsquo;un meeting d&rsquo;Emmanuel Macron dans un atelier automobile \u00e0 Bobigny le 16 novembre 2016,\u00a0o\u00f9 il annon\u00e7ait sa candidature \u00e0 la pr\u00e9sidentielle.<\/p>\n<p style=\"text-align: justify;\">Les faits rapport\u00e9s par Buzzfeed font \u00e9tat d&rsquo;une discussion avec les forces de s\u00e9curit\u00e9 pr\u00e9sentes, Alexandre Benalla et un de ses coll\u00e8gues, qui ont ce jour-l\u00e0 emp\u00each\u00e9 le jeune militant d&rsquo;entrer dans la salle o\u00f9 se trouvait l&rsquo;ancien ministre de l&rsquo;Economie, alors qu&rsquo;il demandait \u00e0 lui poser une question.<\/p>\n<p style=\"text-align: justify;\">Non seulement les deux hommes l&rsquo;en ont emp\u00each\u00e9 mais ils l&rsquo;ont ceintur\u00e9 et l&rsquo;ont expuls\u00e9, selon le t\u00e9moignage du jeune homme. \u00abLorsqu&rsquo;ils m&rsquo;ont attrap\u00e9, j&rsquo;ai cri\u00e9 car je ne comprenais pas pourquoi je n&rsquo;\u00e9tais pas autoris\u00e9 \u00e0 entrer dans la salle.<\/p>\n<p style=\"text-align: justify;\">Ils m&rsquo;ont ensuite emmen\u00e9 dans un couloir et c&rsquo;est l\u00e0 qu&rsquo;ils m&rsquo;ont frapp\u00e9\u00bb, a-t-il affirm\u00e9 \u00e0 Buzzfeed. \u00abAlexandre Benalla m&rsquo;a donn\u00e9 un coup sur la t\u00eate et une b\u00e9quille. Son coll\u00e8gue aussi m&rsquo;a frapp\u00e9 \u00e0 la t\u00eate. Il n&rsquo;y avait rien qui justifiait cela, je n&rsquo;\u00e9tais pas violent. Une fois dehors, j&rsquo;ai cri\u00e9 \u00ab\u00a0allez-y, frappez-moi devant tout le monde\u00a0\u00bb\u00bb, a expliqu\u00e9 le militant.<\/p>\n<p style=\"text-align: justify;\">La sc\u00e8ne d&rsquo;expulsion de la salle, relay\u00e9e par Buzzfeed, a \u00e9t\u00e9 film\u00e9e par un autre militant, tandis que le reste de l\u2019altercation aurait \u00e9chapp\u00e9 aux regards, selon le jeune malmen\u00e9.<\/p>\n<h2 style=\"text-align: justify;\"><b>La chute<\/b><\/h2>\n<p style=\"text-align: justify;\">Benalla est, depuis le 19 juillet, vis\u00e9 par\u00a0une enqu\u00eate pr\u00e9liminaire ouverte par le parquet de Paris, notamment pour \u00ab\u00a0violences par personne charg\u00e9e d&rsquo;une mission de service public\u00a0\u00bb et \u00ab\u00a0usurpation de fonctions\u00a0\u00bb, apr\u00e8s la diffusion d&rsquo;images le montrant, grim\u00e9 en policier, molestant un manifestant lors d&rsquo;une manifestation le 1er-Mai \u00e0 Paris.<\/p>\n<p style=\"text-align: justify;\">La sanction que lui a inflig\u00e9e l&rsquo;Elys\u00e9e deux jours apr\u00e8s les faits para\u00eet sans commune mesure avec la gravit\u00e9 de ses actes\u00a0:\u00a0une mise \u00e0 pied de quinze jours avec suspension de salaire et une r\u00e9affectation \u00e0 un poste moins prestigieux\u2026 mais toujours au Palais. Lundi soir, par exemple, Benalla accompagnait l\u2019\u00e9quipe des Bleus sur les Champs-Elys\u00e9es. On a d\u00e9j\u00e0 vu des \u00ab\u00a0placards\u00a0\u00bb plus sombres. Ce n&rsquo;est que ce vendredi 20 juillet, 36 heures apr\u00e8s les r\u00e9v\u00e9lations du \u00ab\u00a0Monde\u00a0\u00bb, que l&rsquo;Elys\u00e9e a annonc\u00e9 avoir engag\u00e9 une proc\u00e9dure de licenciement.<\/p>\n<h2 style=\"text-align: justify;\"><b>T\u00e9moignages<\/b><\/h2>\n<p style=\"text-align: justify;\">Je ne peux pas m\u2019emp\u00eacher de m\u2019interroger\u00a0: Pourquoi tout ce pataqu\u00e8s sur une affaire ordinaire et banale\u00a0?<\/p>\n<p style=\"text-align: justify;\">Car comme le montre les t\u00e9moignages ci-dessous, des personnalit\u00e9s qui ont\u00a0 c\u00f4toy\u00e9 Benalla, ce dernier est loin d\u2019\u00eatre le monstre que nous d\u00e9crit la presse.<\/p>\n<p style=\"text-align: justify;\">Contact\u00e9e par \u00ab\u00a0l&rsquo;Obs\u00a0\u00bb, Martine Aubry se souvient :<\/p>\n<p style=\"text-align: justify;\">\u00ab\u00a0C\u2019\u00e9tait un membre du service d\u2019ordre, pas mon garde du corps car je n\u2019en ai jamais eu. C\u2019\u00e9tait un jeune homme plut\u00f4t r\u00e9serv\u00e9 qui m\u2019avait dit qu\u2019il avait repris des \u00e9tudes de droit.\u00a0\u00bb<\/p>\n<p style=\"text-align: justify;\">Quand la maire de Lille perd la primaire, Benalla se rapproche de l\u2019\u00e9quipe d\u2019Arnaud Montebourg. \u00ab\u00a0C\u2019\u00e9tait un mec plut\u00f4t dynamique, qui \u00e9tait venu nous voir, nous dire qu\u2019il nous aimait bien\u00a0\u00bb, se souvient un Montebourgeois.<\/p>\n<p style=\"text-align: justify;\"><b>Un ancien du SO se souvient<\/b><\/p>\n<p style=\"text-align: justify;\">\u00ab\u00a0Alex est un mec bien, gentil, loyal pour son patron, sur qui tu peux compter. J\u2019ai toujours continu\u00e9 \u00e0 \u00eatre en contact avec lui.\u00a0\u00bb<\/p>\n<p style=\"text-align: justify;\"><b>Un de ses anciens camarades confirme&#8230;<\/b><\/p>\n<p style=\"text-align: justify;\">\u00ab\u00a0C\u2019\u00e9tait une t\u00eate bien faite, qui semblait capable de pouvoir r\u00e9sister \u00e0 la mise en valeur excessive de la virilit\u00e9 que peut offrir ce genre de poste.\u00a0\u00bb<\/p>\n<p style=\"text-align: justify;\">Je pense sinc\u00e8rement que le tort de Benalla,\u00a0 est d\u2019\u00eatre proche du Pr\u00e9sident de la R\u00e9publique, et le fait qu\u2019il soit d\u2019origine marocaine ne plait pas aux communs des mortels CQFD.<\/p>\n<p style=\"text-align: justify;\"><i>Par Mustapha Bouhaddar, p<\/i>our Maghreb Canada Express,, page 7, <i>Vol. XVI, N\u00b0 08, Ao\u00fbt-septembre 2018<\/i><\/p>\n<div id=\"text-18\" class=\"sidebar-wrap clearfix widget_text\" style=\"text-align: justify;\">\n<h3>Pour lire\u00a0 l\u2019\u00e9dition du mois d\u2019ao\u00fbt-septembre 2018, cliquer sur l\u2019image:<\/h3>\n<\/div>\n<div class=\"textwidget\">\n<p style=\"text-align: justify;\"><a href=\"http:\/\/www.maghreb-canada.ca\/journal\/2018\/MCE181-08-2018.pdf\"> <img loading=\"lazy\" decoding=\"async\" class=\"style1\" src=\"http:\/\/www.maghreb-canada.ca\/journal\/2018\/n181.jpg\" alt=\"Maghreb Canada Express\" width=\"176\" height=\"239\" \/><\/a><\/p>\n<\/div>\n<p>&nbsp;<\/p>\n","protected":false},"excerpt":{"rendered":"<p>Cet \u00e9t\u00e9 pour endormir les Fran\u00e7ais et les distraire, afin que les d\u00e9put\u00e9s qui si\u00e8gent dans l\u2019h\u00e9micycle puissent passer leurs lois sans \u00eatre inqui\u00e9t\u00e9s, l\u2019affaire Benalla tombe \u00e0 pic. Tous les journaux ne parlent que de \u00e7a. C\u2019est devenu une affaire nationale\u00a0! Qui est Benalla\u00a0? Depuis les r\u00e9v\u00e9lations du Monde, le 18 juillet dernier, au [&hellip;]<\/p>\n","protected":false},"author":1,"featured_media":1173,"comment_status":"closed","ping_status":"closed","sticky":false,"template":"","format":"standard","meta":{"footnotes":""},"categories":[7,8],"tags":[],"class_list":["post-4011","post","type-post","status-publish","format-standard","has-post-thumbnail","hentry","category-monde","category-numero-du-mois"],"_links":{"self":[{"href":"https:\/\/maroc-canada.ca\/index.php?rest_route=\/wp\/v2\/posts\/4011","targetHints":{"allow":["GET"]}}],"collection":[{"href":"https:\/\/maroc-canada.ca\/index.php?rest_route=\/wp\/v2\/posts"}],"about":[{"href":"https:\/\/maroc-canada.ca\/index.php?rest_route=\/wp\/v2\/types\/post"}],"author":[{"embeddable":true,"href":"https:\/\/maroc-canada.ca\/index.php?rest_route=\/wp\/v2\/users\/1"}],"replies":[{"embeddable":true,"href":"https:\/\/maroc-canada.ca\/index.php?rest_route=%2Fwp%2Fv2%2Fcomments&post=4011"}],"version-history":[{"count":1,"href":"https:\/\/maroc-canada.ca\/index.php?rest_route=\/wp\/v2\/posts\/4011\/revisions"}],"predecessor-version":[{"id":4012,"href":"https:\/\/maroc-canada.ca\/index.php?rest_route=\/wp\/v2\/posts\/4011\/revisions\/4012"}],"wp:featuredmedia":[{"embeddable":true,"href":"https:\/\/maroc-canada.ca\/index.php?rest_route=\/wp\/v2\/media\/1173"}],"wp:attachment":[{"href":"https:\/\/maroc-canada.ca\/index.php?rest_route=%2Fwp%2Fv2%2Fmedia&parent=4011"}],"wp:term":[{"taxonomy":"category","embeddable":true,"href":"https:\/\/maroc-canada.ca\/index.php?rest_route=%2Fwp%2Fv2%2Fcategories&post=4011"},{"taxonomy":"post_tag","embeddable":true,"href":"https:\/\/maroc-canada.ca\/index.php?rest_route=%2Fwp%2Fv2%2Ftags&post=4011"}],"curies":[{"name":"wp","href":"https:\/\/api.w.org\/{rel}","templated":true}]}}