{"id":4013,"date":"2018-08-21T16:04:46","date_gmt":"2018-08-21T20:04:46","guid":{"rendered":"http:\/\/maghreb-canada.ca\/?p=4013"},"modified":"2018-08-22T10:25:04","modified_gmt":"2018-08-22T14:25:04","slug":"vivre-ensemble-elections-provinciales-les-communautes-punching-bag-sont-fatiguees","status":"publish","type":"post","link":"https:\/\/maroc-canada.ca\/?p=4013","title":{"rendered":"Vivre-Ensemble \/ \u00c9lections provinciales : Les communaut\u00e9s \u2018\u2019Punching Bag\u2019\u2019 sont fatigu\u00e9es"},"content":{"rendered":"<p style=\"text-align: justify;\">Surfer sur la vague de la peur \u00e0 l\u2019encontre\u00a0 de l\u2019immigration semble profitable pour une certaine classe politique. Et pour cause ! Cette peur de l\u2019autre semble s\u2019exacerber\u00a0 au fil des ans au point que maintenant (et selon un r\u00e9cent sondage) presque la moiti\u00e9 de la population canadienne (49%) souhaite une baisse du seuil de l\u2019immigration.<\/p>\n<p style=\"text-align: justify;\">Historiquement, cette peur de l\u2019Autre, avait failli, en 2007, faire d\u2019un certain Mario Dumont un Premier ministre du Qu\u00e9bec malgr\u00e9 lui et&#8230; elle avait surtout dessaoul\u00e9 bon nombre parmi les n\u00e9o-canadiens qui croyaient qu\u2019il suffirait de r\u00e9ussir son examen de citoyennet\u00e9 pour devenir citoyen \u00e0 part enti\u00e8re !<\/p>\n<h2 style=\"text-align: justify;\"><b>Apr\u00e8s l\u2019euphorie, la gueule de bois<\/b><\/h2>\n<p style=\"text-align: justify;\">D\u00e9j\u00e0 en mars 2007, nous avions \u00e9crit ce qui suit :<\/p>\n<p style=\"text-align: justify;\"><i>Mario Dumont avait dit tout haut ce que bon nombre de qu\u00e9b\u00e9cois de souche semblent murmurer tout bas\u2026 par ignorance de l\u2019autre et par la faute \u00e0 cet \u2018\u2019autre\u2019\u2019 qui semble croire que plier l\u2019\u00e9chine lui permettra d\u2019\u00e9viter de se d\u00e9raciner sous le souffle de la temp\u00eate. <\/i><\/p>\n<p style=\"text-align: justify;\"><i>Or la temp\u00eate est l\u00e0 pour rester tant et aussi longtemps que nous l\u2019alimentions par notre silence et par notre inaction contre ceux qui s\u2019improvisent nos porte-parole parmi des leaders religieux aussi bien que parmi ceux et celles qui se proclament la\u00efques ou musulmans mod\u00e9r\u00e9s. <\/i><\/p>\n<p style=\"text-align: justify;\"><i>Quant \u00e0 nos racines, elles ont d\u00e9j\u00e0 \u00e9t\u00e9 arrach\u00e9es le jour o\u00f9 nous avions d\u00e9cid\u00e9 d\u2019immigrer. Et du coup, nous sommes devenus \u00e9trangers parmi ceux et celles qui nous avaient vu na\u00eetre et grandir: Nos enfants avec leur accent qu\u00e9b\u00e9cois sont devenus des objets de curiosit\u00e9 quand ils ne deviennent pas tout simplement sujet \u00e0 moquerie provoquant rire et d\u00e9lire!<\/i><\/p>\n<p style=\"text-align: justify;\"><i>Se taire et laisser faire les extr\u00e9mistes de tout bord fera de nous des apatrides sinon des assimil\u00e9s. Jamais des int\u00e9gr\u00e9s dans le sens de ces valeurs qu\u00e9b\u00e9coises et canadiennes qui nous ont tant s\u00e9duits au point de venir \u00e9lire domicile dans ce pays.<\/i><\/p>\n<h2 style=\"text-align: justify;\"><b>Onze ans apr\u00e8s, la question de l\u2019immigration divise plus que jamais les canadiens<\/b><\/h2>\n<p style=\"text-align: justify;\">La peur grossit entre la population , et les derniers d\u00e9bordements de demandeurs d\u2019asile \u00e0 la fronti\u00e8re canado-am\u00e9ricaine ne sont pas l\u00e0 pour arranger les choses: Le Premier ministre f\u00e9d\u00e9ral se trouva sur la sellette.\u00a0 Et quand il fut interpell\u00e9 (le 16 ao\u00fbt 2018) par une dame affili\u00e9e, semble-t-il, \u00e0 un groupuscule identitaire sur la question, sa r\u00e9plique \u2019\u2019 <i>Madame, votre racisme n\u2019a pas de place ici\u2019\u2019 <\/i>lui attira maintes reproches&#8230; Y compris de la part de certains de ses alli\u00e9s qui veulent qu\u2019il garde \u2018\u2019la t\u00eate froide\u2019\u2019<\/p>\n<p style=\"text-align: justify;\">Or voil\u00e0 que le d\u00e9bat sur l\u2019immigration qui promet de s\u2019enflammer une fois de plus (\u00e0 l\u2019approche des \u00e9lections provinciales qu\u00e9b\u00e9coise) avec Fran\u00e7ois Legault qui veut MAINTENANT devenir Premier ministre, du moins si on se r\u00e9f\u00e8re \u00e0 son slogan de campagne \u00e9lectorale \u2018\u2019Maintenant\u2019\u2019 et \u00e0 sa r\u00e9ponse \u00e0 Mario Dumont (ce 21 ao\u00fbt 2018) qui lui demanda s\u2019il tient toujours \u00e0 renvoyer des immigrants chez eux..<\/p>\n<p>Legault persiste et signe : Ceux parmi les immigrants qui ne r\u00e9ussissent pas un test de fran\u00e7ais ainsi qu\u2019un test sur les valeurs qu\u00e9b\u00e9coises avant 3 ans, se verront t\u00f4t ou tard montrer la porte de sortie.<\/p>\n<h2 style=\"text-align: justify;\"><b>Qu\u2019en est-il de notre communaut\u00e9 dans tout cela ?<\/b><\/h2>\n<p style=\"text-align: justify;\">\u00a0Bon nombre des membres de cette communaut\u00e9 note avec inqui\u00e9tude la qualification des valeurs mises de l\u2019avant de \u2018\u2019valeurs qu\u00e9b\u00e9coises\u2019\u2019 au lieu de \u2018\u2019valeurs universelles des droits de la personne\u2019\u2019 par exemple. Et de se demander si le pr\u00e9texte d\u2019int\u00e9gration ne cache pas une volont\u00e9 d\u2019assimilation inconditionnelle des nouveaux arrivants d\u2019abord; de ceux et celles qui les ont pr\u00e9c\u00e9d\u00e9 ensuite.<\/p>\n<p style=\"text-align: justify;\">Cette inqui\u00e9tude, voire cette peur, chez les membres de cette communaut\u00e9 est en train de s\u2019exprimer \u00e0 travers une ghetto\u00efsation politique au sein d\u2019un seul parti (un parti-refuge) au lieu de voir nos candidats refl\u00e9ter la diversit\u00e9 du paysage politique qu\u00e9b\u00e9cois.<\/p>\n<p>Couillard lan\u00e7a ce matin , peut-\u00eatre \u00e0 la blague, que le slogan \u2019\u2019Maintenant\u2019\u2019 de M. Legault voudrait dire \u2019\u2019Maintenant la chicane\u2019\u2019.<\/p>\n<p style=\"text-align: justify;\">Des centaines d\u2019immigrants (d\u2019\u00eatres humains venus chercher un avenir pour leurs enfants au Qu\u00e9bec) n\u2019ont pas envie de rire; occup\u00e9s \u00e0 dompter la peur que maintenant , ils vont vivre l\u2019inqui\u00e9tude et l\u2019incertitude au Quotidien.<\/p>\n<p style=\"text-align: justify;\">Il serait peut-\u00eatre temps de se regarder dans un miroir car, plus qu\u2019un examen sur des valeurs, ce serait tout un examen de conscience que certains ont besoin de se passer.<\/p>\n<p>Par A. El Fouladi<i>, p<\/i>our Maghreb Canada Express,, page 3, <i>Vol. XVI, N\u00b0 08, Ao\u00fbt-septembre 2018<\/i><\/p>\n<div id=\"text-18\" class=\"sidebar-wrap clearfix widget_text\">\n<h3>Pour lire\u00a0 l\u2019\u00e9dition du mois d\u2019ao\u00fbt-septembre 2018, cliquer sur l\u2019image:<\/h3>\n<\/div>\n<div class=\"textwidget\">\n<p><a href=\"http:\/\/www.maghreb-canada.ca\/journal\/2018\/MCE181-08-2018.pdf\"> <img loading=\"lazy\" decoding=\"async\" class=\"style1\" src=\"http:\/\/www.maghreb-canada.ca\/journal\/2018\/n181.jpg\" alt=\"Maghreb Canada Express\" width=\"176\" height=\"239\" \/><\/a><\/p>\n<\/div>\n<p>&nbsp;<\/p>\n","protected":false},"excerpt":{"rendered":"<p>Surfer sur la vague de la peur \u00e0 l\u2019encontre\u00a0 de l\u2019immigration semble profitable pour une certaine classe politique. Et pour cause ! Cette peur de l\u2019autre semble s\u2019exacerber\u00a0 au fil des ans au point que maintenant (et selon un r\u00e9cent sondage) presque la moiti\u00e9 de la population canadienne (49%) souhaite une baisse du seuil de [&hellip;]<\/p>\n","protected":false},"author":1,"featured_media":3339,"comment_status":"closed","ping_status":"closed","sticky":false,"template":"","format":"standard","meta":{"footnotes":""},"categories":[4,5,8],"tags":[],"class_list":["post-4013","post","type-post","status-publish","format-standard","has-post-thumbnail","hentry","category-canada","category-immigration","category-numero-du-mois"],"_links":{"self":[{"href":"https:\/\/maroc-canada.ca\/index.php?rest_route=\/wp\/v2\/posts\/4013","targetHints":{"allow":["GET"]}}],"collection":[{"href":"https:\/\/maroc-canada.ca\/index.php?rest_route=\/wp\/v2\/posts"}],"about":[{"href":"https:\/\/maroc-canada.ca\/index.php?rest_route=\/wp\/v2\/types\/post"}],"author":[{"embeddable":true,"href":"https:\/\/maroc-canada.ca\/index.php?rest_route=\/wp\/v2\/users\/1"}],"replies":[{"embeddable":true,"href":"https:\/\/maroc-canada.ca\/index.php?rest_route=%2Fwp%2Fv2%2Fcomments&post=4013"}],"version-history":[{"count":2,"href":"https:\/\/maroc-canada.ca\/index.php?rest_route=\/wp\/v2\/posts\/4013\/revisions"}],"predecessor-version":[{"id":4015,"href":"https:\/\/maroc-canada.ca\/index.php?rest_route=\/wp\/v2\/posts\/4013\/revisions\/4015"}],"wp:featuredmedia":[{"embeddable":true,"href":"https:\/\/maroc-canada.ca\/index.php?rest_route=\/wp\/v2\/media\/3339"}],"wp:attachment":[{"href":"https:\/\/maroc-canada.ca\/index.php?rest_route=%2Fwp%2Fv2%2Fmedia&parent=4013"}],"wp:term":[{"taxonomy":"category","embeddable":true,"href":"https:\/\/maroc-canada.ca\/index.php?rest_route=%2Fwp%2Fv2%2Fcategories&post=4013"},{"taxonomy":"post_tag","embeddable":true,"href":"https:\/\/maroc-canada.ca\/index.php?rest_route=%2Fwp%2Fv2%2Ftags&post=4013"}],"curies":[{"name":"wp","href":"https:\/\/api.w.org\/{rel}","templated":true}]}}