{"id":4027,"date":"2018-09-23T11:31:00","date_gmt":"2018-09-23T15:31:00","guid":{"rendered":"http:\/\/maghreb-canada.ca\/?p=4027"},"modified":"2018-09-23T11:31:00","modified_gmt":"2018-09-23T15:31:00","slug":"arrestation-de-12-individus-accuses-dappartenir-a-un-reseau-terroriste-et-criminel-sactivant-a-tanger-et-casablanca","status":"publish","type":"post","link":"https:\/\/maroc-canada.ca\/?p=4027","title":{"rendered":"Arrestation de 12 individus accus\u00e9s d\u2019appartenir \u00e0 un r\u00e9seau terroriste et criminel s\u2019activant \u00e0 Tanger et Casablanca"},"content":{"rendered":"<p style=\"text-align: justify;\">Le Bureau central d\u2019investigations judiciaires (BCIJ), en \u00e9troite collaboration avec les services de la Direction g\u00e9n\u00e9rale de la s\u00fbret\u00e9 nationale (DGSN) et sur la base d\u2019informations pr\u00e9cises fournies par la Direction g\u00e9n\u00e9rale de la surveillance du territoire (DGST), a interpell\u00e9 douze individus accus\u00e9s d\u2019appartenir \u00e0 un r\u00e9seau terroriste et criminel s\u2019activant \u00e0 Tanger et Casablanca.<\/p>\n<p style=\"text-align: justify;\">Parmi ces individus figurent des personnes ayant des ant\u00e9c\u00e9dents judiciaires dans les crimes de droit commun et d\u2019anciens d\u00e9tenus dans des affaires de terrorisme et d\u2019extr\u00e9misme, indique un communiqu\u00e9 conjoint de la DGSN et de la DGST pr\u00e9cisant que le fr\u00e8re de l\u2019un des mis en cause est engag\u00e9 actuellement dans les rangs du groupe terroriste \u201cDaech\u201d sur le front syro-irakien.<\/p>\n<p style=\"text-align: justify;\">Les recherches et investigations men\u00e9es ont \u00e9tabli de fortes connexions entre ce r\u00e9seau terroriste et d\u2019autres plans criminels en ce sens que les membres de ce r\u00e9seau sont impliqu\u00e9s dans l\u2019ex\u00e9cution d\u2019un ensemble d\u2019op\u00e9rations criminelles relatives au trafic de drogue et de psychotropes, \u00e0 l\u2019enl\u00e8vement et \u00e0 la s\u00e9questration avec demande de ran\u00e7on et utilisation d\u2019armes blanches, de bombes lacrymog\u00e8nes et de cocktails molotov et de voitures avec de fausses plaques d\u2019immatriculation, ajoute la m\u00eame source.<\/p>\n<p style=\"text-align: justify;\">Ces op\u00e9rations, explique le communiqu\u00e9, sont ex\u00e9cut\u00e9es soit dans le cadre des r\u00e8glements de comptes avec des r\u00e9seaux criminels ou conform\u00e9ment \u00e0 ce qu\u2019on appelle dans le jargon des adeptes de la pens\u00e9e extr\u00e9miste, le principe de \u201cal istihlal\u201d et \u201cfaya\u2019\u00e2\u201d, comme cela s\u2019est pass\u00e9 lors de la tentative de violation d\u2019un domicile \u00e0 Tanger le 14 septembre 2018 par des membres de ce r\u00e9seau, ayant entra\u00een\u00e9 la mort d\u2019une personne accus\u00e9e d\u2019implication dans des affaires de drogue apr\u00e8s avoir chut\u00e9 du 7\u00e8me \u00e9tage.<\/p>\n<p style=\"text-align: justify;\">Les perquisitions entreprises dans le cadre de cette affaire ont permis la saisie d\u2019un ensemble de produits et armes utilis\u00e9s dans l\u2019ex\u00e9cution des plans criminels, dont des masques, des gangs, un gilet antichoc, des armes blanches sous forme de grandes machettes, deux balances \u00e9lectriques, cinq plaques d\u2019immatriculation de voitures, outre le butin de plusieurs op\u00e9rations criminelles comme du mat\u00e9riel \u00e9lectronique, des CD, des portables, de la litt\u00e9rature d\u2019organisations terroristes, y compris \u201cDaech\u201d, des re\u00e7us de virements et de faux documents d\u2019identit\u00e9, poursuit la m\u00eame source soulignant qu\u2019une smartwatch, quatre voitures et une quantit\u00e9 de drogue dure et d\u2019importantes sommes d\u2019argent ont \u00e9t\u00e9 \u00e9galement saisis \u00e0 cette occasion.<\/p>\n<p style=\"text-align: justify;\">Les mis en cause ont \u00e9t\u00e9 plac\u00e9s en garde \u00e0 vue \u00e0 la disposition de l\u2019enqu\u00eate men\u00e9e sous la supervision du parquet charg\u00e9 des affaires de terrorisme, pour d\u00e9m\u00ealer l\u2019\u00e9cheveau de tous les plans criminel de ce r\u00e9seau terroriste et d\u00e9terminer ses liens \u00e9ventuels avec d\u2019autres r\u00e9seaux criminels, affirme le communiqu\u00e9 de la DGSN et de la DGST.<\/p>\n<p style=\"text-align: justify;\">Cette op\u00e9ration s\u00e9curitaire d\u2019envergure s\u2019inscrit dans le cadre de l\u2019approche proactive men\u00e9e par les services de s\u00e9curit\u00e9 marocains pour faire face aux dangers de la menace terroriste, d\u00e9manteler les r\u00e9seaux criminels portant gravement atteinte \u00e0 l\u2019ordre public et les priver de toutes les sources de financement et des moyens d\u2019approvisionnement et d\u2019enr\u00f4lement, surtout dans un contexte international marqu\u00e9 par l\u2019existence de connexions entre le crime organis\u00e9 et les groupes terroristes, conclut la m\u00eame source.<\/p>\n<p style=\"text-align: justify;\"><i>Source : MAP , selon un communiqu\u00e9 de la DGSN et de la DGST,<\/i><i> <\/i>Maghreb Canada Express,, page 10, <i>Vol. XVI, N\u00b0 09, Septembre-Octobre 2018.<\/i><\/p>\n<h2 style=\"text-align: justify;\">Pour lire\u00a0 l\u2019\u00e9dition de Septembre-Octobre 2018, cliquer sur l\u2019image:<\/h2>\n<div class=\"textwidget\">\n<p style=\"text-align: justify;\"><a href=\"http:\/\/www.maghreb-canada.ca\/journal\/2018\/MCE182-09-2018.pdf\"> <img loading=\"lazy\" decoding=\"async\" class=\"style1 aligncenter\" src=\"http:\/\/www.maghreb-canada.ca\/journal\/2018\/n182.jpg\" alt=\"Maghreb Canada Express\" width=\"176\" height=\"239\" \/><\/a><\/p>\n<\/div>\n","protected":false},"excerpt":{"rendered":"<p>Le Bureau central d\u2019investigations judiciaires (BCIJ), en \u00e9troite collaboration avec les services de la Direction g\u00e9n\u00e9rale de la s\u00fbret\u00e9 nationale (DGSN) et sur la base d\u2019informations pr\u00e9cises fournies par la Direction g\u00e9n\u00e9rale de la surveillance du territoire (DGST), a interpell\u00e9 douze individus accus\u00e9s d\u2019appartenir \u00e0 un r\u00e9seau terroriste et criminel s\u2019activant \u00e0 Tanger et Casablanca. [&hellip;]<\/p>\n","protected":false},"author":1,"featured_media":4028,"comment_status":"closed","ping_status":"closed","sticky":false,"template":"","format":"standard","meta":{"footnotes":""},"categories":[6,8],"tags":[],"class_list":["post-4027","post","type-post","status-publish","format-standard","has-post-thumbnail","hentry","category-maghreb","category-numero-du-mois"],"_links":{"self":[{"href":"https:\/\/maroc-canada.ca\/index.php?rest_route=\/wp\/v2\/posts\/4027","targetHints":{"allow":["GET"]}}],"collection":[{"href":"https:\/\/maroc-canada.ca\/index.php?rest_route=\/wp\/v2\/posts"}],"about":[{"href":"https:\/\/maroc-canada.ca\/index.php?rest_route=\/wp\/v2\/types\/post"}],"author":[{"embeddable":true,"href":"https:\/\/maroc-canada.ca\/index.php?rest_route=\/wp\/v2\/users\/1"}],"replies":[{"embeddable":true,"href":"https:\/\/maroc-canada.ca\/index.php?rest_route=%2Fwp%2Fv2%2Fcomments&post=4027"}],"version-history":[{"count":1,"href":"https:\/\/maroc-canada.ca\/index.php?rest_route=\/wp\/v2\/posts\/4027\/revisions"}],"predecessor-version":[{"id":4029,"href":"https:\/\/maroc-canada.ca\/index.php?rest_route=\/wp\/v2\/posts\/4027\/revisions\/4029"}],"wp:featuredmedia":[{"embeddable":true,"href":"https:\/\/maroc-canada.ca\/index.php?rest_route=\/wp\/v2\/media\/4028"}],"wp:attachment":[{"href":"https:\/\/maroc-canada.ca\/index.php?rest_route=%2Fwp%2Fv2%2Fmedia&parent=4027"}],"wp:term":[{"taxonomy":"category","embeddable":true,"href":"https:\/\/maroc-canada.ca\/index.php?rest_route=%2Fwp%2Fv2%2Fcategories&post=4027"},{"taxonomy":"post_tag","embeddable":true,"href":"https:\/\/maroc-canada.ca\/index.php?rest_route=%2Fwp%2Fv2%2Ftags&post=4027"}],"curies":[{"name":"wp","href":"https:\/\/api.w.org\/{rel}","templated":true}]}}