{"id":4030,"date":"2018-09-23T11:35:49","date_gmt":"2018-09-23T15:35:49","guid":{"rendered":"http:\/\/maghreb-canada.ca\/?p=4030"},"modified":"2018-09-23T11:36:17","modified_gmt":"2018-09-23T15:36:17","slug":"4030","status":"publish","type":"post","link":"https:\/\/maroc-canada.ca\/?p=4030","title":{"rendered":"Francophonie : Pourquoi Micha\u00eblle Jean sollicite-t-elle un second mandat ?"},"content":{"rendered":"<p style=\"text-align: justify;\">L\u2019actuelle secr\u00e9taire g\u00e9n\u00e9rale de la Francophonie, qui arrive en fin de mandat, sollicite un deuxi\u00e8me pour poursuivre et consolider les progr\u00e8s r\u00e9alis\u00e9s jusqu&rsquo;ici dans la mise en \u0153uvre des r\u00e9solutions des Sommets de Kinshasa, en 2012, sur l\u2019\u00e9conomie et le num\u00e9rique et, de Dakar, en 2014, sur les jeunes et les femmes.<\/p>\n<p style=\"text-align: justify;\">D\u00e8s son arriv\u00e9e en fonction, en janvier 2015, Micha\u00eblle Jean a pris \u00e0 bras le corps les chantiers d\u2019action sur le terrain et, de mani\u00e8re structurante, les strat\u00e9gies \u00e9conomique et num\u00e9rique \u00e0 d\u00e9velopper. Elle a su les fusionner en mettant l\u2019accent sur la cr\u00e9ation et la mise en place de strat\u00e9gies et dispositifs en faveur de soutien \u00e0 l\u2019entrepreneuriat comme moteur de croissance \u00e9conomique et d\u2019innovation, et cela au b\u00e9n\u00e9fice de milliers de femmes et de jeunes entrepreneurs, cr\u00e9ateurs d\u2019emplois et de cha\u00eenes de valeurs.<\/p>\n<p style=\"text-align: justify;\">Aujourd\u2019hui, treize pays d\u2019Afrique et de l\u2019Oc\u00e9an indien sont les premiers b\u00e9n\u00e9ficiaires d\u2019un projet pilote qui apporte des r\u00e9ponses concr\u00e8tes aux besoins des populations. Une initiative qu\u2019elle compte poursuivre et l\u2019\u00e9tendre ailleurs dans les pays de la Cara\u00efbe, de l\u2019Asie et du Pacifique, mais aussi d\u2019Europe centrale et orientale qui en sont tous demandeurs.<\/p>\n<p style=\"text-align: justify;\">Nous sommes retourn\u00e9s voir sur le site Internet priv\u00e9 de Micha\u00eblle Jean son plaidoyer de 2014 pour la Francophonie, force est de constater l\u2019engagement, la vision avec lesquels elle a su rallier les chefs d\u2019\u00c9tat et de gouvernement au Sommet de Dakar, gagner leur confiance, et combien elle a su garder le cap sur chacune de ses promesses, les concr\u00e9tiser et m\u00eame les d\u00e9passer.<\/p>\n<p style=\"text-align: justify;\">En effet, Micha\u00eblle Jean est rest\u00e9e fid\u00e8le \u00e0 ses engagements d\u2019il y a quatre ans et n\u2019a cess\u00e9 de se r\u00e9f\u00e9rer, dans son action quotidienne, aux fondamentaux de la Francophonie et d\u2019appliquer, au pied de la lettre, les recommandations de la feuille de route ambitieuse qui lui a \u00e9t\u00e9 assign\u00e9e par les chefs d\u2019\u00c9tat et gouvernement membres de la Francophonie.<\/p>\n<p style=\"text-align: justify;\">Nous avons appris que Micha\u00eblle Jean a, avec ses \u00e9quipes, r\u00e9dig\u00e9 un Rapport d\u00e9taill\u00e9 qu\u2019elle soumettra aux chefs d\u2019\u00c9tat et de gouvernement le 11 octobre prochain \u00e0 Erevan. Rapport dans lequel elle dresse minutieusement un \u00e9tat des lieux d\u2019innovations qu\u2019elle a apport\u00e9es dans la marche de l\u2019Organisation, tout en s&rsquo;effor\u00e7ant de mettre en lumi\u00e8re les r\u00e9alit\u00e9s particuli\u00e8res et les besoins r\u00e9els de cette organisation, dans une d\u00e9marche prospectiviste.<\/p>\n<p style=\"text-align: justify;\">Toutefois, nous prenons la peine de pr\u00e9senter tr\u00e8s bri\u00e8vement ci-dessous un aper\u00e7u de quelques r\u00e9alisations et r\u00e9sultats obtenus en quatre ann\u00e9es, notamment dans le secteur de la jeunesse qui est l\u2019une des plus grandes r\u00e9ussites de son mandat.<\/p>\n<h2 style=\"text-align: justify;\">Implication de la jeunesse francophone<\/h2>\n<p style=\"text-align: justify;\">L\u2019on doit \u00e0 l\u2019OIF, sous l\u2019impulsion de Micha\u00eblle Jean, des programmes audacieux construits de mani\u00e8re transversale avec le souci constant d\u2019int\u00e9gration et d\u2019inclusion de la jeunesse dans toutes les strat\u00e9gies \u00e9labor\u00e9es par l\u2019Organisation. Gr\u00e2ce \u00e0 ses efforts de plaidoyer de haut niveau, \u00e0 sa volont\u00e9 politique et ses actions sur le terrain, Micha\u00eblle Jean a donn\u00e9 une impulsion plus forte \u00e0 la question de la jeunesse au sein de la Francophonie.<\/p>\n<p style=\"text-align: justify;\">Le mouvement \u00ab Libres ensemble \u00bb n\u00e9, le 10 mars 2016, de la volont\u00e9 de Micha\u00eblle Jean d\u2019apporter une r\u00e9ponse concr\u00e8te et positive suite \u00e0 la vague d\u2019attentats qu\u2019ont connus les pays de l\u2019espace francophone, est devenu un r\u00e9el mouvement citoyen qui vise \u00e0 promouvoir la paix comme un droit inali\u00e9nable, la diversit\u00e9 comme une richesse \u00e0 ch\u00e9rir, la solidarit\u00e9 et le vivre \u00ab Libres ensemble \u00bb comme un choix irr\u00e9vocable.<\/p>\n<p style=\"text-align: justify;\">Plus de deux millions de jeunes francophones ont \u00e9t\u00e9 touch\u00e9s par les r\u00e9seaux sociaux ainsi qu\u2019\u00e0 l\u2019aide des projets concrets sur le terrain, dans tout l\u2019espace francophone et dans tous les secteurs d\u2019activit\u00e9s. Partout, des jeunes s\u2019engagent \u00e0 tisser des liens et \u00e0 porter un message d\u2019unit\u00e9 et de solidarit\u00e9, en r\u00e9sistance \u00e0 la tentation du repli sur soi, de la radicalisation et de la barbarie.<\/p>\n<p style=\"text-align: justify;\">Micha\u00eblle Jean s\u2019est impliqu\u00e9e notamment \u00e0 cr\u00e9er les conditions pour favoriser une \u00e9ducation inclusive et de qualit\u00e9 pour tous au sein de l\u2019espace francophone et a mis tout en \u0153uvre pour concr\u00e9tiser la d\u00e9cision du Sommet de Dakar de cr\u00e9er l\u2019Institut de la Francophonie pour l\u2019\u00c9ducation et la Formation (IFEF) &#8211; une autre priorit\u00e9 de son mandat &#8211; qui se positionne comme une institution francophone sp\u00e9cialis\u00e9e, avec une grande valeur ajout\u00e9e qui est celle de fournir l\u2019appui aux \u00c9tats membres pour la r\u00e9alisation de l\u2019Agenda pour l\u2019\u00e9ducation 2030.<\/p>\n<p style=\"text-align: justify;\">\u00c0 ce jour, plusieurs centaines de milliers de jeunes \u00e0 travers l\u2019espace francophone ont d\u00e9j\u00e0 b\u00e9n\u00e9fici\u00e9 de l\u2019apport de l\u2019IFEF en mati\u00e8re de formation professionnelle. Dans un avenir proche, la priorit\u00e9 sera donn\u00e9e \u00e0 la formation professionnelle technique et technologique, \u00e0 l\u2019\u00e9ducation \u00e0 la citoyennet\u00e9, \u00e0 l\u2019insertion professionnelle, \u00e0 la r\u00e9forme des syst\u00e8mes \u00e9ducatifs, \u00e0 la modernisation des contenus et m\u00e9thodes p\u00e9dagogiques, pour une meilleure ad\u00e9quation avec les comp\u00e9tences et les capacit\u00e9s requises sur le march\u00e9 du travail en profonde mutation, avec la r\u00e9volution technologique, le num\u00e9rique et l\u2019\u00e9mergence de nouveaux domaines d\u2019activit\u00e9.<\/p>\n<p style=\"text-align: justify;\">Si l\u2019occasion lui est donn\u00e9e de poursuivre la mise en \u0153uvre de son programme, Micha\u00eblle Jean veut intensifier les actions pour r\u00e9pondre \u00e0 une plus forte demande d\u2019enseignement massif du fran\u00e7ais et en langue fran\u00e7aise, en contexte multilingue et de diversit\u00e9 culturelle et, poursuivre l\u2019objectif de formation de 100 000 enseignants, cadres et formateurs.<\/p>\n<p style=\"text-align: justify;\">Plusieurs observateurs sont d\u2019avis que l\u2019action de l\u2019OIF \u00e0 destination de la jeunesse compte parmi les meilleures r\u00e9ussites de Micha\u00eblle Jean. Jamais, avant elle, la Francophonie n\u2019a su rejoindre, inclure, interpeller et impliquer aussi massivement les jeunes de tout l\u2019espace francophone sur les cinq continents.<\/p>\n<h2 style=\"text-align: justify;\">Que dire de l\u2019action politique et diplomatique ?<\/h2>\n<p style=\"text-align: justify;\">Conform\u00e9ment \u00e0 l\u2019article 1er de la Charte de la Francophonie qui voudrait que l\u2019Organisation puisse accompagner les \u00c9tats membres &#8211; qui partagent la langue fran\u00e7aise et des valeurs universelles -, \u00e0 l\u2019instauration et au d\u00e9veloppement de la d\u00e9mocratie, \u00e0 la pr\u00e9vention, \u00e0 la gestion et au r\u00e8glement des conflits, et au soutien \u00e0 l\u2019\u00c9tat de droit et aux droits de la personne, Micha\u00eblle Jean a su assumer avec conviction cet engagement en d\u00e9ployant plus de 150 missions d\u2019accompagnement de processus \u00e9lectoraux et de m\u00e9diation dans une trentaine de pays. Elle a su positionner l\u2019OIF sur l\u2019\u00e9chiquier multilat\u00e9ral avec des plaidoyers vigoureux entendus et sollicit\u00e9s d\u00e9sormais jusqu\u2019au Conseil de s\u00e9curit\u00e9 de l\u2019ONU et au Parlement europ\u00e9en, sur notamment les op\u00e9rations de maintien de la paix et les questions migratoires.<\/p>\n<h2 style=\"text-align: justify;\">Attractivit\u00e9 de la Francophonie<\/h2>\n<p style=\"text-align: justify;\">Au-del\u00e0 de tout, ce qui rend la Francophonie attractive, ce sont les liens de coop\u00e9ration qu\u2019elle impulse avec une capacit\u00e9 de penser des solutions \u00e0 dimension humaine, de d\u00e9gager et d\u00e9ployer efficacement des expertises aux c\u00f4t\u00e9s des populations et \u00e0 l\u2019enti\u00e8re disposition des \u00c9tats membres. C\u2019est cette fa\u00e7on de toujours travailler en amont et sur le long terme, de mutualiser des efforts face aux urgences qui se multiplient, entre autres les lourds d\u00e9fis s\u00e9curitaires et de maintien de la paix, de pr\u00e9vention et de r\u00e9solution de crises politiques, de consolidation des \u00e9conomies pour plus de stabilit\u00e9 et mieux lutter contre la pauvret\u00e9, d\u2019affronter les effets d\u00e9vastateurs des changements climatiques, etc. Autant de facteurs qui motivent des exodes massifs dans un monde o\u00f9 l\u2019ouverture \u00e0 l\u2019autre prend du plomb dans l\u2019aile.<\/p>\n<p style=\"text-align: justify;\">Sur tous les sujets de pr\u00e9occupations plan\u00e9taires, \u00e9num\u00e9r\u00e9s ci-dessus, Micha\u00eblle Jean est celle qui est bien outill\u00e9e pour faire le plaidoyer vigoureux en faveur de pays de l\u2019espace francophone. Durant son mandat de quatre ans, elle a \u00e9t\u00e9 tr\u00e8s pr\u00e9sente sur toutes les tribunes internationales pour \u00e9voquer de toutes ces questions, et a su positionner l\u2019OIF dans toutes les instances internationales jusqu\u2019au Conseil de s\u00e9curit\u00e9 des Nations unies. De plus, elle a su tenir ses engagements en poursuivant la concr\u00e9tisation de sa feuille de route et, a r\u00e9ussi \u00e0 dynamiser fortement les pays de l\u2019espace francophone, en misant sur une meilleure prise en compte des possibilit\u00e9s, des potentialit\u00e9s sur un pragmatisme nouveau et un esprit de partenariat mobilisateur.<\/p>\n<p style=\"text-align: justify;\">Si \u00e0 Erevan, il n\u2019y a que deux choix, comme il en est le cas pr\u00e9sentement, nous osons croire qu\u2019au soir du 12 octobre prochain, les chefs d&rsquo;\u00c9tat et de gouvernement, au premier rang desquels Emmanuel Macron et Justin Trudeau, sauront, dans leur grande sagesse, privil\u00e9gier l\u2019option de la consolidation des acquis r\u00e9alis\u00e9s jusqu&rsquo;ici, avec l\u2019actuelle secr\u00e9taire g\u00e9n\u00e9rale, pour l&rsquo;int\u00e9r\u00eat sup\u00e9rieur de l&rsquo;Organisation, que de se projeter dans un terrain inconnu et incertain pour l\u2019avenir m\u00eame de la Francophonie.<\/p>\n<p><em>Par Isidore KWANDJA NGEMBO, Politologue, pour Maghreb Canada Express, pages 6 et 7, Vol. XVI, N\u00b0 09, Septembre-Octobre 2018.<\/em><\/p>\n<h2 style=\"text-align: justify;\">Pour lire\u00a0 l\u2019\u00e9dition de Septembre-Octobre 2018, cliquer sur l\u2019image:<\/h2>\n<div class=\"textwidget\">\n<p style=\"text-align: justify;\"><a href=\"http:\/\/www.maghreb-canada.ca\/journal\/2018\/MCE182-09-2018.pdf\"> <img loading=\"lazy\" decoding=\"async\" class=\"style1 aligncenter\" src=\"http:\/\/www.maghreb-canada.ca\/journal\/2018\/n182.jpg\" alt=\"Maghreb Canada Express\" width=\"176\" height=\"239\" \/><\/a><\/p>\n<\/div>\n","protected":false},"excerpt":{"rendered":"<p>L\u2019actuelle secr\u00e9taire g\u00e9n\u00e9rale de la Francophonie, qui arrive en fin de mandat, sollicite un deuxi\u00e8me pour poursuivre et consolider les progr\u00e8s r\u00e9alis\u00e9s jusqu&rsquo;ici dans la mise en \u0153uvre des r\u00e9solutions des Sommets de Kinshasa, en 2012, sur l\u2019\u00e9conomie et le num\u00e9rique et, de Dakar, en 2014, sur les jeunes et les femmes. D\u00e8s son arriv\u00e9e [&hellip;]<\/p>\n","protected":false},"author":1,"featured_media":3839,"comment_status":"closed","ping_status":"closed","sticky":false,"template":"","format":"standard","meta":{"footnotes":""},"categories":[4,6,7,8,13],"tags":[],"class_list":["post-4030","post","type-post","status-publish","format-standard","has-post-thumbnail","hentry","category-canada","category-maghreb","category-monde","category-numero-du-mois","category-tribune-libre"],"_links":{"self":[{"href":"https:\/\/maroc-canada.ca\/index.php?rest_route=\/wp\/v2\/posts\/4030","targetHints":{"allow":["GET"]}}],"collection":[{"href":"https:\/\/maroc-canada.ca\/index.php?rest_route=\/wp\/v2\/posts"}],"about":[{"href":"https:\/\/maroc-canada.ca\/index.php?rest_route=\/wp\/v2\/types\/post"}],"author":[{"embeddable":true,"href":"https:\/\/maroc-canada.ca\/index.php?rest_route=\/wp\/v2\/users\/1"}],"replies":[{"embeddable":true,"href":"https:\/\/maroc-canada.ca\/index.php?rest_route=%2Fwp%2Fv2%2Fcomments&post=4030"}],"version-history":[{"count":2,"href":"https:\/\/maroc-canada.ca\/index.php?rest_route=\/wp\/v2\/posts\/4030\/revisions"}],"predecessor-version":[{"id":4032,"href":"https:\/\/maroc-canada.ca\/index.php?rest_route=\/wp\/v2\/posts\/4030\/revisions\/4032"}],"wp:featuredmedia":[{"embeddable":true,"href":"https:\/\/maroc-canada.ca\/index.php?rest_route=\/wp\/v2\/media\/3839"}],"wp:attachment":[{"href":"https:\/\/maroc-canada.ca\/index.php?rest_route=%2Fwp%2Fv2%2Fmedia&parent=4030"}],"wp:term":[{"taxonomy":"category","embeddable":true,"href":"https:\/\/maroc-canada.ca\/index.php?rest_route=%2Fwp%2Fv2%2Fcategories&post=4030"},{"taxonomy":"post_tag","embeddable":true,"href":"https:\/\/maroc-canada.ca\/index.php?rest_route=%2Fwp%2Fv2%2Ftags&post=4030"}],"curies":[{"name":"wp","href":"https:\/\/api.w.org\/{rel}","templated":true}]}}