{"id":4033,"date":"2018-09-23T11:40:27","date_gmt":"2018-09-23T15:40:27","guid":{"rendered":"http:\/\/maghreb-canada.ca\/?p=4033"},"modified":"2018-09-23T11:40:27","modified_gmt":"2018-09-23T15:40:27","slug":"quebec-elections-generales-provinciales-2018-message-disabelle-melancon-a-lelectorat-de-verdun","status":"publish","type":"post","link":"https:\/\/maroc-canada.ca\/?p=4033","title":{"rendered":"Qu\u00e9bec : \u00c9lections g\u00e9n\u00e9rales provinciales 2018 : Message d\u2019Isabelle Melan\u00e7on \u00e0 l\u2019\u00e9lectorat de Verdun"},"content":{"rendered":"<p style=\"text-align: justify;\">Mari\u00e9e et m\u00e8re de deux enfants, Christophe et Elizabeth, je suis la d\u00e9put\u00e9e de Verdun depuis le 5 d\u00e9cembre 2016. J\u2019ai \u00e0 coeur d\u2019aider les autres et ce depuis ma jeunesse, c\u2019est pourquoi j\u2019ai accept\u00e9 de faire le saut en politique.<\/p>\n<p style=\"text-align: justify;\">En tant que m\u00e8re mais aussi au regard de mon parcours professionnel, l\u2019\u00e9ducation reste ma priorit\u00e9. La jeunesse repr\u00e9sente l\u2019avenir de la soci\u00e9t\u00e9, favoriser la pers\u00e9v\u00e9rance scolaire, c\u2019est contribuer \u00e0 b\u00e2tir un Qu\u00e9bec plus fort et plus prosp\u00e8re. C\u2019est pourquoi je ne pouvais pas laisser Verdun continuer \u00e0 avoir un des plus hauts taux de d\u00e9crochage scolaire au Qu\u00e9bec.<\/p>\n<p style=\"text-align: justify;\">En 18 mois comme \u00e9lue, je suis all\u00e9e chercher une aide additionnelle de plus de 610 000$ pour les organismes en pers\u00e9v\u00e9rance scolaire de la circonscription mais aussi, annoncer l\u2019ouverture d\u2019une 3\u00e8me \u00e9cole \u00e0 l\u2019\u00cele-des-Soeurs.<\/p>\n<p style=\"text-align: justify;\">Je compte naturellement continuer sur cette lanc\u00e9e en misant sur les programmes d\u2019excellence de nos \u00e9coles secondaires et en collaborant avec les organismes en \u00e9ducation si je suis \u00e9lue de nouveau \u00e0 l\u2019issue de l\u2019\u00e9lection du 1 octobre 2018, la r\u00e9ussite de nos enfants est primordiale !<\/p>\n<p style=\"text-align: justify;\">Citons \u00e9galement un autre enjeu essentiel de mon action politique, la sant\u00e9 est une pr\u00e9occupation majeure pour les Qu\u00e9b\u00e9coises et les Qu\u00e9b\u00e9cois. L\u2019ouverture imminente d\u2019un point de service du CLSC \u00e0 l\u2019\u00cele-des-Soeurs, l\u2019implantation d\u2019une super-clinique sur Bannantyne ouverte 12 heures par jour et 7 jours par semaine, le projet de modernisation de l\u2019h\u00f4pital de Verdun (72% de chambres individuelles), tout ceci d\u00e9montre mon engagement et l\u2019efficacit\u00e9 du gouvernement lib\u00e9ral. Ceci permettra ind\u00e9niablement un meilleur acc\u00e8s aux services mais aussi une am\u00e9lioration de la qualit\u00e9 de ces derniers.<\/p>\n<p style=\"text-align: justify;\">Enfin pour terminer, l\u2019acc\u00e8s aux logements sociaux est un aspect \u00e9galement important, je me suis engag\u00e9e \u00e0 travailler avec tous les organismes communautaires. \u00c0 Montr\u00e9al, il y a un manque de terrains puisque ces derniers sont contamin\u00e9s. Les terrains du boulevard Ga\u00e9tan Laberge en sont un parfait exemple. La contamination bloque la construction de logements sociaux mais aussi les futurs projets de garderies \u00e0 Verdun. J\u2019ai annonc\u00e9 \u00e0 titre de ministre de l\u2019Environnement, un montant de 75M$ pour la r\u00e9habilitation des terrains \u00e0 Montr\u00e9al. Cette enveloppe sera g\u00e9r\u00e9e par la ville et j\u2019entends bien collaborer avec les \u00e9lus en place afin que nous puissions b\u00e9n\u00e9ficier de ces sommes pour d\u00e9velopper des projets porteurs rapidement puisque le nombre de logements sociaux \u00e0 Verdun est inf\u00e9rieur \u00e0 la moyenne montr\u00e9alaise, nous avons \u00e0 pr\u00e9sent les moyens d\u2019agir.<\/p>\n<p style=\"text-align: justify;\">Tout ceci a \u00e9t\u00e9 possible en seulement 18 mois. Je veux continuer \u00e0 vous servir, ensemble, continuons sur cette voie.<\/p>\n<p><em>Par Isabelle Melan\u00e7on, pour Maghreb Canada Express, page 5, Vol. XVI, N\u00b0 09, Septembre-Octobre 2018.<\/em><\/p>\n<h2>Pour lire\u00a0 l\u2019\u00e9dition de Septembre-Octobre 2018, cliquer sur l\u2019image:<\/h2>\n<div class=\"textwidget\">\n<p><a href=\"http:\/\/www.maghreb-canada.ca\/journal\/2018\/MCE182-09-2018.pdf\"> <img loading=\"lazy\" decoding=\"async\" class=\"style1 aligncenter\" src=\"http:\/\/www.maghreb-canada.ca\/journal\/2018\/n182.jpg\" alt=\"Maghreb Canada Express\" width=\"176\" height=\"239\" \/><\/a><\/p>\n<\/div>\n<p>&nbsp;<\/p>\n","protected":false},"excerpt":{"rendered":"<p>Mari\u00e9e et m\u00e8re de deux enfants, Christophe et Elizabeth, je suis la d\u00e9put\u00e9e de Verdun depuis le 5 d\u00e9cembre 2016. J\u2019ai \u00e0 coeur d\u2019aider les autres et ce depuis ma jeunesse, c\u2019est pourquoi j\u2019ai accept\u00e9 de faire le saut en politique. En tant que m\u00e8re mais aussi au regard de mon parcours professionnel, l\u2019\u00e9ducation reste [&hellip;]<\/p>\n","protected":false},"author":1,"featured_media":4034,"comment_status":"closed","ping_status":"closed","sticky":false,"template":"","format":"standard","meta":{"footnotes":""},"categories":[4,8],"tags":[],"class_list":["post-4033","post","type-post","status-publish","format-standard","has-post-thumbnail","hentry","category-canada","category-numero-du-mois"],"_links":{"self":[{"href":"https:\/\/maroc-canada.ca\/index.php?rest_route=\/wp\/v2\/posts\/4033","targetHints":{"allow":["GET"]}}],"collection":[{"href":"https:\/\/maroc-canada.ca\/index.php?rest_route=\/wp\/v2\/posts"}],"about":[{"href":"https:\/\/maroc-canada.ca\/index.php?rest_route=\/wp\/v2\/types\/post"}],"author":[{"embeddable":true,"href":"https:\/\/maroc-canada.ca\/index.php?rest_route=\/wp\/v2\/users\/1"}],"replies":[{"embeddable":true,"href":"https:\/\/maroc-canada.ca\/index.php?rest_route=%2Fwp%2Fv2%2Fcomments&post=4033"}],"version-history":[{"count":2,"href":"https:\/\/maroc-canada.ca\/index.php?rest_route=\/wp\/v2\/posts\/4033\/revisions"}],"predecessor-version":[{"id":4044,"href":"https:\/\/maroc-canada.ca\/index.php?rest_route=\/wp\/v2\/posts\/4033\/revisions\/4044"}],"wp:featuredmedia":[{"embeddable":true,"href":"https:\/\/maroc-canada.ca\/index.php?rest_route=\/wp\/v2\/media\/4034"}],"wp:attachment":[{"href":"https:\/\/maroc-canada.ca\/index.php?rest_route=%2Fwp%2Fv2%2Fmedia&parent=4033"}],"wp:term":[{"taxonomy":"category","embeddable":true,"href":"https:\/\/maroc-canada.ca\/index.php?rest_route=%2Fwp%2Fv2%2Fcategories&post=4033"},{"taxonomy":"post_tag","embeddable":true,"href":"https:\/\/maroc-canada.ca\/index.php?rest_route=%2Fwp%2Fv2%2Ftags&post=4033"}],"curies":[{"name":"wp","href":"https:\/\/api.w.org\/{rel}","templated":true}]}}