{"id":4036,"date":"2018-09-23T11:44:19","date_gmt":"2018-09-23T15:44:19","guid":{"rendered":"http:\/\/maghreb-canada.ca\/?p=4036"},"modified":"2018-09-23T11:45:13","modified_gmt":"2018-09-23T15:45:13","slug":"quebec-elections-generales-provinciales-2018-vers-un-gouvernement-minoritaire","status":"publish","type":"post","link":"https:\/\/maroc-canada.ca\/?p=4036","title":{"rendered":"Qu\u00e9bec \/ \u00c9lections g\u00e9n\u00e9rales provinciales 2018 : Vers un gouvernement minoritaire ?"},"content":{"rendered":"<p style=\"text-align: justify;\">Lors d\u2019un entretien\u00a0 avec C\u00e9line Galipeau (Chef d\u2019antenne \u00e0 Radio Canada), ce 18 septembre 2018, le chef du Parti qu\u00e9b\u00e9cois (PQ) M. Jean-Fran\u00e7ois Lis\u00e9e,\u00a0 avait affich\u00e9 un optimisme hors bornes et se voit m\u00eame Premier ministre avec un gouvernement majoritaire.<\/p>\n<p style=\"text-align: justify;\">Un gouvernement p\u00e9quiste majoritaire ce serait peut-\u00eatre r\u00eaver en (2) couleurs. Mais minoritaire ce serait possible : M. Lis\u00e9e vient de d\u00e9montrer qu\u2019il est plut\u00f4t un outsider redoutable. Et pour cause : Lui, qui n\u2019avait rien \u00e0 perdre hier, a tout \u00e0 gagner aujourd\u2019hui&#8230; Surtout eu \u00e9gard \u00e0 sa tr\u00e8s belle campagne \u00e9lectorale (sans doute la plus performante des 4 campagnes jusqu\u2019\u00e0 pr\u00e9sent) et suite \u00e0 la d\u00e9gringolade du parti \u2018<i>Coalition Avenir Qu\u00e9bec<\/i>\u2019\u2019 (CAQ) dans les intentions de vote . En effet, selon\u00a0 le plus r\u00e9cent sondage LCN-L\u00e9ger, la CAQ, qui fut \u00e0 35% dans les intentions de vote il y a une semaine, recule de 4% pour tomber \u00e0 31%. Et le pire pour M. Fran\u00e7ois Legault, c\u2019est que 42% de l\u2019\u00e9lectorat ayant d\u00e9clar\u00e9 leur appui pour son parti estiment pouvoir encore changer d\u2019avis d\u2019ici la date du scrutin !<\/p>\n<h2 style=\"text-align: justify;\"><b>Comment M. Legault en est-il arriv\u00e9 l\u00e0 ? <\/b><\/h2>\n<p style=\"text-align: justify;\">La \u2018<i>\u2019pol\u00e9mique\u2019\u2019 <\/i>autour de l\u2019immigration, qui avait pouss\u00e9 la CAQ, il y a quelques mois, au sommet, s\u2019av\u00e8re maintenant \u00eatre une pente glissante et pourrait m\u00eame <i>s\u2019avaler de travers <\/i>par la majorit\u00e9 de l\u2019\u00e9lectorat qu\u00e9b\u00e9cois de souche, et ce, malgr\u00e9 le fait qu\u2019un tr\u00e8s grand nombre parmi eux est d\u2019accord avec M. Legault sur le principe.<\/p>\n<h2 style=\"text-align: justify;\"><b>Ce serait la forme qui \u2018\u2019manquerait le plus\u2019. <\/b><\/h2>\n<p style=\"text-align: justify;\">En effet, seulement 8% des qu\u00e9b\u00e9cois souhaiteraient l\u2019augmentation du nombre d\u2019immigrants; 39% parmi eux adh\u00e8rent au maintien du seuil actuel et 45% estiment carr\u00e9ment qu\u2019il faut diminuer l\u2019immigration, et ce, malgr\u00e9 l\u2019appel des entreprises qui crient \u00e0 la carence de la main d\u2019\u0153uvre \u00e0 m\u00eame les r\u00e9gions !<\/p>\n<p style=\"text-align: justify;\">Pourquoi ? N\u2019en d\u00e9plaise : C\u2019est la peur de l\u2019autre . Et consciemment ou inconsciemment la CAQ avait surf\u00e9 sur cette vague de la peur et de l\u2019ignorance de l\u2019Autre pour se d\u00e9marquer ; Ce qui ne va pas sans nous rappeler le code de conduite d\u2019H\u00e9rouxville dont l\u2019un des auteurs (Feu Andr\u00e9 Drouin) nous avait affirm\u00e9 (en 2007) qu\u2019un article (<i>qui stipule qu\u2019il ne faut pas qu\u2019un immigrant dilapide une femme dans cette ville<\/i>) fut adopt\u00e9 \u2018<i>\u2019\u2019juste pour rire\u2019\u2019\u00a0 <\/i>!<\/p>\n<h2 style=\"text-align: justify;\"><b>Or il n\u2019y a pas de quoi rire&#8230;<\/b><\/h2>\n<p style=\"text-align: justify;\">Malgr\u00e9 tous ces chiffres, l\u2019\u00e9lectorat qu\u00e9b\u00e9cois (et c\u2019est tout en son honneur) dig\u00e8re mal le test des valeurs propos\u00e9 par M. Legault dont les cons\u00e9quences le rendraient plus un test d\u2019expulsion qu\u2019un test d\u2019insertion. Et certains anciens immigrants (et n\u00e9o qu\u00e9b\u00e9cois) de sugg\u00e9rer \u00e0 M. Legault de passer lui-m\u00eame un test sur la Charte de la D\u00e9claration Universelle des Droits de la Personne; test qui, selon eux, il risquerait d\u2019\u00e9chouer ; lui qui ne savait m\u00eame pas qu\u2019elle province canadienne est bilingue (le Nouveau-Brunswick) !<\/p>\n<p style=\"text-align: justify;\">Outre ce croque-en-jambe auto-inflig\u00e9 par M. Legault \u00e0 lui-m\u00eame, et au fur et \u00e0 mesure que la campagne avance, ce dernier s\u2019est mis \u00e0 dos (pour ne citer que ceux-ci) les environnementalistes, la fonction publique et ceux et celles qui ont horreur de voir le patronat prendre le pouvoir .<\/p>\n<h2 style=\"text-align: justify;\"><b>Un gouvernement minoritaire&#8230; Mais de quelle couleur ?<\/b><\/h2>\n<p style=\"text-align: justify;\">Cependant, et malgr\u00e9 ces d\u00e9boires, la CAQ a des chances de former le prochain gouvernement (surement minoritaire&#8230; Probablement majoritaire) car le Qu\u00e9b\u00e9cois moyen francophone veut du changement et, t\u00eatu comme il l\u2019est, il risque d\u2019y arriver. Or le Parti lib\u00e9ral du Qu\u00e9bec (PLQ)\u00a0 semble, pour cet \u00e9lectorat, loin de pr\u00e9senter ce changement; du moment qu\u2019il fait du surplace au Pouvoir depuis ben longtemps avec toutes les cons\u00e9quences et sans r\u00e9sultats probants pour un bon nombre..<\/p>\n<p style=\"text-align: justify;\">Certes, Les non-francophones ainsi que les 55 ans et plus ont d\u00e9j\u00e0 rejoint les rangs du PLQ par peur, par conviction ou tout simplement par ignorance.\u00a0 Mais chez les francophones, la CAQ r\u00e9colte toujours 36% des intentions de vote. Et&#8230; devinez qui arrive en seconde place avec 26% d\u2019intention de vote? Le PQ ! Et c\u2019est ce vote qui risque d\u2019\u00eatre d\u00e9cisif dans cette \u00e9lection !<\/p>\n<p style=\"text-align: justify;\">Autre r\u00e9v\u00e9lation du sondage cit\u00e9 ci-dessus : 38% de la totalit\u00e9 des \u00e9lecteurs (acquis pour l\u2019un ou l\u2019autre des 4 partis en lice) pourraient encore changer d&rsquo;id\u00e9e.<\/p>\n<p style=\"text-align: justify;\">Jean-Fran\u00e7ois Lis\u00e9e ne le sait que trop. Il sait aussi que l\u00e0 o\u00f9 il a des chances de r\u00e9colter des voix , ce n\u2019est pas chez les sympathisants du PLQ, mais plut\u00f4t chez les 42% des \u00e9lecteurs et \u00e9lectrices ayant apport\u00e9 leur appui \u00e0 la CAQ mais qui se d\u00e9clarent pr\u00e8s\u00a0 \u00e0 changer d\u2019all\u00e9geance. D\u2019o\u00f9 l\u2019 animosit\u00e9 de J.F. Lis\u00e9e contre la CAQ apr\u00e8s la publication des r\u00e9sultats\u00a0 du sondage ci-haut : \u2018\u2019Voter pour la CAQ, c\u2019est (x) fois pire que de voter pour le PLQ\u00a0\u2019\u2019\u00a0 selon lui !<\/p>\n<p style=\"text-align: justify;\">Mais M. Lis\u00e9e, malgr\u00e9 ses d\u00e9clarations optimistes , sait que prendre le Pouvoir passe par Qu\u00e9bec Solidaire. Et c\u2019est justement ce parti qui r\u00e9colte 14 % des intentions de vote, en hausse de trois points, et qui pourrait faire la balance du pouvoir&#8230; Certainement pas pour M. Legault, mais pour le PLQ et surtout pour le PQ\u00a0!<\/p>\n<p style=\"text-align: justify;\"><em>Par A. El Fouladi, pour Maghreb Canada Express, page 3, Vol. XVI, N\u00b0 09, Septembre-Octobre 2018.<\/em><\/p>\n<h2 style=\"text-align: justify;\">Pour lire\u00a0 l\u2019\u00e9dition de Septembre-Octobre 2018, cliquer sur l\u2019image:<\/h2>\n<div class=\"textwidget\">\n<p style=\"text-align: justify;\"><a href=\"http:\/\/www.maghreb-canada.ca\/journal\/2018\/MCE182-09-2018.pdf\"> <img loading=\"lazy\" decoding=\"async\" class=\"style1 aligncenter\" src=\"http:\/\/www.maghreb-canada.ca\/journal\/2018\/n182.jpg\" alt=\"Maghreb Canada Express\" width=\"176\" height=\"239\" \/><\/a><\/p>\n<\/div>\n","protected":false},"excerpt":{"rendered":"<p>Lors d\u2019un entretien\u00a0 avec C\u00e9line Galipeau (Chef d\u2019antenne \u00e0 Radio Canada), ce 18 septembre 2018, le chef du Parti qu\u00e9b\u00e9cois (PQ) M. Jean-Fran\u00e7ois Lis\u00e9e,\u00a0 avait affich\u00e9 un optimisme hors bornes et se voit m\u00eame Premier ministre avec un gouvernement majoritaire. Un gouvernement p\u00e9quiste majoritaire ce serait peut-\u00eatre r\u00eaver en (2) couleurs. Mais minoritaire ce serait [&hellip;]<\/p>\n","protected":false},"author":1,"featured_media":899,"comment_status":"closed","ping_status":"closed","sticky":false,"template":"","format":"standard","meta":{"footnotes":""},"categories":[4,8,13],"tags":[],"class_list":["post-4036","post","type-post","status-publish","format-standard","has-post-thumbnail","hentry","category-canada","category-numero-du-mois","category-tribune-libre"],"_links":{"self":[{"href":"https:\/\/maroc-canada.ca\/index.php?rest_route=\/wp\/v2\/posts\/4036","targetHints":{"allow":["GET"]}}],"collection":[{"href":"https:\/\/maroc-canada.ca\/index.php?rest_route=\/wp\/v2\/posts"}],"about":[{"href":"https:\/\/maroc-canada.ca\/index.php?rest_route=\/wp\/v2\/types\/post"}],"author":[{"embeddable":true,"href":"https:\/\/maroc-canada.ca\/index.php?rest_route=\/wp\/v2\/users\/1"}],"replies":[{"embeddable":true,"href":"https:\/\/maroc-canada.ca\/index.php?rest_route=%2Fwp%2Fv2%2Fcomments&post=4036"}],"version-history":[{"count":2,"href":"https:\/\/maroc-canada.ca\/index.php?rest_route=\/wp\/v2\/posts\/4036\/revisions"}],"predecessor-version":[{"id":4038,"href":"https:\/\/maroc-canada.ca\/index.php?rest_route=\/wp\/v2\/posts\/4036\/revisions\/4038"}],"wp:featuredmedia":[{"embeddable":true,"href":"https:\/\/maroc-canada.ca\/index.php?rest_route=\/wp\/v2\/media\/899"}],"wp:attachment":[{"href":"https:\/\/maroc-canada.ca\/index.php?rest_route=%2Fwp%2Fv2%2Fmedia&parent=4036"}],"wp:term":[{"taxonomy":"category","embeddable":true,"href":"https:\/\/maroc-canada.ca\/index.php?rest_route=%2Fwp%2Fv2%2Fcategories&post=4036"},{"taxonomy":"post_tag","embeddable":true,"href":"https:\/\/maroc-canada.ca\/index.php?rest_route=%2Fwp%2Fv2%2Ftags&post=4036"}],"curies":[{"name":"wp","href":"https:\/\/api.w.org\/{rel}","templated":true}]}}