{"id":4049,"date":"2018-10-09T18:15:09","date_gmt":"2018-10-09T22:15:09","guid":{"rendered":"http:\/\/maghreb-canada.ca\/?p=4049"},"modified":"2018-10-09T18:31:04","modified_gmt":"2018-10-09T22:31:04","slug":"francophonie-canada-renouvelle-son-soutien-a-michaelle-jean-et-plaide-pour-des-valeurs-democratiques","status":"publish","type":"post","link":"https:\/\/maroc-canada.ca\/?p=4049","title":{"rendered":"Francophonie : Le Canada renouvelle son soutien \u00e0 Micha\u00eblle Jean et plaide pour des valeurs d\u00e9mocratiques"},"content":{"rendered":"<p style=\"text-align: justify;\"><a href=\"http:\/\/maroc-canada.ca\/wp-content\/uploads\/2018\/10\/mj-e1539124210829.jpg\"><img loading=\"lazy\" decoding=\"async\" class=\"alignleft size-full wp-image-4052\" src=\"http:\/\/maroc-canada.ca\/wp-content\/uploads\/2018\/10\/mj-e1539124210829.jpg\" alt=\"mj\" width=\"350\" height=\"288\" \/><\/a>Les d\u00e9l\u00e9gations repr\u00e9sentant les quatre gouvernements du Canada membres de l&rsquo;Organisation internationale de la Francophonie (OIF) vont au Sommet d&rsquo;Erevan avec la m\u00eame la d\u00e9termination de promouvoir la langue fran\u00e7aise et pr\u00e9server les valeurs fondamentales que se doivent de d\u00e9fendre \u00e0 tout prix la Francophonie.<\/p>\n<p style=\"text-align: justify;\">Des valeurs cardinales telles que la primaut\u00e9 du droit, le respect des droits de la personne, la d\u00e9mocratie et la libert\u00e9 d&rsquo;expression, qui sont ch\u00e8res aux yeux des Canadiens, et que le Canada n&rsquo;a de cesse de promouvoir au sein de l&rsquo;OIF.<\/p>\n<p style=\"text-align: justify;\">Avant de s&rsquo;envoler pour Erevan o\u00f9 elle doit participer \u00e0 la Conf\u00e9rence minist\u00e9rielle de la Francophonie (CMF), les 08 et 09 octobre, la ministre canadienne du Tourisme, des Langues officielles et de la Francophonie, M\u00e9lanie Joly, a tenue \u00e0 pr\u00e9ciser clairement l&rsquo;importance de d\u00e9fendre, de renforcer et de promouvoir les valeurs de la Charte de la Francophonie et l&rsquo;usage de la langue fran\u00e7aise \u00e0 l&rsquo;international : \u00ab <em>Le Canada accorde, comme toujours, une grande importance aux valeurs de la Francophonie, dont la promotion de la paix, la d\u00e9mocratie et les droits de la personne [&#8230;] Ces valeurs seront au c\u0153ur de nos interventions lors du Sommet de la Francophonie<\/em> \u00bb, dixit la ministre canadienne en charge de la Francophonie.<\/p>\n<p style=\"text-align: justify;\">Le premier ministre du Canada, Justin Trudeau, qui devra, lui aussi, participer au Sommet de chefs d&rsquo;\u00c9tat et de gouvernement, les 11 et 12 octobre \u00e0 Erevan, a \u00e9galement indiqu\u00e9 que la Francophonie joue un r\u00f4le de premier plan pour d\u00e9fendre des valeurs communes, et que, le Canada engage \u00e0 d\u00e9fendre les droits de la personne, la d\u00e9mocratie et l&rsquo;Etat de droit : \u00ab <em>Vivre ensemble dans la solidarit\u00e9, le partage des valeurs humanistes et le respect de la diversit\u00e9 : source de paix et de prosp\u00e9rit\u00e9 pour l&rsquo;espace francophone<\/em> \u00bb, a soulign\u00e9 Justin Trudeau.<\/p>\n<p style=\"text-align: justify;\">L&rsquo;enjeu de ce Sommet d&rsquo;Erevan est donc double pour les d\u00e9l\u00e9gations canadiennes, mais \u00e9galement pour tous les autres \u00c9tats d\u00e9mocratiques, qui doivent parler d&rsquo;une voix ferme et sans \u00e9quivoque :<\/p>\n<p style=\"text-align: justify;\">Premi\u00e8rement, pour d\u00e9fendre les valeurs fondamentales qui sont au c\u0153ur m\u00eame de la raison d&rsquo;\u00eatre de l&rsquo;OIF, constituent le socle sur lequel se construit l&rsquo;action de cette Organisation et font d&rsquo;elle, une institution internationale s\u00e9rieuse aux yeux du monde entier et respectueuse des principes d\u00e9mocratiques dans le monde francophone.<\/p>\n<p style=\"text-align: justify;\">Deuxi\u00e8mement, pour essayer de convaincre les autres \u00c9tats et gouvernements membres, de la n\u00e9cessit\u00e9 de choisir, \u00e0 la t\u00eate de cette pr\u00e9cieuse organisation, une personne respectueuse des droits de la personne humaine et des principes d\u00e9mocratiques. Une telle personne serait plus encline \u00e0 d\u00e9fendre vigoureusement les principes d\u00e9mocratiques, le respect des droits fondamentaux de la personne, l&rsquo;\u00c9tat de droit et les libert\u00e9s individuelles dans tout l&rsquo;espace francophone.<\/p>\n<p style=\"text-align: justify;\">En effet, il y a une tentative tr\u00e8s inqui\u00e9tante de la part de certains \u00c9tats de vouloir remettre en question les fondamentaux qui, depuis de dizaines d&rsquo;ann\u00e9es, ont fait la force de la Francophonie, en pla\u00e7ant \u00e0 sa t\u00eate la personne qui n&rsquo;a rien \u00e0 voir, ni avec la d\u00e9fense de la langue fran\u00e7aise dans le monde, ni avec la promotion des droits de la personne et des principes d\u00e9mocratiques.<\/p>\n<p style=\"text-align: justify;\">Le Canada des Casques bleus, le Canada qui s&rsquo;insurge courageusement contre les violations des droits de la personne en Arabie Saoudite, le Canada qui l\u00e8ve le tabou et prend la d\u00e9fense des minorit\u00e9s LGBTQ, le Canada qui brandit les droits et les libert\u00e9s sans ambages, est attendu de pied ferme \u00e0 Erevan par la Francophonie des peuples, des droits et des libert\u00e9s. Il ne doit donc pas c\u00e9der aux pressions exerc\u00e9es par certains pays qui veulent se servir de l&rsquo;OIF pour leurs int\u00e9r\u00eats inavou\u00e9s. Il doit r\u00e9sister aux tentatives de chantage exerc\u00e9es sur lui pour sacrifier ou remettre en question les valeurs fondamentales pr\u00f4n\u00e9es par l&rsquo;OIF et qui sont ch\u00e8res aux yeux des Canadiens.<\/p>\n<h2 style=\"text-align: justify;\"><strong>Le premier ministre Legault devrait clarifier sa position<\/strong><\/h2>\n<p style=\"text-align: justify;\">C&rsquo;est ici l&rsquo;occasion de lancer un appel vibrant au nouveau premier ministre du Qu\u00e9bec, Fran\u00e7ois Legault, qui semble h\u00e9siter \u00e0 apporter son appui ferme au renouvellement du mandat de sa concitoyenne, de clarifier, lui aussi, sa position sans ambigu\u00eft\u00e9, embo\u00eeter les pas \u00e0 Justin Trudeau, se donner les coud\u00e9es franches pour r\u00e9sister aux pressions et d\u00e9fendre les valeurs fondamentales ch\u00e8res aux yeux des Qu\u00e9b\u00e9cois.<\/p>\n<p style=\"text-align: justify;\">Le Qu\u00e9bec est un acteur majeur qui contribue beaucoup au budget de l&rsquo;OIF. \u00c0 ce titre, son premier ministre, nouvellement \u00e9lu, a bien raison de chercher \u00e0 savoir comment est d\u00e9pens\u00e9 l&rsquo;argent du contribuable qu\u00e9b\u00e9cois, allou\u00e9 chaque ann\u00e9e \u00e0 cette organisation.<\/p>\n<p style=\"text-align: justify;\">En effet, il y a quelques mois, sur instruction de Micha\u00eblle Jean, l&rsquo;OIF a mis en place un Groupe de travail sur la transparence pour justement d\u00e9celer les faiblesses \u00e9ventuelles et les corriger rapidement afin d&rsquo;assurer une gestion efficiente, efficace et \u00e9conome au cours des ann\u00e9es \u00e0 venir. Et, c&rsquo;est le Qu\u00e9bec qui a \u00e9t\u00e9 charg\u00e9 de pr\u00e9sider cette commission.<\/p>\n<p style=\"text-align: justify;\">C&rsquo;est donc une opportunit\u00e9 que le Qu\u00e9bec devrait saisir pour apporter son expertise, en contribuant \u00e0 moderniser les politiques de l&rsquo;OIF en mati\u00e8re de transparence, d\u00e9finir les r\u00e8gles et les normes les plus \u00e9lev\u00e9es de gestion et reddition de comptes, d\u00e9velopper les bonnes pratiques et cr\u00e9er des conditions favorables \u00e0 une saine gestion des ressources de cette organisation.<\/p>\n<p style=\"text-align: justify;\">Ceci dit, il ne faut donc pas oublier, ni perdre de vue que le plus important pour l&rsquo;avenir de l&rsquo;OIF ce sont des valeurs fondamentales telles que la d\u00e9mocratie, la primaut\u00e9 du droit, le respect des droits de la personne, que les \u00c9tats membres doivent \u00e0 tout prix prot\u00e9ger.<\/p>\n<p style=\"text-align: justify;\">L&rsquo;enjeu du XVIe Sommet de la Francophonie est beaucoup plus grand et complexe que le seul aspect de la gestion interne de l&rsquo;organisation. Il est question ici de choisir entre, l&rsquo;une et l&rsquo;autre, de deux candidates : Micha\u00eblle Jean, secr\u00e9taire g\u00e9n\u00e9rale sortante qui connait bien l&rsquo;organisation et a fait ses preuves notamment dans la promotion de la langue fran\u00e7aise et la d\u00e9fense courageuse des droits de la personne et des principes d\u00e9mocratiques, d&rsquo;une part, et Louise Mushikiwabo, ministre des Affaires \u00e9trang\u00e8res du Rwanda et num\u00e9ro deux d&rsquo;un r\u00e9gime autoritaire, qui a le pire bilan en mati\u00e8re de respect des droits de la personne et des principes d\u00e9mocratiques, et a banni l&rsquo;usage de la langue fran\u00e7aise dans l&rsquo;enseignement et l&rsquo;administration publique dans son pays : \u00ab <em>au Rwanda, le fran\u00e7ais ne va nulle part<\/em> \u00bb dixit-elle, d&rsquo;autre part.<\/p>\n<p style=\"text-align: justify;\">Bien plus alarmant encore pour l&rsquo;OIF, il y a quelques jours pass\u00e9s, Louise Mushikiwabo, qui \u00e9tait l&rsquo;invit\u00e9e de Patrick Simonin, a avou\u00e9 sur le plateau de la t\u00e9l\u00e9vision TV5 que : \u00a0\u00bb <em>Je ne connais pas encore assez l&rsquo;organisation (OIF) pour \u00e9mettre des avis<\/em>&#8230;\u00a0\u00bb. Cela prouve \u00e0 suffisance que la Francophonie n&rsquo;a jamais \u00e9t\u00e9 parmi ses pr\u00e9occupations. Sinon, comment la ministre des Affaires \u00e9trang\u00e8res du Rwanda depuis bient\u00f4t dix ans, peut-elle expliquer sa m\u00e9connaissance de l&rsquo;OIF, elle qui si\u00e8ge r\u00e9guli\u00e8rement \u00e0 la Conf\u00e9rence minist\u00e9rielle de la Francophone (CMF) &#8211; une des trois instances consacr\u00e9es par la Charte de la Francophonie pour veiller \u00e0 l&rsquo;ex\u00e9cution des d\u00e9cisions de Sommets de la Francophonie -, et pr\u00e9tendre diriger cette organisation ?<\/p>\n<p style=\"text-align: justify;\">Il n&rsquo;est donc pas question pour le Canada, le Qu\u00e9bec et de bien d&rsquo;autres \u00c9tats d\u00e9mocratiques de cautionner, de quelque fa\u00e7on que ce soit, une telle candidature, simplement parce que les m\u00e9dias ont, \u00e0 tort ou \u00e0 raison, relev\u00e9 quelques faiblesses dans la gestion et l&rsquo;administration de la secr\u00e9taire g\u00e9n\u00e9rale sortante, qui a abattu un travail de titan en quatre ans.<\/p>\n<p style=\"text-align: justify;\">Tous les \u00c9tats et gouvernements membres qui ont encore quelques h\u00e9sitations quant \u00e0 la gestion interne de l&rsquo;organisation, peuvent \u00eatre assur\u00e9s que si Micha\u00eblle Jean est r\u00e9\u00e9lue, elle sera appel\u00e9e \u00e0 renforcer et \u00e0 mettre en place des \u00e9quipes de travail dynamiques et talentueuses pour l&rsquo;aider \u00e0 atteindre ses objectifs d&rsquo;assurer une gestion transparence et la reddition de comptes. De toute fa\u00e7on, Micha\u00eblle Jean n&rsquo;aura pas d&rsquo;autre choix que de restructurer, renouveler son administration et renforcer ses \u00e9quipes pour r\u00e9pondre aux pr\u00e9occupations exprim\u00e9es par les \u00c9tats membres.<\/p>\n<p style=\"text-align: justify;\"><strong>Isidore KWANDJA NGEMBO, <\/strong><em>Politologue et ancien conseiller \u00e0 la direction Afrique du minist\u00e8re des Affaires \u00e9trang\u00e8res du Canada <\/em><\/p>\n","protected":false},"excerpt":{"rendered":"<p>Les d\u00e9l\u00e9gations repr\u00e9sentant les quatre gouvernements du Canada membres de l&rsquo;Organisation internationale de la Francophonie (OIF) vont au Sommet d&rsquo;Erevan avec la m\u00eame la d\u00e9termination de promouvoir la langue fran\u00e7aise et pr\u00e9server les valeurs fondamentales que se doivent de d\u00e9fendre \u00e0 tout prix la Francophonie. Des valeurs cardinales telles que la primaut\u00e9 du droit, le [&hellip;]<\/p>\n","protected":false},"author":1,"featured_media":4052,"comment_status":"closed","ping_status":"closed","sticky":false,"template":"","format":"standard","meta":{"footnotes":""},"categories":[4,6,7,8,13],"tags":[],"class_list":["post-4049","post","type-post","status-publish","format-standard","has-post-thumbnail","hentry","category-canada","category-maghreb","category-monde","category-numero-du-mois","category-tribune-libre"],"_links":{"self":[{"href":"https:\/\/maroc-canada.ca\/index.php?rest_route=\/wp\/v2\/posts\/4049","targetHints":{"allow":["GET"]}}],"collection":[{"href":"https:\/\/maroc-canada.ca\/index.php?rest_route=\/wp\/v2\/posts"}],"about":[{"href":"https:\/\/maroc-canada.ca\/index.php?rest_route=\/wp\/v2\/types\/post"}],"author":[{"embeddable":true,"href":"https:\/\/maroc-canada.ca\/index.php?rest_route=\/wp\/v2\/users\/1"}],"replies":[{"embeddable":true,"href":"https:\/\/maroc-canada.ca\/index.php?rest_route=%2Fwp%2Fv2%2Fcomments&post=4049"}],"version-history":[{"count":4,"href":"https:\/\/maroc-canada.ca\/index.php?rest_route=\/wp\/v2\/posts\/4049\/revisions"}],"predecessor-version":[{"id":4054,"href":"https:\/\/maroc-canada.ca\/index.php?rest_route=\/wp\/v2\/posts\/4049\/revisions\/4054"}],"wp:featuredmedia":[{"embeddable":true,"href":"https:\/\/maroc-canada.ca\/index.php?rest_route=\/wp\/v2\/media\/4052"}],"wp:attachment":[{"href":"https:\/\/maroc-canada.ca\/index.php?rest_route=%2Fwp%2Fv2%2Fmedia&parent=4049"}],"wp:term":[{"taxonomy":"category","embeddable":true,"href":"https:\/\/maroc-canada.ca\/index.php?rest_route=%2Fwp%2Fv2%2Fcategories&post=4049"},{"taxonomy":"post_tag","embeddable":true,"href":"https:\/\/maroc-canada.ca\/index.php?rest_route=%2Fwp%2Fv2%2Ftags&post=4049"}],"curies":[{"name":"wp","href":"https:\/\/api.w.org\/{rel}","templated":true}]}}