{"id":4070,"date":"2018-10-25T11:47:07","date_gmt":"2018-10-25T15:47:07","guid":{"rendered":"http:\/\/maghreb-canada.ca\/?p=4070"},"modified":"2018-10-25T12:15:15","modified_gmt":"2018-10-25T16:15:15","slug":"maroc-mre-deuxieme-edition-de-luniversite-dhiver-2018","status":"publish","type":"post","link":"https:\/\/maroc-canada.ca\/?p=4070","title":{"rendered":"Maroc \/ MRE : Inscription \u00e0 la Deuxi\u00e8me \u00e9dition de l&rsquo;Universit\u00e9 d&rsquo;Hiver 2018"},"content":{"rendered":"<p style=\"text-align: justify;\"><strong><a href=\"http:\/\/maroc-canada.ca\/wp-content\/uploads\/2018\/10\/mcmream-e1540482375510.jpg\"><img loading=\"lazy\" decoding=\"async\" class=\"alignleft wp-image-4071\" src=\"http:\/\/maroc-canada.ca\/wp-content\/uploads\/2018\/10\/mcmream-e1540482375510.jpg\" alt=\"logo amaz\" width=\"92\" height=\"99\" \/><\/a>Le Consulat G\u00e9n\u00e9ral du Royaume du Maroc \u00e0 Montr\u00e9al a le plaisir d\u2019informer la communaut\u00e9 marocaine \u00e9tablie au Canada que le Minist\u00e8re D\u00e9l\u00e9gu\u00e9 aupr\u00e8s du Ministre des Affaires \u00c9trang\u00e8res et de la Coop\u00e9ration Internationale, charg\u00e9 des Marocains R\u00e9sidant \u00e0 l\u2019\u00c9tranger et des Affaires de la Migration, organise du \u00a0<u>19 au 24 D\u00e9cembre 2018<\/u>, la deuxi\u00e8me \u00e9dition de l\u2019Universit\u00e9 d\u2019Hiver, au profit des \u00e9tudiants marocains r\u00e9sidant \u00e0 l\u2019\u00e9tranger, \u00e2g\u00e9s entre 18 et 25 ans.<\/strong><\/p>\n<p style=\"text-align: justify;\"><strong>Les candidats int\u00e9ress\u00e9s par cette activit\u00e9 sont invit\u00e9s \u00e0 consulter le site web dudit Minist\u00e8re par le biais du lien \u00e9lectronique cit\u00e9 ci- dessous afin de t\u00e9l\u00e9charger le formulaire de participation et de s\u2019enqu\u00e9rir des conditions d\u2019admission et des documents requis.<\/strong><\/p>\n<p style=\"text-align: justify;\">Cliquer sur le lien pour l&rsquo;inscription : <strong><a href=\"http:\/\/universitemcmream.ma\/\">http:\/\/universitemcmream.ma\/<\/a><\/strong><\/p>\n<h2 style=\"text-align: justify;\">Il convient de signaler que la date limite d\u2019inscription est le <u>07\/11\/2018.<\/u><\/h2>\n<p>Source : Consulat G\u00e9n\u00e9ral du Royaume du Maroc \u00e0 Montr\u00e9al.<\/p>\n<p>&nbsp;<\/p>\n","protected":false},"excerpt":{"rendered":"<p>Le Consulat G\u00e9n\u00e9ral du Royaume du Maroc \u00e0 Montr\u00e9al a le plaisir d\u2019informer la communaut\u00e9 marocaine \u00e9tablie au Canada que le Minist\u00e8re D\u00e9l\u00e9gu\u00e9 aupr\u00e8s du Ministre des Affaires \u00c9trang\u00e8res et de la Coop\u00e9ration Internationale, charg\u00e9 des Marocains R\u00e9sidant \u00e0 l\u2019\u00c9tranger et des Affaires de la Migration, organise du \u00a019 au 24 D\u00e9cembre 2018, la deuxi\u00e8me [&hellip;]<\/p>\n","protected":false},"author":1,"featured_media":4071,"comment_status":"closed","ping_status":"closed","sticky":false,"template":"","format":"standard","meta":{"footnotes":""},"categories":[4,5,7,8],"tags":[],"class_list":["post-4070","post","type-post","status-publish","format-standard","has-post-thumbnail","hentry","category-canada","category-immigration","category-monde","category-numero-du-mois"],"_links":{"self":[{"href":"https:\/\/maroc-canada.ca\/index.php?rest_route=\/wp\/v2\/posts\/4070","targetHints":{"allow":["GET"]}}],"collection":[{"href":"https:\/\/maroc-canada.ca\/index.php?rest_route=\/wp\/v2\/posts"}],"about":[{"href":"https:\/\/maroc-canada.ca\/index.php?rest_route=\/wp\/v2\/types\/post"}],"author":[{"embeddable":true,"href":"https:\/\/maroc-canada.ca\/index.php?rest_route=\/wp\/v2\/users\/1"}],"replies":[{"embeddable":true,"href":"https:\/\/maroc-canada.ca\/index.php?rest_route=%2Fwp%2Fv2%2Fcomments&post=4070"}],"version-history":[{"count":4,"href":"https:\/\/maroc-canada.ca\/index.php?rest_route=\/wp\/v2\/posts\/4070\/revisions"}],"predecessor-version":[{"id":4075,"href":"https:\/\/maroc-canada.ca\/index.php?rest_route=\/wp\/v2\/posts\/4070\/revisions\/4075"}],"wp:featuredmedia":[{"embeddable":true,"href":"https:\/\/maroc-canada.ca\/index.php?rest_route=\/wp\/v2\/media\/4071"}],"wp:attachment":[{"href":"https:\/\/maroc-canada.ca\/index.php?rest_route=%2Fwp%2Fv2%2Fmedia&parent=4070"}],"wp:term":[{"taxonomy":"category","embeddable":true,"href":"https:\/\/maroc-canada.ca\/index.php?rest_route=%2Fwp%2Fv2%2Fcategories&post=4070"},{"taxonomy":"post_tag","embeddable":true,"href":"https:\/\/maroc-canada.ca\/index.php?rest_route=%2Fwp%2Fv2%2Ftags&post=4070"}],"curies":[{"name":"wp","href":"https:\/\/api.w.org\/{rel}","templated":true}]}}